{"id":47796,"date":"2025-08-21T18:21:12","date_gmt":"2025-08-22T00:21:12","guid":{"rendered":"https:\/\/labestiapolitica.com.mx\/?p=47796"},"modified":"2025-08-21T18:21:12","modified_gmt":"2025-08-22T00:21:12","slug":"concluye-su-formacion-nueva-generacion-de-abogados-en-la-uatx","status":"publish","type":"post","link":"https:\/\/labestiapolitica.com.mx\/?p=47796","title":{"rendered":"Concluye su formaci\u00f3n nueva generaci\u00f3n de abogados en la UATx."},"content":{"rendered":"<ul>\n<li style=\"font-weight: 400; text-align: justify;\">Egresados fortalecen el compromiso acad\u00e9mico y social de la Universidad: Rector<\/li>\n<\/ul>\n<p style=\"font-weight: 400; text-align: justify;\">El Doctor Seraf\u00edn Ortiz Ortiz, Rector de la Universidad Aut\u00f3noma de Tlaxcala (UATx), presidi\u00f3 la solemne ceremonia de graduaci\u00f3n de 109 estudiantes de la Licenciatura en Derecho de las terminales en Seguridad entre Particulares, Seguridad Social y Seguridad P\u00fablica, en el Teatro Universitario.<\/p>\n<p style=\"font-weight: 400; text-align: justify;\">Ante los graduados, sus familiares y la comunidad de la Facultad de Derecho, Ciencias Pol\u00edticas y Criminolog\u00eda, el Doctor Seraf\u00edn Ortiz afirm\u00f3 que los abogados que egresan de la Aut\u00f3noma de Tlaxcala contribuyen a la transformaci\u00f3n de nuestra sociedad y con su profesi\u00f3n sirven al pueblo de Tlaxcala en la soluci\u00f3n de los problemas importantes de convivencia social.<\/p>\n<p style=\"font-weight: 400; text-align: justify;\">En congruencia con lo que establece nuestro apotegma, prosigui\u00f3 el Rector de la UATx, \u201cPor la cultura a la justicia social\u201d, buscamos hacer esta vida m\u00e1s equilibrada, m\u00e1s equitativa y m\u00e1s participativa por medio de la educaci\u00f3n que reciben los j\u00f3venes, en un beneficio que se extiende tambi\u00e9n a sus familias, y expres\u00f3 su reconocimiento a quienes se incorporan al reto de transformar a la sociedad.<\/p>\n<p style=\"font-weight: 400; text-align: justify;\">A su vez, el Maestro Dante Morales Cruz, Director de la Facultad de Derecho, Ciencias Pol\u00edticas y Criminolog\u00eda, exhort\u00f3 a los egresados a mantenerse en constante actualizaci\u00f3n profesional, recordando que la UATx cuenta con una amplia oferta acad\u00e9mica de especialidad. Adem\u00e1s, los convoc\u00f3 a un desempe\u00f1o profesional regido por la \u00e9tica ya que el \u00e9xito se complementa con la honestidad y la rectitud.<\/p>\n<p style=\"font-weight: 400; text-align: justify;\">Con la representaci\u00f3n de los graduados de la generaci\u00f3n 2021-2025, el estudiante Omar S\u00e1nchez Luna se refiri\u00f3 al esfuerzo, disciplina y perseverancia que dedicaron a sus estudios, y ahora est\u00e1n preparados para poner sus conocimientos al servicio de la sociedad, buscando la excelencia en todo lo que hagan.<\/p>\n<p>&nbsp;<\/p>\n<p><img loading=\"lazy\" decoding=\"async\" class=\"alignnone size-full wp-image-28405\" src=\"https:\/\/labestiapolitica.com.mx\/wp-content\/uploads\/2024\/06\/U-NOVA-y-se-diferente.png\" alt=\"\" width=\"1000\" height=\"600\" srcset=\"https:\/\/labestiapolitica.com.mx\/wp-content\/uploads\/2024\/06\/U-NOVA-y-se-diferente.png 1000w, https:\/\/labestiapolitica.com.mx\/wp-content\/uploads\/2024\/06\/U-NOVA-y-se-diferente-300x180.png 300w, https:\/\/labestiapolitica.com.mx\/wp-content\/uploads\/2024\/06\/U-NOVA-y-se-diferente-768x461.png 768w\" sizes=\"auto, (max-width: 1000px) 100vw, 1000px\" \/><\/p>\n","protected":false},"excerpt":{"rendered":"<p>Egresados fortalecen el compromiso acad\u00e9mico y social de la Universidad: Rector El Doctor Seraf\u00edn Ortiz Ortiz, Rector de la Universidad Aut\u00f3noma de Tlaxcala (UATx), presidi\u00f3 la solemne ceremonia de graduaci\u00f3n de 109 estudiantes de la Licenciatura en Derecho de las terminales en Seguridad entre Particulares, Seguridad Social y Seguridad P\u00fablica, en el Teatro Universitario. Ante [&hellip;]<\/p>\n","protected":false},"author":3,"featured_media":47797,"comment_status":"open","ping_status":"open","sticky":false,"template":"","format":"standard","meta":{"footnotes":""},"categories":[7,213,241],"tags":[],"class_list":["post-47796","post","type-post","status-publish","format-standard","has-post-thumbnail","hentry","category-ciudadanos","category-educacion","category-uatx"],"amp_enabled":true,"_links":{"self":[{"href":"https:\/\/labestiapolitica.com.mx\/index.php?rest_route=\/wp\/v2\/posts\/47796","targetHints":{"allow":["GET"]}}],"collection":[{"href":"https:\/\/labestiapolitica.com.mx\/index.php?rest_route=\/wp\/v2\/posts"}],"about":[{"href":"https:\/\/labestiapolitica.com.mx\/index.php?rest_route=\/wp\/v2\/types\/post"}],"author":[{"embeddable":true,"href":"https:\/\/labestiapolitica.com.mx\/index.php?rest_route=\/wp\/v2\/users\/3"}],"replies":[{"embeddable":true,"href":"https:\/\/labestiapolitica.com.mx\/index.php?rest_route=%2Fwp%2Fv2%2Fcomments&post=47796"}],"version-history":[{"count":1,"href":"https:\/\/labestiapolitica.com.mx\/index.php?rest_route=\/wp\/v2\/posts\/47796\/revisions"}],"predecessor-version":[{"id":47798,"href":"https:\/\/labestiapolitica.com.mx\/index.php?rest_route=\/wp\/v2\/posts\/47796\/revisions\/47798"}],"wp:featuredmedia":[{"embeddable":true,"href":"https:\/\/labestiapolitica.com.mx\/index.php?rest_route=\/wp\/v2\/media\/47797"}],"wp:attachment":[{"href":"https:\/\/labestiapolitica.com.mx\/index.php?rest_route=%2Fwp%2Fv2%2Fmedia&parent=47796"}],"wp:term":[{"taxonomy":"category","embeddable":true,"href":"https:\/\/labestiapolitica.com.mx\/index.php?rest_route=%2Fwp%2Fv2%2Fcategories&post=47796"},{"taxonomy":"post_tag","embeddable":true,"href":"https:\/\/labestiapolitica.com.mx\/index.php?rest_route=%2Fwp%2Fv2%2Ftags&post=47796"}],"curies":[{"name":"wp","href":"https:\/\/api.w.org\/{rel}","templated":true}]}}