{"id":47807,"date":"2025-08-21T18:37:22","date_gmt":"2025-08-22T00:37:22","guid":{"rendered":"https:\/\/labestiapolitica.com.mx\/?p=47807"},"modified":"2025-08-21T18:37:22","modified_gmt":"2025-08-22T00:37:22","slug":"trabajan-mujeres-privadas-de-su-libertad-en-la-reinsercion-a-traves-de-la-musica","status":"publish","type":"post","link":"https:\/\/labestiapolitica.com.mx\/?p=47807","title":{"rendered":"Trabajan mujeres privadas de su libertad en la reinserci\u00f3n a trav\u00e9s de la m\u00fasica."},"content":{"rendered":"<ul>\n<li style=\"text-align: justify;\"><em>Con letras y m\u00fasica originales participan en la convocatoria \u201cHip Hop por la paz\u201d que promueve la CEDHT<\/em><\/li>\n<\/ul>\n<p style=\"text-align: justify;\">Mujeres del Centro de Reinserci\u00f3n Social (Cereso) femenil de Apizaco buscan su reinserci\u00f3n a trav\u00e9s de la m\u00fasica, el teatro y las actividades productivas a las que tienen acceso, por lo que se han inscrito en la convocatoria nacional \u201cHip Hop por la paz\u201d que promueve la Comisi\u00f3n Estatal de Derechos Humanos de Tlaxcala (CEDHT) en colaboraci\u00f3n con el colectivo Res VIRAL y Bendito Estilo.<\/p>\n<p style=\"text-align: justify;\">En el Cereso femenil tres grupos de Personas Privadas de la Libertad (PPL) se est\u00e1n preparando con sus composiciones porque ya est\u00e1n inscritas en la iniciativa nacional que lleva arte urbano a centros penitenciarios, promoviendo la cultura de paz y la reinserci\u00f3n social a trav\u00e9s del hip hop.<\/p>\n<p style=\"text-align: justify;\">Los grupos ya organizados realizaron una muestra de sus avances, en la que estuvo presenta la presidenta de la de la CEDHT, Jakqueline Ordo\u00f1ez Brasdefer, as\u00ed como Eunice Rend\u00f3n C\u00e1rdenas, directora de Red VIRAL y a autoridades penitenciarias, \u00e9stas \u00faltimas les han facilitado la participaci\u00f3n en la convocatoria, as\u00ed como talleres musicales, uno de ellos coordinados por la artista urbana tlaxcalteca Prania Esponda.<\/p>\n<p style=\"text-align: justify;\">Las participantes compartieron que el trabajo musical que realizan \u201cson historias de vida, con las cuales se desahogan al escribirlas y cantarlas, hablamos de las personas que est\u00e1n aqu\u00ed, es una manera de sentirnos libres y de gritar para que nuestras voces no sean calladas\u201d.<\/p>\n<p style=\"text-align: justify;\">La Ombudsperson destac\u00f3 que esta forma de inclusi\u00f3n es parte del trabajo que realiza la CEDHT para asentar el respeto a la dignidad humana de todas las personas, adem\u00e1s destac\u00f3 el trabajo que seguir\u00e1 haciendo la Comisi\u00f3n en materia de inclusi\u00f3n con la poblaci\u00f3n de los centros de reinserci\u00f3n.<\/p>\n<p style=\"text-align: justify;\">Por su parte, Eunice Rend\u00f3n indic\u00f3 que esta actividad tambi\u00e9n es una estrategia de prevenci\u00f3n y transformaci\u00f3n, porque desde cualquier espacio se genera comunidad, identidad y expresi\u00f3n. Destac\u00f3 la participaci\u00f3n de las mujeres, su inter\u00e9s y entusiasmo para colaborar en estos proyectos.<\/p>\n<p style=\"text-align: justify;\">Asimismo, la cantante urbana Prania Esponda respald\u00f3 la creatividad musical de estas mujeres y las conmin\u00f3 a seguir creando, pues reconoci\u00f3 que, a trav\u00e9s de sus discursos pol\u00edticos como manifestaci\u00f3n art\u00edstica destaca el talento que todas ellas tienen.<\/p>\n<p style=\"text-align: justify;\">En la actividad estuvieron presentes algunos cantantes de hip hop de varios municipios del estado, quienes alentaron a las mujeres a seguir cantando y haciendo m\u00fasica, porque consideran que el arte las mantiene vivas y libres en su mente y alma.<\/p>\n<p style=\"text-align: justify;\">Como parte de esta convocatoria ya hay agrupaciones de PPL, hombres y mujeres, inscritas en el programa \u201cHip Hop por la paz\u201d, quienes siguen afinando sus propuestas musicales en este g\u00e9nero.<\/p>\n<p>&nbsp;<\/p>\n<p><img loading=\"lazy\" decoding=\"async\" class=\"alignnone size-full wp-image-28405\" src=\"https:\/\/labestiapolitica.com.mx\/wp-content\/uploads\/2024\/06\/U-NOVA-y-se-diferente.png\" alt=\"\" width=\"1000\" height=\"600\" srcset=\"https:\/\/labestiapolitica.com.mx\/wp-content\/uploads\/2024\/06\/U-NOVA-y-se-diferente.png 1000w, https:\/\/labestiapolitica.com.mx\/wp-content\/uploads\/2024\/06\/U-NOVA-y-se-diferente-300x180.png 300w, https:\/\/labestiapolitica.com.mx\/wp-content\/uploads\/2024\/06\/U-NOVA-y-se-diferente-768x461.png 768w\" sizes=\"auto, (max-width: 1000px) 100vw, 1000px\" \/><\/p>\n","protected":false},"excerpt":{"rendered":"<p>Con letras y m\u00fasica originales participan en la convocatoria \u201cHip Hop por la paz\u201d que promueve la CEDHT Mujeres del Centro de Reinserci\u00f3n Social (Cereso) femenil de Apizaco buscan su reinserci\u00f3n a trav\u00e9s de la m\u00fasica, el teatro y las actividades productivas a las que tienen acceso, por lo que se han inscrito en la [&hellip;]<\/p>\n","protected":false},"author":3,"featured_media":47808,"comment_status":"open","ping_status":"open","sticky":false,"template":"","format":"standard","meta":{"footnotes":""},"categories":[7,232],"tags":[],"class_list":["post-47807","post","type-post","status-publish","format-standard","has-post-thumbnail","hentry","category-ciudadanos","category-derechos-humanos-tlaxcala"],"amp_enabled":true,"_links":{"self":[{"href":"https:\/\/labestiapolitica.com.mx\/index.php?rest_route=\/wp\/v2\/posts\/47807","targetHints":{"allow":["GET"]}}],"collection":[{"href":"https:\/\/labestiapolitica.com.mx\/index.php?rest_route=\/wp\/v2\/posts"}],"about":[{"href":"https:\/\/labestiapolitica.com.mx\/index.php?rest_route=\/wp\/v2\/types\/post"}],"author":[{"embeddable":true,"href":"https:\/\/labestiapolitica.com.mx\/index.php?rest_route=\/wp\/v2\/users\/3"}],"replies":[{"embeddable":true,"href":"https:\/\/labestiapolitica.com.mx\/index.php?rest_route=%2Fwp%2Fv2%2Fcomments&post=47807"}],"version-history":[{"count":1,"href":"https:\/\/labestiapolitica.com.mx\/index.php?rest_route=\/wp\/v2\/posts\/47807\/revisions"}],"predecessor-version":[{"id":47809,"href":"https:\/\/labestiapolitica.com.mx\/index.php?rest_route=\/wp\/v2\/posts\/47807\/revisions\/47809"}],"wp:featuredmedia":[{"embeddable":true,"href":"https:\/\/labestiapolitica.com.mx\/index.php?rest_route=\/wp\/v2\/media\/47808"}],"wp:attachment":[{"href":"https:\/\/labestiapolitica.com.mx\/index.php?rest_route=%2Fwp%2Fv2%2Fmedia&parent=47807"}],"wp:term":[{"taxonomy":"category","embeddable":true,"href":"https:\/\/labestiapolitica.com.mx\/index.php?rest_route=%2Fwp%2Fv2%2Fcategories&post=47807"},{"taxonomy":"post_tag","embeddable":true,"href":"https:\/\/labestiapolitica.com.mx\/index.php?rest_route=%2Fwp%2Fv2%2Ftags&post=47807"}],"curies":[{"name":"wp","href":"https:\/\/api.w.org\/{rel}","templated":true}]}}