{"id":47884,"date":"2025-08-22T16:39:43","date_gmt":"2025-08-22T22:39:43","guid":{"rendered":"https:\/\/labestiapolitica.com.mx\/?p=47884"},"modified":"2025-08-22T16:39:43","modified_gmt":"2025-08-22T22:39:43","slug":"avanza-la-uatx-en-su-mision-con-el-egreso-de-nuevos-profesionistas-en-administracion-y-psicologia","status":"publish","type":"post","link":"https:\/\/labestiapolitica.com.mx\/?p=47884","title":{"rendered":"Avanza la UATx en su misi\u00f3n con el egreso de nuevos profesionistas en Administraci\u00f3n y Psicolog\u00eda."},"content":{"rendered":"<ul>\n<li style=\"font-weight: 400; text-align: justify;\">Trabajo vigoroso en la Unidad Acad\u00e9mica Multidisciplinaria de San Pablo del Monte<\/li>\n<\/ul>\n<p style=\"font-weight: 400; text-align: justify;\">Las profesiones deben servir para resolver problemas de nuestro pueblo, por ello, es loable que con su esfuerzo, imaginaci\u00f3n creadora, vocaci\u00f3n y talento, hoy 35 estudiantes de las licenciaturas en Administraci\u00f3n y Psicolog\u00eda concluyan sus estudios profesionales, afirm\u00f3 el Doctor Seraf\u00edn Ortiz Ortiz, Rector de la Universidad Aut\u00f3noma de Tlaxcala (UATx), al presidir la ceremonia de graduaci\u00f3n de la generaci\u00f3n 2021-2025 de la Unidad Acad\u00e9mica Multidisciplinaria campus San Pablo del Monte.<\/p>\n<p style=\"font-weight: 400; text-align: justify;\">Ante la estructura directiva de la Instituci\u00f3n y de la Unidad Acad\u00e9mica Multidisciplinaria campus San Pablo del Monte, y de familiares de los graduados, el Rector puntualiz\u00f3 que en la m\u00e1xima Casa de Estudios del estado imperan las condiciones de organizaci\u00f3n interna, con disciplina, compromiso, vocaci\u00f3n y formaci\u00f3n para el trabajo, la ense\u00f1anza y el estudio, lo que se refleja en sus procesos de aprendizaje y de autorrealizaci\u00f3n.<\/p>\n<p style=\"font-weight: 400; text-align: justify;\">Subray\u00f3 que la Universidad lleva sus servicios hasta donde se requiere de la educaci\u00f3n superior, por eso cuenta con nueve sedes en el estado, entre unidades acad\u00e9micas multidisciplinarias y facultades. Dijo a los graduados que egresan de una Instituci\u00f3n posicionada a nivel nacional e internacional, con un modelo educativo propio que les brind\u00f3 los conocimientos para enfrentar los retos que impone la globalizaci\u00f3n.<\/p>\n<p style=\"font-weight: 400; text-align: justify;\">Por su parte, el Maestro Alberto Guti\u00e9rrez Ortiz, Director encargado de la Unidad Acad\u00e9mica Multidisciplinaria campus San Pablo del Monte, exhort\u00f3 a los educandos a obtener en el menor tiempo posible su t\u00edtulo para continuar su formaci\u00f3n acad\u00e9mica en alguno de los programas de posgrado que oferta la UATx, lo cual les proporcionar\u00e1 los conocimientos, habilidades y aptitudes para que puedan insertarse al mercado laboral con las herramientas necesarias para enfrentar los desaf\u00edos del campo laboral.<\/p>\n<p style=\"font-weight: 400; text-align: justify;\">Las estudiantes Sara\u00ed Potrero y Valeria Roc\u00edo Buend\u00eda, en representaci\u00f3n de los graduados, coincidieron en agradecer a sus docentes los conocimientos y la experiencia compartida con ellos y reconocieron\u00a0 que a trav\u00e9s del Modelo Humanista Integrador basado en Capacidades y el Seminario de Integraci\u00f3n de la Praxis Profesional tuvieron la oportunidad de conocer de cerca la realidad social y las diferentes problem\u00e1ticas\u00a0 que vive la poblaci\u00f3n. Reiteraron su compromiso por ejercer con vocaci\u00f3n y humanismo su profesi\u00f3n en los sectores que se desempe\u00f1en.<\/p>\n<p style=\"font-weight: 400; text-align: justify;\">En este acto protocolario, las autoridades universitarias entregaron reconocimientos a los alumnos Sonia Ocotitla, Sara\u00ed Potrero y Valeria Roc\u00edo Buend\u00eda, por obtener el mejor promedio de su generaci\u00f3n.<\/p>\n<p>&nbsp;<\/p>\n<p><img loading=\"lazy\" decoding=\"async\" class=\"alignnone size-full wp-image-28405\" src=\"https:\/\/labestiapolitica.com.mx\/wp-content\/uploads\/2024\/06\/U-NOVA-y-se-diferente.png\" alt=\"\" width=\"1000\" height=\"600\" srcset=\"https:\/\/labestiapolitica.com.mx\/wp-content\/uploads\/2024\/06\/U-NOVA-y-se-diferente.png 1000w, https:\/\/labestiapolitica.com.mx\/wp-content\/uploads\/2024\/06\/U-NOVA-y-se-diferente-300x180.png 300w, https:\/\/labestiapolitica.com.mx\/wp-content\/uploads\/2024\/06\/U-NOVA-y-se-diferente-768x461.png 768w\" sizes=\"auto, (max-width: 1000px) 100vw, 1000px\" \/><\/p>\n","protected":false},"excerpt":{"rendered":"<p>Trabajo vigoroso en la Unidad Acad\u00e9mica Multidisciplinaria de San Pablo del Monte Las profesiones deben servir para resolver problemas de nuestro pueblo, por ello, es loable que con su esfuerzo, imaginaci\u00f3n creadora, vocaci\u00f3n y talento, hoy 35 estudiantes de las licenciaturas en Administraci\u00f3n y Psicolog\u00eda concluyan sus estudios profesionales, afirm\u00f3 el Doctor Seraf\u00edn Ortiz Ortiz, [&hellip;]<\/p>\n","protected":false},"author":3,"featured_media":47888,"comment_status":"open","ping_status":"open","sticky":false,"template":"","format":"standard","meta":{"footnotes":""},"categories":[7,213,241],"tags":[],"class_list":["post-47884","post","type-post","status-publish","format-standard","has-post-thumbnail","hentry","category-ciudadanos","category-educacion","category-uatx"],"amp_enabled":true,"_links":{"self":[{"href":"https:\/\/labestiapolitica.com.mx\/index.php?rest_route=\/wp\/v2\/posts\/47884","targetHints":{"allow":["GET"]}}],"collection":[{"href":"https:\/\/labestiapolitica.com.mx\/index.php?rest_route=\/wp\/v2\/posts"}],"about":[{"href":"https:\/\/labestiapolitica.com.mx\/index.php?rest_route=\/wp\/v2\/types\/post"}],"author":[{"embeddable":true,"href":"https:\/\/labestiapolitica.com.mx\/index.php?rest_route=\/wp\/v2\/users\/3"}],"replies":[{"embeddable":true,"href":"https:\/\/labestiapolitica.com.mx\/index.php?rest_route=%2Fwp%2Fv2%2Fcomments&post=47884"}],"version-history":[{"count":1,"href":"https:\/\/labestiapolitica.com.mx\/index.php?rest_route=\/wp\/v2\/posts\/47884\/revisions"}],"predecessor-version":[{"id":47889,"href":"https:\/\/labestiapolitica.com.mx\/index.php?rest_route=\/wp\/v2\/posts\/47884\/revisions\/47889"}],"wp:featuredmedia":[{"embeddable":true,"href":"https:\/\/labestiapolitica.com.mx\/index.php?rest_route=\/wp\/v2\/media\/47888"}],"wp:attachment":[{"href":"https:\/\/labestiapolitica.com.mx\/index.php?rest_route=%2Fwp%2Fv2%2Fmedia&parent=47884"}],"wp:term":[{"taxonomy":"category","embeddable":true,"href":"https:\/\/labestiapolitica.com.mx\/index.php?rest_route=%2Fwp%2Fv2%2Fcategories&post=47884"},{"taxonomy":"post_tag","embeddable":true,"href":"https:\/\/labestiapolitica.com.mx\/index.php?rest_route=%2Fwp%2Fv2%2Ftags&post=47884"}],"curies":[{"name":"wp","href":"https:\/\/api.w.org\/{rel}","templated":true}]}}