{"id":47926,"date":"2025-08-22T17:49:08","date_gmt":"2025-08-22T23:49:08","guid":{"rendered":"https:\/\/labestiapolitica.com.mx\/?p=47926"},"modified":"2025-08-22T17:49:08","modified_gmt":"2025-08-22T23:49:08","slug":"centro-de-desarrollo-comunitario-totolac-dignifica-la-vida-de-mujeres","status":"publish","type":"post","link":"https:\/\/labestiapolitica.com.mx\/?p=47926","title":{"rendered":"Centro de Desarrollo Comunitario Totolac dignifica la vida de mujeres."},"content":{"rendered":"<p style=\"text-align: justify;\">El presidente municipal Benjam\u00edn Atonal Conde impulsa acciones en beneficio de todos los sectores, a trav\u00e9s de programas y ejes de gobierno orientados a \ud835\uddf3\ud835\uddfc\ud835\uddff\ud835\ude01\ud835\uddee\ud835\uddf9\ud835\uddf2\ud835\uddf0\ud835\uddf2\ud835\uddff \ud835\uddf2\ud835\uddf9 \ud835\uddf1\ud835\uddf2\ud835\ude00\ud835\uddee\ud835\uddff\ud835\uddff\ud835\uddfc\ud835\uddf9\ud835\uddf9\ud835\uddfc \ud835\ude06 \ud835\uddf0\ud835\uddff\ud835\uddf2\ud835\uddf0\ud835\uddf6\ud835\uddfa\ud835\uddf6\ud835\uddf2\ud835\uddfb\ud835\ude01\ud835\uddfc \ud835\uddf1\ud835\uddf2 \ud835\uddf6\ud835\uddfb\ud835\uddf3\ud835\uddee\ud835\uddfb\ud835\ude01\ud835\uddf2\ud835\ude00, \ud835\uddf7\u00f3\ud835\ude03\ud835\uddf2\ud835\uddfb\ud835\uddf2\ud835\ude00, \ud835\uddfa\ud835\ude02\ud835\uddf7\ud835\uddf2\ud835\uddff\ud835\uddf2\ud835\ude00, \ud835\uddf5\ud835\uddfc\ud835\uddfa\ud835\uddef\ud835\uddff\ud835\uddf2\ud835\ude00 \ud835\ude06 \ud835\uddee\ud835\uddf1\ud835\ude02\ud835\uddf9\ud835\ude01\ud835\uddfc\ud835\ude00 \ud835\uddfa\ud835\uddee\ud835\ude06\ud835\uddfc\ud835\uddff\ud835\uddf2\ud835\ude00.<\/p>\n<p style=\"text-align: justify;\">\nEn este sentido, la directora del Centro de Desarrollo Comunitario de Totolac; Lic.: \ud835\udddf\ud835\ude02\ud835\uddf0\ud835\uddff\ud835\uddf2\ud835\uddf0\ud835\uddf6\ud835\uddee \ud835\udded\ud835\uddf2\ud835\uddfa\ud835\uddfd\ud835\uddfc\ud835\uddee\ud835\uddf9\ud835\ude01\ud835\uddf2\ud835\uddf0\ud835\uddee \ud835\uddda\ud835\uddfc\ud835\uddfb\ud835\ude07\u00e1\ud835\uddf9\ud835\uddf2\ud835\ude07, est\u00e1 dando cabal cumplimiento a la instrucci\u00f3n, ahora, como nunca antes, dicha \u00e1rea abre sus puertas para capacitar a la ciudadan\u00eda, por lo que, actualmente avanza con \u00e9xito el \ud835\uddd6\ud835\ude02\ud835\uddff\ud835\ude00\ud835\uddfc \ud835\uddd4\ud835\ude03\ud835\uddee\ud835\uddfb\ud835\ude07\ud835\uddee\ud835\uddf1\ud835\uddfc \u201c\ud835\udde7\u00e9\ud835\uddf0\ud835\uddfb\ud835\uddf6\ud835\uddf0\ud835\uddee\ud835\ude00 \ud835\uddf2\ud835\uddfb \ud835\uddd4\ud835\uddfd\ud835\uddf9\ud835\uddf6\ud835\uddf0\ud835\uddee\ud835\uddf0\ud835\uddf6\u00f3\ud835\uddfb \ud835\udde8\u00f1\ud835\uddee\ud835\ude00\u201d, donde participan mujeres del municipio que han decidido apostar por la adquisici\u00f3n de nuevos conocimientos y el autoempleo.<br \/>\nSi te interesa conocer la oferta educativa \ud835\uddee\ud835\uddf0\u00e9\ud835\uddff\ud835\uddf0\ud835\uddee\ud835\ude01\ud835\uddf2 \ud835\uddee \ud835\uddf9\ud835\uddee\ud835\ude00 \ud835\uddf6\ud835\uddfb\ud835\ude00\ud835\ude01\ud835\uddee\ud835\uddf9\ud835\uddee\ud835\uddf0\ud835\uddf6\ud835\uddfc\ud835\uddfb\ud835\uddf2\ud835\ude00 \ud835\uddf1\ud835\uddf2\ud835\uddf9 \ud835\uddd6\ud835\uddd7\ud835\uddd6 ubicado junto a la ca Casa del Abuelo en San Juan Totolac; el #GobiernoDeLaGente trabaja por tu bienestar.<\/p>\n<p>&nbsp;<\/p>\n<p><img loading=\"lazy\" decoding=\"async\" class=\"alignnone size-full wp-image-28405\" src=\"https:\/\/labestiapolitica.com.mx\/wp-content\/uploads\/2024\/06\/U-NOVA-y-se-diferente.png\" alt=\"\" width=\"1000\" height=\"600\" srcset=\"https:\/\/labestiapolitica.com.mx\/wp-content\/uploads\/2024\/06\/U-NOVA-y-se-diferente.png 1000w, https:\/\/labestiapolitica.com.mx\/wp-content\/uploads\/2024\/06\/U-NOVA-y-se-diferente-300x180.png 300w, https:\/\/labestiapolitica.com.mx\/wp-content\/uploads\/2024\/06\/U-NOVA-y-se-diferente-768x461.png 768w\" sizes=\"auto, (max-width: 1000px) 100vw, 1000px\" \/><\/p>\n","protected":false},"excerpt":{"rendered":"<p>El presidente municipal Benjam\u00edn Atonal Conde impulsa acciones en beneficio de todos los sectores, a trav\u00e9s de programas y ejes de gobierno orientados a \ud835\uddf3\ud835\uddfc\ud835\uddff\ud835\ude01\ud835\uddee\ud835\uddf9\ud835\uddf2\ud835\uddf0\ud835\uddf2\ud835\uddff \ud835\uddf2\ud835\uddf9 \ud835\uddf1\ud835\uddf2\ud835\ude00\ud835\uddee\ud835\uddff\ud835\uddff\ud835\uddfc\ud835\uddf9\ud835\uddf9\ud835\uddfc \ud835\ude06 \ud835\uddf0\ud835\uddff\ud835\uddf2\ud835\uddf0\ud835\uddf6\ud835\uddfa\ud835\uddf6\ud835\uddf2\ud835\uddfb\ud835\ude01\ud835\uddfc \ud835\uddf1\ud835\uddf2 \ud835\uddf6\ud835\uddfb\ud835\uddf3\ud835\uddee\ud835\uddfb\ud835\ude01\ud835\uddf2\ud835\ude00, \ud835\uddf7\u00f3\ud835\ude03\ud835\uddf2\ud835\uddfb\ud835\uddf2\ud835\ude00, \ud835\uddfa\ud835\ude02\ud835\uddf7\ud835\uddf2\ud835\uddff\ud835\uddf2\ud835\ude00, \ud835\uddf5\ud835\uddfc\ud835\uddfa\ud835\uddef\ud835\uddff\ud835\uddf2\ud835\ude00 \ud835\ude06 \ud835\uddee\ud835\uddf1\ud835\ude02\ud835\uddf9\ud835\ude01\ud835\uddfc\ud835\ude00 \ud835\uddfa\ud835\uddee\ud835\ude06\ud835\uddfc\ud835\uddff\ud835\uddf2\ud835\ude00. En este sentido, la directora del Centro de Desarrollo Comunitario de Totolac; Lic.: \ud835\udddf\ud835\ude02\ud835\uddf0\ud835\uddff\ud835\uddf2\ud835\uddf0\ud835\uddf6\ud835\uddee \ud835\udded\ud835\uddf2\ud835\uddfa\ud835\uddfd\ud835\uddfc\ud835\uddee\ud835\uddf9\ud835\ude01\ud835\uddf2\ud835\uddf0\ud835\uddee \ud835\uddda\ud835\uddfc\ud835\uddfb\ud835\ude07\u00e1\ud835\uddf9\ud835\uddf2\ud835\ude07, est\u00e1 dando [&hellip;]<\/p>\n","protected":false},"author":3,"featured_media":47927,"comment_status":"open","ping_status":"open","sticky":false,"template":"","format":"standard","meta":{"footnotes":""},"categories":[7,216,225],"tags":[],"class_list":["post-47926","post","type-post","status-publish","format-standard","has-post-thumbnail","hentry","category-ciudadanos","category-municipios","category-totolac"],"amp_enabled":true,"_links":{"self":[{"href":"https:\/\/labestiapolitica.com.mx\/index.php?rest_route=\/wp\/v2\/posts\/47926","targetHints":{"allow":["GET"]}}],"collection":[{"href":"https:\/\/labestiapolitica.com.mx\/index.php?rest_route=\/wp\/v2\/posts"}],"about":[{"href":"https:\/\/labestiapolitica.com.mx\/index.php?rest_route=\/wp\/v2\/types\/post"}],"author":[{"embeddable":true,"href":"https:\/\/labestiapolitica.com.mx\/index.php?rest_route=\/wp\/v2\/users\/3"}],"replies":[{"embeddable":true,"href":"https:\/\/labestiapolitica.com.mx\/index.php?rest_route=%2Fwp%2Fv2%2Fcomments&post=47926"}],"version-history":[{"count":1,"href":"https:\/\/labestiapolitica.com.mx\/index.php?rest_route=\/wp\/v2\/posts\/47926\/revisions"}],"predecessor-version":[{"id":47928,"href":"https:\/\/labestiapolitica.com.mx\/index.php?rest_route=\/wp\/v2\/posts\/47926\/revisions\/47928"}],"wp:featuredmedia":[{"embeddable":true,"href":"https:\/\/labestiapolitica.com.mx\/index.php?rest_route=\/wp\/v2\/media\/47927"}],"wp:attachment":[{"href":"https:\/\/labestiapolitica.com.mx\/index.php?rest_route=%2Fwp%2Fv2%2Fmedia&parent=47926"}],"wp:term":[{"taxonomy":"category","embeddable":true,"href":"https:\/\/labestiapolitica.com.mx\/index.php?rest_route=%2Fwp%2Fv2%2Fcategories&post=47926"},{"taxonomy":"post_tag","embeddable":true,"href":"https:\/\/labestiapolitica.com.mx\/index.php?rest_route=%2Fwp%2Fv2%2Ftags&post=47926"}],"curies":[{"name":"wp","href":"https:\/\/api.w.org\/{rel}","templated":true}]}}