{"id":47929,"date":"2025-08-22T17:53:12","date_gmt":"2025-08-22T23:53:12","guid":{"rendered":"https:\/\/labestiapolitica.com.mx\/?p=47929"},"modified":"2025-08-22T17:53:28","modified_gmt":"2025-08-22T23:53:28","slug":"areas-del-gobierno-municipal-trabajan-de-manera-coordinada-para-%f0%9d%97%bf%f0%9d%97%b2%f0%9d%98%80%f0%9d%98%81%f0%9d%97%ae%f0%9d%98%82%f0%9d%97%bf%f0%9d%97%ae%f0%9d%97%bf-%f0%9d%98%80%f0%9d%98%82","status":"publish","type":"post","link":"https:\/\/labestiapolitica.com.mx\/?p=47929","title":{"rendered":"\u00c1reas del gobierno municipal trabajan de manera coordinada para \ud835\uddff\ud835\uddf2\ud835\ude00\ud835\ude01\ud835\uddee\ud835\ude02\ud835\uddff\ud835\uddee\ud835\uddff \ud835\ude00\ud835\ude02\ud835\uddfa\ud835\uddf6\ud835\uddfb\ud835\uddf6\ud835\ude00\ud835\ude01\ud835\uddff\ud835\uddfc \ud835\uddf1\ud835\uddf2 \ud835\uddee\ud835\uddf4\ud835\ude02\ud835\uddee \ud835\uddf2\ud835\uddfb \ud835\udddf\ud835\uddfc\ud835\ude00 \ud835\udde5\ud835\uddf2\ud835\ude06\ud835\uddf2\ud835\ude00 \ud835\udde4\ud835\ude02\ud835\uddf6\ud835\uddee\ud835\uddf5\ud835\ude02\ud835\uddf6\ud835\ude05\ud835\ude01\ud835\uddf9\ud835\uddee\ud835\uddfb."},"content":{"rendered":"<p style=\"text-align: justify;\">Desde muy temprana hora personal adscrito a las Direcciones de \ud835\udde2\ud835\uddef\ud835\uddff\ud835\uddee\ud835\ude00 \ud835\udde3\u00fa\ud835\uddef\ud835\uddf9\ud835\uddf6\ud835\uddf0\ud835\uddee\ud835\ude00 \ud835\ude06 \ud835\uddd4\ud835\uddf4\ud835\ude02\ud835\uddee \ud835\udde3\ud835\uddfc\ud835\ude01\ud835\uddee\ud835\uddef\ud835\uddf9\ud835\uddf2 trabajan de manera conjunta en la \ud835\uddff\ud835\uddf2\ud835\uddfd\ud835\uddee\ud835\uddff\ud835\uddee\ud835\uddf0\ud835\uddf6\u00f3\ud835\uddfb \ud835\uddf1\ud835\uddf2 \ud835\uddf9\ud835\uddee \ud835\uddef\ud835\uddfc\ud835\uddfa\ud835\uddef\ud835\uddee \ud835\uddf1\ud835\uddf2 \ud835\uddee\ud835\uddf4\ud835\ude02\ud835\uddee que se encuentra en el pozo de Los Reyes Quiahuixtlan.<\/p>\n<p style=\"text-align: justify;\">El Presidente Municipal Benjam\u00edn Atonal Conde solicit\u00f3 su pronta atenci\u00f3n, por lo que se realizan maniobras para cumplir con la encomienda, lo m\u00e1s importante es \ud835\uddff\ud835\uddf2\ud835\ude00\ud835\ude01\ud835\uddee\ud835\uddef\ud835\uddf9\ud835\uddf2\ud835\uddf0\ud835\uddf2\ud835\uddff \ud835\uddf2\ud835\uddf9 \ud835\ude00\ud835\uddf2\ud835\uddff\ud835\ude03\ud835\uddf6\ud835\uddf0\ud835\uddf6\ud835\uddfc \ud835\ude06 \ud835\uddf4\ud835\uddee\ud835\uddff\ud835\uddee\ud835\uddfb\ud835\ude01\ud835\uddf6\ud835\ude07\ud835\uddee\ud835\uddff \ud835\uddee \ud835\uddf9\ud835\uddee\ud835\ude00 \ud835\uddf3\ud835\uddee\ud835\uddfa\ud835\uddf6\ud835\uddf9\ud835\uddf6\ud835\uddee\ud835\ude00 \ud835\uddf2\ud835\uddf9 \ud835\uddee\ud835\uddf0\ud835\uddf0\ud835\uddf2\ud835\ude00\ud835\uddfc \ud835\uddee\ud835\uddf9 \ud835\ude03\ud835\uddf6\ud835\ude01\ud835\uddee\ud835\uddf9 \ud835\uddf9\u00ed\ud835\uddfe\ud835\ude02\ud835\uddf6\ud835\uddf1\ud835\uddfc.<br \/>\nAgradecemos a las y los ciudadanos de los Los Reyes Quiahuixtlan por la comprensi\u00f3n, el Gobierno Municipal de Totolac 24-27 reitera su compromiso y les pedimos estar atentos a la informaci\u00f3n oficial.<\/p>\n<p>&nbsp;<\/p>\n<p><img loading=\"lazy\" decoding=\"async\" class=\"alignnone size-full wp-image-28405\" src=\"https:\/\/labestiapolitica.com.mx\/wp-content\/uploads\/2024\/06\/U-NOVA-y-se-diferente.png\" alt=\"\" width=\"1000\" height=\"600\" srcset=\"https:\/\/labestiapolitica.com.mx\/wp-content\/uploads\/2024\/06\/U-NOVA-y-se-diferente.png 1000w, https:\/\/labestiapolitica.com.mx\/wp-content\/uploads\/2024\/06\/U-NOVA-y-se-diferente-300x180.png 300w, https:\/\/labestiapolitica.com.mx\/wp-content\/uploads\/2024\/06\/U-NOVA-y-se-diferente-768x461.png 768w\" sizes=\"auto, (max-width: 1000px) 100vw, 1000px\" \/><\/p>\n","protected":false},"excerpt":{"rendered":"<p>Desde muy temprana hora personal adscrito a las Direcciones de \ud835\udde2\ud835\uddef\ud835\uddff\ud835\uddee\ud835\ude00 \ud835\udde3\u00fa\ud835\uddef\ud835\uddf9\ud835\uddf6\ud835\uddf0\ud835\uddee\ud835\ude00 \ud835\ude06 \ud835\uddd4\ud835\uddf4\ud835\ude02\ud835\uddee \ud835\udde3\ud835\uddfc\ud835\ude01\ud835\uddee\ud835\uddef\ud835\uddf9\ud835\uddf2 trabajan de manera conjunta en la \ud835\uddff\ud835\uddf2\ud835\uddfd\ud835\uddee\ud835\uddff\ud835\uddee\ud835\uddf0\ud835\uddf6\u00f3\ud835\uddfb \ud835\uddf1\ud835\uddf2 \ud835\uddf9\ud835\uddee \ud835\uddef\ud835\uddfc\ud835\uddfa\ud835\uddef\ud835\uddee \ud835\uddf1\ud835\uddf2 \ud835\uddee\ud835\uddf4\ud835\ude02\ud835\uddee que se encuentra en el pozo de Los Reyes Quiahuixtlan. El Presidente Municipal Benjam\u00edn Atonal Conde solicit\u00f3 su pronta atenci\u00f3n, por lo que se realizan maniobras para cumplir [&hellip;]<\/p>\n","protected":false},"author":3,"featured_media":47930,"comment_status":"open","ping_status":"open","sticky":false,"template":"","format":"standard","meta":{"footnotes":""},"categories":[7,216,225],"tags":[],"class_list":["post-47929","post","type-post","status-publish","format-standard","has-post-thumbnail","hentry","category-ciudadanos","category-municipios","category-totolac"],"amp_enabled":true,"_links":{"self":[{"href":"https:\/\/labestiapolitica.com.mx\/index.php?rest_route=\/wp\/v2\/posts\/47929","targetHints":{"allow":["GET"]}}],"collection":[{"href":"https:\/\/labestiapolitica.com.mx\/index.php?rest_route=\/wp\/v2\/posts"}],"about":[{"href":"https:\/\/labestiapolitica.com.mx\/index.php?rest_route=\/wp\/v2\/types\/post"}],"author":[{"embeddable":true,"href":"https:\/\/labestiapolitica.com.mx\/index.php?rest_route=\/wp\/v2\/users\/3"}],"replies":[{"embeddable":true,"href":"https:\/\/labestiapolitica.com.mx\/index.php?rest_route=%2Fwp%2Fv2%2Fcomments&post=47929"}],"version-history":[{"count":2,"href":"https:\/\/labestiapolitica.com.mx\/index.php?rest_route=\/wp\/v2\/posts\/47929\/revisions"}],"predecessor-version":[{"id":47932,"href":"https:\/\/labestiapolitica.com.mx\/index.php?rest_route=\/wp\/v2\/posts\/47929\/revisions\/47932"}],"wp:featuredmedia":[{"embeddable":true,"href":"https:\/\/labestiapolitica.com.mx\/index.php?rest_route=\/wp\/v2\/media\/47930"}],"wp:attachment":[{"href":"https:\/\/labestiapolitica.com.mx\/index.php?rest_route=%2Fwp%2Fv2%2Fmedia&parent=47929"}],"wp:term":[{"taxonomy":"category","embeddable":true,"href":"https:\/\/labestiapolitica.com.mx\/index.php?rest_route=%2Fwp%2Fv2%2Fcategories&post=47929"},{"taxonomy":"post_tag","embeddable":true,"href":"https:\/\/labestiapolitica.com.mx\/index.php?rest_route=%2Fwp%2Fv2%2Ftags&post=47929"}],"curies":[{"name":"wp","href":"https:\/\/api.w.org\/{rel}","templated":true}]}}