{"id":47933,"date":"2025-08-22T18:02:15","date_gmt":"2025-08-23T00:02:15","guid":{"rendered":"https:\/\/labestiapolitica.com.mx\/?p=47933"},"modified":"2025-08-22T18:02:15","modified_gmt":"2025-08-23T00:02:15","slug":"la-%f0%9d%97%96%f0%9d%97%bc%f0%9d%97%bc%f0%9d%97%bf%f0%9d%97%b1%f0%9d%97%b6%f0%9d%97%bb%f0%9d%97%ae%f0%9d%97%b0%f0%9d%97%b6o%f0%9d%97%bb-%f0%9d%97%b1%f0%9d%97%b2-%f0%9d%97%a3%f0%9d%97%bf%f0%9d%97%b2","status":"publish","type":"post","link":"https:\/\/labestiapolitica.com.mx\/?p=47933","title":{"rendered":"La \ud835\uddd6\ud835\uddfc\ud835\uddfc\ud835\uddff\ud835\uddf1\ud835\uddf6\ud835\uddfb\ud835\uddee\ud835\uddf0\ud835\uddf6\u00f3\ud835\uddfb \ud835\uddf1\ud835\uddf2 \ud835\udde3\ud835\uddff\ud835\uddf2\ud835\ude03\ud835\uddf2\ud835\uddfb\ud835\uddf0\ud835\uddf6\u00f3\ud835\uddfb \ud835\uddf1\ud835\uddf2\ud835\uddf9 \ud835\uddd7\ud835\uddf2\ud835\uddf9\ud835\uddf6\ud835\ude01\ud835\uddfc y la \ud835\uddd7\ud835\uddf6\ud835\uddff\ud835\uddf2\ud835\uddf0\ud835\uddf0\ud835\uddf6\u00f3\ud835\uddfb \ud835\uddf1\ud835\uddf2 \ud835\udde6\ud835\uddf2\ud835\uddf4\ud835\ude02\ud835\uddff\ud835\uddf6\ud835\uddf1\ud835\uddee\ud835\uddf1 \ud835\udde3\u00fa\ud835\uddef\ud835\uddf9\ud835\uddf6\ud835\uddf0\ud835\uddee fortalecen la pr\u00f3xima en Curso de Verano."},"content":{"rendered":"<p style=\"text-align: justify;\">En la Comunidad de San Miguel Tlamahuco, la Presidenta de Comunidad: C. \ud835\udde3\ud835\uddee\ud835\ude01\ud835\uddff\ud835\uddf6\ud835\uddf0\ud835\uddf6\ud835\uddee \ud835\udddb\ud835\uddf2\ud835\uddff\ud835\uddfb\u00e1\ud835\uddfb\ud835\uddf1\ud835\uddf2\ud835\ude07 \ud835\udddf\ud835\uddf6\ud835\uddfa\ud835\uddee, concluy\u00f3 el Cursos de Verano, en el que participaron la Coordinaci\u00f3n de Prevenci\u00f3n del Delito encabezada por: Mtra.: \ud835\uddde\ud835\uddee\ud835\uddff\ud835\uddf2\ud835\uddfb \ud835\udddb\ud835\uddf2\ud835\uddff\ud835\uddfb\u00e1\ud835\uddfb\ud835\uddf1\ud835\uddf2\ud835\ude07 \ud835\udde6\ud835\uddf2\ud835\uddff\ud835\uddff\ud835\uddee\ud835\uddfb\ud835\uddfc y el Director de Seguridad P\u00fablica de Totolac: C.: \ud835\uddd4\ud835\uddfa\ud835\uddee\ud835\uddf1\ud835\uddfc \ud835\uddd6\ud835\uddee\ud835\uddff\ud835\uddfa\ud835\uddfc\ud835\uddfb\ud835\uddee \ud835\udde2\ud835\uddf9\ud835\uddf6\ud835\ude03\ud835\uddee\ud835\uddff\ud835\uddf2\ud835\ude00, quienes impartieron platicar a los menores d\u00f3nde abordaron diversos temas preventivos como: el uso responsable de los \ud835\uddfb\u00fa\ud835\uddfa\ud835\uddf2\ud835\uddff\ud835\uddfc\ud835\ude00 \ud835\uddf1\ud835\uddf2 \ud835\uddf2\ud835\uddfa\ud835\uddf2\ud835\uddff\ud835\uddf4\ud835\uddf2\ud835\uddfb\ud835\uddf0\ud835\uddf6\ud835\uddee, \ud835\uddfa\ud835\uddf6\ud835\ude00 \ud835\uddf2\ud835\uddfa\ud835\uddfc\ud835\uddf0\ud835\uddf6\ud835\uddfc\ud835\uddfb\ud835\uddf2\ud835\ude00, \ud835\uddf1\ud835\uddf2\ud835\uddfa\ud835\uddfc\ud835\ude00\ud835\ude01\ud835\uddff\ud835\uddee\ud835\uddf0\ud835\uddf6\u00f3\ud835\uddfb \ud835\uddf1\ud835\uddf2\ud835\uddf9 \ud835\uddf2\ud835\uddfe\ud835\ude02\ud835\uddf6\ud835\uddfd\ud835\uddfc \ud835\ude01\u00e1\ud835\uddf0\ud835\ude01\ud835\uddf6\ud835\uddf0\ud835\uddfc de un polic\u00eda operativo, peligros y consecuencias de bullying.<\/p>\n<p style=\"text-align: justify;\">\nAl final se hizo entrega de un presente a las y los peque\u00f1os participantes; el #GobiernoDeLaGente contin\u00faa fortaleciendo la cultura de la prevenci\u00f3n en los m\u00e1s peque\u00f1os de la ciudadan\u00eda.<\/p>\n<p>&nbsp;<\/p>\n<p><img loading=\"lazy\" decoding=\"async\" class=\"alignnone size-full wp-image-28405\" src=\"https:\/\/labestiapolitica.com.mx\/wp-content\/uploads\/2024\/06\/U-NOVA-y-se-diferente.png\" alt=\"\" width=\"1000\" height=\"600\" srcset=\"https:\/\/labestiapolitica.com.mx\/wp-content\/uploads\/2024\/06\/U-NOVA-y-se-diferente.png 1000w, https:\/\/labestiapolitica.com.mx\/wp-content\/uploads\/2024\/06\/U-NOVA-y-se-diferente-300x180.png 300w, https:\/\/labestiapolitica.com.mx\/wp-content\/uploads\/2024\/06\/U-NOVA-y-se-diferente-768x461.png 768w\" sizes=\"auto, (max-width: 1000px) 100vw, 1000px\" \/><\/p>\n","protected":false},"excerpt":{"rendered":"<p>En la Comunidad de San Miguel Tlamahuco, la Presidenta de Comunidad: C. \ud835\udde3\ud835\uddee\ud835\ude01\ud835\uddff\ud835\uddf6\ud835\uddf0\ud835\uddf6\ud835\uddee \ud835\udddb\ud835\uddf2\ud835\uddff\ud835\uddfb\u00e1\ud835\uddfb\ud835\uddf1\ud835\uddf2\ud835\ude07 \ud835\udddf\ud835\uddf6\ud835\uddfa\ud835\uddee, concluy\u00f3 el Cursos de Verano, en el que participaron la Coordinaci\u00f3n de Prevenci\u00f3n del Delito encabezada por: Mtra.: \ud835\uddde\ud835\uddee\ud835\uddff\ud835\uddf2\ud835\uddfb \ud835\udddb\ud835\uddf2\ud835\uddff\ud835\uddfb\u00e1\ud835\uddfb\ud835\uddf1\ud835\uddf2\ud835\ude07 \ud835\udde6\ud835\uddf2\ud835\uddff\ud835\uddff\ud835\uddee\ud835\uddfb\ud835\uddfc y el Director de Seguridad P\u00fablica de Totolac: C.: \ud835\uddd4\ud835\uddfa\ud835\uddee\ud835\uddf1\ud835\uddfc \ud835\uddd6\ud835\uddee\ud835\uddff\ud835\uddfa\ud835\uddfc\ud835\uddfb\ud835\uddee \ud835\udde2\ud835\uddf9\ud835\uddf6\ud835\ude03\ud835\uddee\ud835\uddff\ud835\uddf2\ud835\ude00, quienes impartieron platicar a los menores d\u00f3nde [&hellip;]<\/p>\n","protected":false},"author":3,"featured_media":47934,"comment_status":"open","ping_status":"open","sticky":false,"template":"","format":"standard","meta":{"footnotes":""},"categories":[7],"tags":[],"class_list":["post-47933","post","type-post","status-publish","format-standard","has-post-thumbnail","hentry","category-ciudadanos"],"amp_enabled":true,"_links":{"self":[{"href":"https:\/\/labestiapolitica.com.mx\/index.php?rest_route=\/wp\/v2\/posts\/47933","targetHints":{"allow":["GET"]}}],"collection":[{"href":"https:\/\/labestiapolitica.com.mx\/index.php?rest_route=\/wp\/v2\/posts"}],"about":[{"href":"https:\/\/labestiapolitica.com.mx\/index.php?rest_route=\/wp\/v2\/types\/post"}],"author":[{"embeddable":true,"href":"https:\/\/labestiapolitica.com.mx\/index.php?rest_route=\/wp\/v2\/users\/3"}],"replies":[{"embeddable":true,"href":"https:\/\/labestiapolitica.com.mx\/index.php?rest_route=%2Fwp%2Fv2%2Fcomments&post=47933"}],"version-history":[{"count":1,"href":"https:\/\/labestiapolitica.com.mx\/index.php?rest_route=\/wp\/v2\/posts\/47933\/revisions"}],"predecessor-version":[{"id":47935,"href":"https:\/\/labestiapolitica.com.mx\/index.php?rest_route=\/wp\/v2\/posts\/47933\/revisions\/47935"}],"wp:featuredmedia":[{"embeddable":true,"href":"https:\/\/labestiapolitica.com.mx\/index.php?rest_route=\/wp\/v2\/media\/47934"}],"wp:attachment":[{"href":"https:\/\/labestiapolitica.com.mx\/index.php?rest_route=%2Fwp%2Fv2%2Fmedia&parent=47933"}],"wp:term":[{"taxonomy":"category","embeddable":true,"href":"https:\/\/labestiapolitica.com.mx\/index.php?rest_route=%2Fwp%2Fv2%2Fcategories&post=47933"},{"taxonomy":"post_tag","embeddable":true,"href":"https:\/\/labestiapolitica.com.mx\/index.php?rest_route=%2Fwp%2Fv2%2Ftags&post=47933"}],"curies":[{"name":"wp","href":"https:\/\/api.w.org\/{rel}","templated":true}]}}