{"id":47936,"date":"2025-08-22T18:25:02","date_gmt":"2025-08-23T00:25:02","guid":{"rendered":"https:\/\/labestiapolitica.com.mx\/?p=47936"},"modified":"2025-08-22T18:25:02","modified_gmt":"2025-08-23T00:25:02","slug":"distinguen-a-radio-universidad-con-el-microfono-de-oro","status":"publish","type":"post","link":"https:\/\/labestiapolitica.com.mx\/?p=47936","title":{"rendered":"Distinguen a Radio Universidad con el \u201cMicr\u00f3fono de oro\u201d."},"content":{"rendered":"<ul>\n<li style=\"font-weight: 400; text-align: justify;\">Recibi\u00f3 el galard\u00f3n el Rector de la UATx<\/li>\n<\/ul>\n<p style=\"font-weight: 400; text-align: justify;\">En reconocimiento a la trayectoria de 23 a\u00f1os de Radio Universidad 99.5 FM, el Doctor Seraf\u00edn Ortiz Ortiz, Rector de la Universidad Aut\u00f3noma de Tlaxcala (UATx), recibi\u00f3 el galard\u00f3n \u201cMicr\u00f3fono de Oro\u201d que otorg\u00f3 la Asociaci\u00f3n Nacional de Locutores de M\u00e9xico.<\/p>\n<p style=\"font-weight: 400; text-align: justify;\">La magna ceremonia que se realiz\u00f3 en el Centro Cultural Universitario de la UATx, fue encabezada por la Licenciada Lorena Cu\u00e9llar Cisneros, Gobernadora de Tlaxcala, y por la Maestra Rosal\u00eda Bua\u00fan S\u00e1nchez, Presidenta de la Asociaci\u00f3n Nacional de Locutores de M\u00e9xico y de la Federaci\u00f3n Hispanoamericana de Locutores.<\/p>\n<p style=\"font-weight: 400; text-align: justify;\">Radio Universidad se ha constituido como una excelente propuesta radiof\u00f3nica con una s\u00f3lida funci\u00f3n social y un referente global de la expresi\u00f3n de la cultura universal, la educaci\u00f3n y los m\u00e1s altos valores que distinguen a la comunidad universitaria y que son extensivos a la sociedad.<\/p>\n<p style=\"font-weight: 400; text-align: justify;\">Personalidades del mundo de la cultura, el arte, el espect\u00e1culo, el deporte y la radiodifusi\u00f3n, fueron distinguidos con el \u201cMicr\u00f3fono de oro\u201d por sus m\u00e9ritos en los \u00e1mbitos ya mencionados.<\/p>\n<p>&nbsp;<\/p>\n<p><img loading=\"lazy\" decoding=\"async\" class=\"alignnone size-full wp-image-28405\" src=\"https:\/\/labestiapolitica.com.mx\/wp-content\/uploads\/2024\/06\/U-NOVA-y-se-diferente.png\" alt=\"\" width=\"1000\" height=\"600\" srcset=\"https:\/\/labestiapolitica.com.mx\/wp-content\/uploads\/2024\/06\/U-NOVA-y-se-diferente.png 1000w, https:\/\/labestiapolitica.com.mx\/wp-content\/uploads\/2024\/06\/U-NOVA-y-se-diferente-300x180.png 300w, https:\/\/labestiapolitica.com.mx\/wp-content\/uploads\/2024\/06\/U-NOVA-y-se-diferente-768x461.png 768w\" sizes=\"auto, (max-width: 1000px) 100vw, 1000px\" \/><\/p>\n","protected":false},"excerpt":{"rendered":"<p>Recibi\u00f3 el galard\u00f3n el Rector de la UATx En reconocimiento a la trayectoria de 23 a\u00f1os de Radio Universidad 99.5 FM, el Doctor Seraf\u00edn Ortiz Ortiz, Rector de la Universidad Aut\u00f3noma de Tlaxcala (UATx), recibi\u00f3 el galard\u00f3n \u201cMicr\u00f3fono de Oro\u201d que otorg\u00f3 la Asociaci\u00f3n Nacional de Locutores de M\u00e9xico. La magna ceremonia que se realiz\u00f3 [&hellip;]<\/p>\n","protected":false},"author":3,"featured_media":47937,"comment_status":"open","ping_status":"open","sticky":false,"template":"","format":"standard","meta":{"footnotes":""},"categories":[7,213,241],"tags":[],"class_list":["post-47936","post","type-post","status-publish","format-standard","has-post-thumbnail","hentry","category-ciudadanos","category-educacion","category-uatx"],"amp_enabled":true,"_links":{"self":[{"href":"https:\/\/labestiapolitica.com.mx\/index.php?rest_route=\/wp\/v2\/posts\/47936","targetHints":{"allow":["GET"]}}],"collection":[{"href":"https:\/\/labestiapolitica.com.mx\/index.php?rest_route=\/wp\/v2\/posts"}],"about":[{"href":"https:\/\/labestiapolitica.com.mx\/index.php?rest_route=\/wp\/v2\/types\/post"}],"author":[{"embeddable":true,"href":"https:\/\/labestiapolitica.com.mx\/index.php?rest_route=\/wp\/v2\/users\/3"}],"replies":[{"embeddable":true,"href":"https:\/\/labestiapolitica.com.mx\/index.php?rest_route=%2Fwp%2Fv2%2Fcomments&post=47936"}],"version-history":[{"count":1,"href":"https:\/\/labestiapolitica.com.mx\/index.php?rest_route=\/wp\/v2\/posts\/47936\/revisions"}],"predecessor-version":[{"id":47938,"href":"https:\/\/labestiapolitica.com.mx\/index.php?rest_route=\/wp\/v2\/posts\/47936\/revisions\/47938"}],"wp:featuredmedia":[{"embeddable":true,"href":"https:\/\/labestiapolitica.com.mx\/index.php?rest_route=\/wp\/v2\/media\/47937"}],"wp:attachment":[{"href":"https:\/\/labestiapolitica.com.mx\/index.php?rest_route=%2Fwp%2Fv2%2Fmedia&parent=47936"}],"wp:term":[{"taxonomy":"category","embeddable":true,"href":"https:\/\/labestiapolitica.com.mx\/index.php?rest_route=%2Fwp%2Fv2%2Fcategories&post=47936"},{"taxonomy":"post_tag","embeddable":true,"href":"https:\/\/labestiapolitica.com.mx\/index.php?rest_route=%2Fwp%2Fv2%2Ftags&post=47936"}],"curies":[{"name":"wp","href":"https:\/\/api.w.org\/{rel}","templated":true}]}}