{"id":48112,"date":"2025-08-26T13:53:48","date_gmt":"2025-08-26T19:53:48","guid":{"rendered":"https:\/\/labestiapolitica.com.mx\/?p=48112"},"modified":"2025-08-26T13:53:51","modified_gmt":"2025-08-26T19:53:51","slug":"%f0%9f%93%b0-avanza-la-vinculacion-entre-osc-y-la-cedht-para-fortalecer-la-defensa-de-los-derechos-humanos","status":"publish","type":"post","link":"https:\/\/labestiapolitica.com.mx\/?p=48112","title":{"rendered":"\ud83d\udcf0 Avanza la vinculaci\u00f3n entre OSC y la CEDHT para fortalecer la defensa de los derechos humanos"},"content":{"rendered":"<p style=\"text-align: justify;\" data-start=\"104\" data-end=\"386\">La Comisi\u00f3n Estatal de Derechos Humanos de Tlaxcala (CEDHT) dio a conocer que contin\u00faa el trabajo de vinculaci\u00f3n con Organizaciones de la Sociedad Civil (OSC), con el prop\u00f3sito de establecer acciones que contribuyan a disminuir las violaciones a los derechos humanos en el estado.<\/p>\n<p style=\"text-align: justify;\" data-start=\"388\" data-end=\"667\">La presidenta del organismo, Jakqueline Ordo\u00f1ez Brasdefer, destac\u00f3 la importancia de entablar mesas de di\u00e1logo con las OSC \u201cy trabajar en las coincidencias y en las diferencias\u201d, como una v\u00eda para fortalecer la cultura de respeto y protecci\u00f3n de los derechos fundamentales.<\/p>\n<p style=\"text-align: justify;\" data-start=\"669\" data-end=\"861\">El actual Consejo Consultivo de la CEDHT ha trazado l\u00edneas de trabajo y rutas precisas junto con personas defensoras, con el objetivo de promover los derechos humanos y prevenir violaciones.<\/p>\n<p style=\"text-align: justify;\" data-start=\"863\" data-end=\"1177\">Entre las propuestas presentadas por las organizaciones, se plante\u00f3 que la Comisi\u00f3n pueda fungir como enlace para apoyar en los procesos de constituci\u00f3n formal de asociaciones civiles, as\u00ed como la apertura de espacios que permitan la exhibici\u00f3n de expresiones art\u00edsticas elaboradas por personas con discapacidad.<\/p>\n<p style=\"text-align: justify;\" data-start=\"1179\" data-end=\"1420\">Con estas acciones, la CEDHT reafirma su compromiso de impulsar una agenda conjunta con la sociedad civil, garantizando la protecci\u00f3n de los sectores m\u00e1s vulnerables y consolidando una cultura de respeto a los derechos humanos en Tlaxcala.<\/p>\n<p data-start=\"1179\" data-end=\"1420\"><img loading=\"lazy\" decoding=\"async\" class=\"alignnone size-full wp-image-48114\" src=\"https:\/\/labestiapolitica.com.mx\/wp-content\/uploads\/2025\/08\/FotoNota-portal-3-5.jpg\" alt=\"\" width=\"1000\" height=\"600\" srcset=\"https:\/\/labestiapolitica.com.mx\/wp-content\/uploads\/2025\/08\/FotoNota-portal-3-5.jpg 1000w, https:\/\/labestiapolitica.com.mx\/wp-content\/uploads\/2025\/08\/FotoNota-portal-3-5-300x180.jpg 300w, https:\/\/labestiapolitica.com.mx\/wp-content\/uploads\/2025\/08\/FotoNota-portal-3-5-768x461.jpg 768w\" sizes=\"auto, (max-width: 1000px) 100vw, 1000px\" \/> <img loading=\"lazy\" decoding=\"async\" class=\"alignnone size-full wp-image-48115\" src=\"https:\/\/labestiapolitica.com.mx\/wp-content\/uploads\/2025\/08\/FotoNota-portal-2-5.jpg\" alt=\"\" width=\"1000\" height=\"600\" srcset=\"https:\/\/labestiapolitica.com.mx\/wp-content\/uploads\/2025\/08\/FotoNota-portal-2-5.jpg 1000w, https:\/\/labestiapolitica.com.mx\/wp-content\/uploads\/2025\/08\/FotoNota-portal-2-5-300x180.jpg 300w, https:\/\/labestiapolitica.com.mx\/wp-content\/uploads\/2025\/08\/FotoNota-portal-2-5-768x461.jpg 768w\" sizes=\"auto, (max-width: 1000px) 100vw, 1000px\" \/> <img loading=\"lazy\" decoding=\"async\" class=\"alignnone size-full wp-image-48116\" src=\"https:\/\/labestiapolitica.com.mx\/wp-content\/uploads\/2025\/08\/FotoNota-portal-1-6.jpg\" alt=\"\" width=\"1000\" height=\"600\" srcset=\"https:\/\/labestiapolitica.com.mx\/wp-content\/uploads\/2025\/08\/FotoNota-portal-1-6.jpg 1000w, https:\/\/labestiapolitica.com.mx\/wp-content\/uploads\/2025\/08\/FotoNota-portal-1-6-300x180.jpg 300w, https:\/\/labestiapolitica.com.mx\/wp-content\/uploads\/2025\/08\/FotoNota-portal-1-6-768x461.jpg 768w\" sizes=\"auto, (max-width: 1000px) 100vw, 1000px\" \/> <img loading=\"lazy\" decoding=\"async\" class=\"alignnone size-full wp-image-48117\" src=\"https:\/\/labestiapolitica.com.mx\/wp-content\/uploads\/2025\/08\/FotoNota-portal-4-5.jpg\" alt=\"\" width=\"1000\" height=\"600\" srcset=\"https:\/\/labestiapolitica.com.mx\/wp-content\/uploads\/2025\/08\/FotoNota-portal-4-5.jpg 1000w, https:\/\/labestiapolitica.com.mx\/wp-content\/uploads\/2025\/08\/FotoNota-portal-4-5-300x180.jpg 300w, https:\/\/labestiapolitica.com.mx\/wp-content\/uploads\/2025\/08\/FotoNota-portal-4-5-768x461.jpg 768w\" sizes=\"auto, (max-width: 1000px) 100vw, 1000px\" \/><\/p>\n<p data-start=\"1179\" data-end=\"1420\"><img loading=\"lazy\" decoding=\"async\" class=\"alignnone size-full wp-image-45376\" src=\"https:\/\/labestiapolitica.com.mx\/wp-content\/uploads\/2025\/07\/518019574_1267381155399267_6610914214355962584_n-1.jpg\" alt=\"\" width=\"940\" height=\"788\" srcset=\"https:\/\/labestiapolitica.com.mx\/wp-content\/uploads\/2025\/07\/518019574_1267381155399267_6610914214355962584_n-1.jpg 940w, https:\/\/labestiapolitica.com.mx\/wp-content\/uploads\/2025\/07\/518019574_1267381155399267_6610914214355962584_n-1-300x251.jpg 300w, https:\/\/labestiapolitica.com.mx\/wp-content\/uploads\/2025\/07\/518019574_1267381155399267_6610914214355962584_n-1-768x644.jpg 768w\" sizes=\"auto, (max-width: 940px) 100vw, 940px\" \/><\/p>\n<p data-start=\"1179\" data-end=\"1420\">\n","protected":false},"excerpt":{"rendered":"<p>La Comisi\u00f3n Estatal de Derechos Humanos de Tlaxcala (CEDHT) dio a conocer que contin\u00faa el trabajo de vinculaci\u00f3n con Organizaciones de la Sociedad Civil (OSC), con el prop\u00f3sito de establecer acciones que contribuyan a disminuir las violaciones a los derechos humanos en el estado. La presidenta del organismo, Jakqueline Ordo\u00f1ez Brasdefer, destac\u00f3 la importancia de [&hellip;]<\/p>\n","protected":false},"author":3,"featured_media":48113,"comment_status":"open","ping_status":"open","sticky":false,"template":"","format":"standard","meta":{"footnotes":""},"categories":[232,214],"tags":[],"class_list":["post-48112","post","type-post","status-publish","format-standard","has-post-thumbnail","hentry","category-derechos-humanos-tlaxcala","category-tlaxcala-capital"],"amp_enabled":true,"_links":{"self":[{"href":"https:\/\/labestiapolitica.com.mx\/index.php?rest_route=\/wp\/v2\/posts\/48112","targetHints":{"allow":["GET"]}}],"collection":[{"href":"https:\/\/labestiapolitica.com.mx\/index.php?rest_route=\/wp\/v2\/posts"}],"about":[{"href":"https:\/\/labestiapolitica.com.mx\/index.php?rest_route=\/wp\/v2\/types\/post"}],"author":[{"embeddable":true,"href":"https:\/\/labestiapolitica.com.mx\/index.php?rest_route=\/wp\/v2\/users\/3"}],"replies":[{"embeddable":true,"href":"https:\/\/labestiapolitica.com.mx\/index.php?rest_route=%2Fwp%2Fv2%2Fcomments&post=48112"}],"version-history":[{"count":1,"href":"https:\/\/labestiapolitica.com.mx\/index.php?rest_route=\/wp\/v2\/posts\/48112\/revisions"}],"predecessor-version":[{"id":48118,"href":"https:\/\/labestiapolitica.com.mx\/index.php?rest_route=\/wp\/v2\/posts\/48112\/revisions\/48118"}],"wp:featuredmedia":[{"embeddable":true,"href":"https:\/\/labestiapolitica.com.mx\/index.php?rest_route=\/wp\/v2\/media\/48113"}],"wp:attachment":[{"href":"https:\/\/labestiapolitica.com.mx\/index.php?rest_route=%2Fwp%2Fv2%2Fmedia&parent=48112"}],"wp:term":[{"taxonomy":"category","embeddable":true,"href":"https:\/\/labestiapolitica.com.mx\/index.php?rest_route=%2Fwp%2Fv2%2Fcategories&post=48112"},{"taxonomy":"post_tag","embeddable":true,"href":"https:\/\/labestiapolitica.com.mx\/index.php?rest_route=%2Fwp%2Fv2%2Ftags&post=48112"}],"curies":[{"name":"wp","href":"https:\/\/api.w.org\/{rel}","templated":true}]}}