{"id":48399,"date":"2025-08-29T15:03:01","date_gmt":"2025-08-29T21:03:01","guid":{"rendered":"https:\/\/labestiapolitica.com.mx\/?p=48399"},"modified":"2025-08-29T15:03:01","modified_gmt":"2025-08-29T21:03:01","slug":"inicia-actividades-la-cabina-de-difusion-de-la-cedht-un-espacio-de-dialogo-y-promocion-de-los-derechos-humanos%f0%9f%91%a9%f0%9f%8f%bc%f0%9f%a4%9d%f0%9f%91%a8%f0%9f%8f%bb","status":"publish","type":"post","link":"https:\/\/labestiapolitica.com.mx\/?p=48399","title":{"rendered":"Inicia actividades la cabina de difusi\u00f3n de la CEDHT: un espacio de di\u00e1logo y promoci\u00f3n de los derechos humanos\ud83d\udc69\ud83c\udffc\u200d\ud83e\udd1d\u200d\ud83d\udc68\ud83c\udffb"},"content":{"rendered":"<p style=\"text-align: justify;\" data-start=\"119\" data-end=\"404\">La Comisi\u00f3n Estatal de Derechos Humanos de Tlaxcala (CEDHT) puso en marcha su nueva Cabina de difusi\u00f3n audiovisual \u201cTu voz, tu derecho\u201d, concebida como un espacio de di\u00e1logo, an\u00e1lisis y debate orientado a la promoci\u00f3n, protecci\u00f3n, ejercicio y defensa de los derechos humanos.<\/p>\n<p style=\"text-align: justify;\" data-start=\"406\" data-end=\"707\">Con el programa \u201cVoces y di\u00e1logos por los derechos\u201d, conducido por la consejera consultiva Leticia Valera Gonz\u00e1lez, arrancaron las transmisiones y el trabajo de producci\u00f3n, grabaci\u00f3n y edici\u00f3n de contenidos institucionales que buscan abrir un canal de comunicaci\u00f3n directo con la ciudadan\u00eda.<\/p>\n<p style=\"text-align: justify;\" data-start=\"709\" data-end=\"928\">El objetivo de esta iniciativa es generar un espacio accesible, confiable y humano, que permita escuchar y dialogar con todos los sectores de la sociedad, especialmente con aquellos hist\u00f3ricamente invisibilizados.<\/p>\n<p style=\"text-align: justify;\" data-start=\"930\" data-end=\"1293\">Las actividades de la cabina estar\u00e1n alineadas con los principios de inclusi\u00f3n, participaci\u00f3n, dignidad y no discriminaci\u00f3n, fomentando la escucha respetuosa y la comunicaci\u00f3n cercana con todas las voces: desde infancias hasta personas adultas mayores, desde comunidades urbanas hasta pueblos originarios, as\u00ed como activistas y personas servidoras p\u00fablicas.<\/p>\n<p style=\"text-align: justify;\" data-start=\"1295\" data-end=\"1425\">Con esta acci\u00f3n, la CEDHT reafirma su compromiso de fortalecer una cultura p\u00fablica en favor de los derechos humanos en Tlaxcala.<\/p>\n<p data-start=\"1295\" data-end=\"1425\"><img loading=\"lazy\" decoding=\"async\" class=\"alignnone size-full wp-image-48401\" src=\"https:\/\/labestiapolitica.com.mx\/wp-content\/uploads\/2025\/08\/Fotos-rapidas-1.jpg\" alt=\"\" width=\"1000\" height=\"600\" srcset=\"https:\/\/labestiapolitica.com.mx\/wp-content\/uploads\/2025\/08\/Fotos-rapidas-1.jpg 1000w, https:\/\/labestiapolitica.com.mx\/wp-content\/uploads\/2025\/08\/Fotos-rapidas-1-300x180.jpg 300w, https:\/\/labestiapolitica.com.mx\/wp-content\/uploads\/2025\/08\/Fotos-rapidas-1-768x461.jpg 768w\" sizes=\"auto, (max-width: 1000px) 100vw, 1000px\" \/> <img loading=\"lazy\" decoding=\"async\" class=\"alignnone size-full wp-image-48402\" src=\"https:\/\/labestiapolitica.com.mx\/wp-content\/uploads\/2025\/08\/Fotos-rapidas-3.jpg\" alt=\"\" width=\"1000\" height=\"600\" srcset=\"https:\/\/labestiapolitica.com.mx\/wp-content\/uploads\/2025\/08\/Fotos-rapidas-3.jpg 1000w, https:\/\/labestiapolitica.com.mx\/wp-content\/uploads\/2025\/08\/Fotos-rapidas-3-300x180.jpg 300w, https:\/\/labestiapolitica.com.mx\/wp-content\/uploads\/2025\/08\/Fotos-rapidas-3-768x461.jpg 768w\" sizes=\"auto, (max-width: 1000px) 100vw, 1000px\" \/><\/p>\n<p data-start=\"1295\" data-end=\"1425\"><img loading=\"lazy\" decoding=\"async\" class=\"alignnone size-full wp-image-45374\" src=\"https:\/\/labestiapolitica.com.mx\/wp-content\/uploads\/2025\/07\/518019574_1267381155399267_6610914214355962584_n.jpg\" alt=\"\" width=\"940\" height=\"788\" srcset=\"https:\/\/labestiapolitica.com.mx\/wp-content\/uploads\/2025\/07\/518019574_1267381155399267_6610914214355962584_n.jpg 940w, https:\/\/labestiapolitica.com.mx\/wp-content\/uploads\/2025\/07\/518019574_1267381155399267_6610914214355962584_n-300x251.jpg 300w, https:\/\/labestiapolitica.com.mx\/wp-content\/uploads\/2025\/07\/518019574_1267381155399267_6610914214355962584_n-768x644.jpg 768w\" sizes=\"auto, (max-width: 940px) 100vw, 940px\" \/><\/p>\n","protected":false},"excerpt":{"rendered":"<p>La Comisi\u00f3n Estatal de Derechos Humanos de Tlaxcala (CEDHT) puso en marcha su nueva Cabina de difusi\u00f3n audiovisual \u201cTu voz, tu derecho\u201d, concebida como un espacio de di\u00e1logo, an\u00e1lisis y debate orientado a la promoci\u00f3n, protecci\u00f3n, ejercicio y defensa de los derechos humanos. Con el programa \u201cVoces y di\u00e1logos por los derechos\u201d, conducido por la [&hellip;]<\/p>\n","protected":false},"author":3,"featured_media":48400,"comment_status":"open","ping_status":"open","sticky":false,"template":"","format":"standard","meta":{"footnotes":""},"categories":[232],"tags":[],"class_list":["post-48399","post","type-post","status-publish","format-standard","has-post-thumbnail","hentry","category-derechos-humanos-tlaxcala"],"amp_enabled":true,"_links":{"self":[{"href":"https:\/\/labestiapolitica.com.mx\/index.php?rest_route=\/wp\/v2\/posts\/48399","targetHints":{"allow":["GET"]}}],"collection":[{"href":"https:\/\/labestiapolitica.com.mx\/index.php?rest_route=\/wp\/v2\/posts"}],"about":[{"href":"https:\/\/labestiapolitica.com.mx\/index.php?rest_route=\/wp\/v2\/types\/post"}],"author":[{"embeddable":true,"href":"https:\/\/labestiapolitica.com.mx\/index.php?rest_route=\/wp\/v2\/users\/3"}],"replies":[{"embeddable":true,"href":"https:\/\/labestiapolitica.com.mx\/index.php?rest_route=%2Fwp%2Fv2%2Fcomments&post=48399"}],"version-history":[{"count":1,"href":"https:\/\/labestiapolitica.com.mx\/index.php?rest_route=\/wp\/v2\/posts\/48399\/revisions"}],"predecessor-version":[{"id":48403,"href":"https:\/\/labestiapolitica.com.mx\/index.php?rest_route=\/wp\/v2\/posts\/48399\/revisions\/48403"}],"wp:featuredmedia":[{"embeddable":true,"href":"https:\/\/labestiapolitica.com.mx\/index.php?rest_route=\/wp\/v2\/media\/48400"}],"wp:attachment":[{"href":"https:\/\/labestiapolitica.com.mx\/index.php?rest_route=%2Fwp%2Fv2%2Fmedia&parent=48399"}],"wp:term":[{"taxonomy":"category","embeddable":true,"href":"https:\/\/labestiapolitica.com.mx\/index.php?rest_route=%2Fwp%2Fv2%2Fcategories&post=48399"},{"taxonomy":"post_tag","embeddable":true,"href":"https:\/\/labestiapolitica.com.mx\/index.php?rest_route=%2Fwp%2Fv2%2Ftags&post=48399"}],"curies":[{"name":"wp","href":"https:\/\/api.w.org\/{rel}","templated":true}]}}