{"id":48581,"date":"2025-09-01T16:46:52","date_gmt":"2025-09-01T22:46:52","guid":{"rendered":"https:\/\/labestiapolitica.com.mx\/?p=48581"},"modified":"2025-09-01T16:46:56","modified_gmt":"2025-09-01T22:46:56","slug":"ayuntamiento-de-tlaxcala-inicia-conmemoracion-por-el-215-aniversario-de-la-independencia-de-mexico%f0%9f%87%b2%f0%9f%87%bd%e2%9c%a8","status":"publish","type":"post","link":"https:\/\/labestiapolitica.com.mx\/?p=48581","title":{"rendered":"Ayuntamiento de Tlaxcala inicia conmemoraci\u00f3n por el 215 aniversario de la Independencia de M\u00e9xico\ud83c\uddf2\ud83c\uddfd\u2728"},"content":{"rendered":"<p style=\"text-align: justify;\" data-start=\"106\" data-end=\"404\">Con la recepci\u00f3n y colocaci\u00f3n del Bando Solemne, el Ayuntamiento de Tlaxcala dio inicio formal a las celebraciones por el 215 aniversario de la Independencia de M\u00e9xico, acto que marca el arranque de las actividades c\u00edvicas y culturales del mes patrio.<\/p>\n<p style=\"text-align: justify;\" data-start=\"406\" data-end=\"746\">En representaci\u00f3n del presidente municipal Alfonso S\u00e1nchez Garc\u00eda, la s\u00edndica Ivonne Hern\u00e1ndez Blancas y el secretario del Ayuntamiento V\u00edctor Hugo Guti\u00e9rrez Morales recibieron el documento de manos del secretario de Gobierno, Luis Antonio Ram\u00edrez Hern\u00e1ndez, durante la ceremonia encabezada por el Poder Ejecutivo estatal.<\/p>\n<p style=\"text-align: justify;\" data-start=\"748\" data-end=\"1071\">Posteriormente, los representantes del Cabildo realizaron la colocaci\u00f3n del Bando Solemne en la fachada del Palacio Municipal, donde se enlistan las actividades programadas para septiembre, con el prop\u00f3sito de mantener vivas las tradiciones, fortalecer la identidad nacional y fomentar la participaci\u00f3n ciudadana.<\/p>\n<p style=\"text-align: justify;\" data-start=\"1073\" data-end=\"1297\">Con este acto, el Gobierno Municipal de Tlaxcala, en coordinaci\u00f3n con los Poderes Ejecutivo y Judicial, refrenda su compromiso de preservar la memoria hist\u00f3rica y las conmemoraciones que unen a la sociedad tlaxcalteca.<\/p>\n<p data-start=\"1073\" data-end=\"1297\"><img loading=\"lazy\" decoding=\"async\" class=\"alignnone size-full wp-image-48583\" src=\"https:\/\/labestiapolitica.com.mx\/wp-content\/uploads\/2025\/09\/WhatsApp-Image-2025-09-01-at-1.08.35-PM-1.jpeg\" alt=\"\" width=\"1600\" height=\"1066\" srcset=\"https:\/\/labestiapolitica.com.mx\/wp-content\/uploads\/2025\/09\/WhatsApp-Image-2025-09-01-at-1.08.35-PM-1.jpeg 1600w, https:\/\/labestiapolitica.com.mx\/wp-content\/uploads\/2025\/09\/WhatsApp-Image-2025-09-01-at-1.08.35-PM-1-300x200.jpeg 300w, https:\/\/labestiapolitica.com.mx\/wp-content\/uploads\/2025\/09\/WhatsApp-Image-2025-09-01-at-1.08.35-PM-1-1024x682.jpeg 1024w, https:\/\/labestiapolitica.com.mx\/wp-content\/uploads\/2025\/09\/WhatsApp-Image-2025-09-01-at-1.08.35-PM-1-768x512.jpeg 768w, https:\/\/labestiapolitica.com.mx\/wp-content\/uploads\/2025\/09\/WhatsApp-Image-2025-09-01-at-1.08.35-PM-1-1536x1023.jpeg 1536w\" sizes=\"auto, (max-width: 1600px) 100vw, 1600px\" \/> <img loading=\"lazy\" decoding=\"async\" class=\"alignnone size-full wp-image-48584\" src=\"https:\/\/labestiapolitica.com.mx\/wp-content\/uploads\/2025\/09\/WhatsApp-Image-2025-09-01-at-1.08.35-PM.jpeg\" alt=\"\" width=\"1600\" height=\"1066\" srcset=\"https:\/\/labestiapolitica.com.mx\/wp-content\/uploads\/2025\/09\/WhatsApp-Image-2025-09-01-at-1.08.35-PM.jpeg 1600w, https:\/\/labestiapolitica.com.mx\/wp-content\/uploads\/2025\/09\/WhatsApp-Image-2025-09-01-at-1.08.35-PM-300x200.jpeg 300w, https:\/\/labestiapolitica.com.mx\/wp-content\/uploads\/2025\/09\/WhatsApp-Image-2025-09-01-at-1.08.35-PM-1024x682.jpeg 1024w, https:\/\/labestiapolitica.com.mx\/wp-content\/uploads\/2025\/09\/WhatsApp-Image-2025-09-01-at-1.08.35-PM-768x512.jpeg 768w, https:\/\/labestiapolitica.com.mx\/wp-content\/uploads\/2025\/09\/WhatsApp-Image-2025-09-01-at-1.08.35-PM-1536x1023.jpeg 1536w\" sizes=\"auto, (max-width: 1600px) 100vw, 1600px\" \/><\/p>\n<p data-start=\"1073\" data-end=\"1297\"><img loading=\"lazy\" decoding=\"async\" class=\"alignnone size-full wp-image-48585\" src=\"https:\/\/labestiapolitica.com.mx\/wp-content\/uploads\/2025\/09\/WhatsApp-Image-2025-09-01-at-1.08.35-PM-2.jpeg\" alt=\"\" width=\"1600\" height=\"1066\" srcset=\"https:\/\/labestiapolitica.com.mx\/wp-content\/uploads\/2025\/09\/WhatsApp-Image-2025-09-01-at-1.08.35-PM-2.jpeg 1600w, https:\/\/labestiapolitica.com.mx\/wp-content\/uploads\/2025\/09\/WhatsApp-Image-2025-09-01-at-1.08.35-PM-2-300x200.jpeg 300w, https:\/\/labestiapolitica.com.mx\/wp-content\/uploads\/2025\/09\/WhatsApp-Image-2025-09-01-at-1.08.35-PM-2-1024x682.jpeg 1024w, https:\/\/labestiapolitica.com.mx\/wp-content\/uploads\/2025\/09\/WhatsApp-Image-2025-09-01-at-1.08.35-PM-2-768x512.jpeg 768w, https:\/\/labestiapolitica.com.mx\/wp-content\/uploads\/2025\/09\/WhatsApp-Image-2025-09-01-at-1.08.35-PM-2-1536x1023.jpeg 1536w\" sizes=\"auto, (max-width: 1600px) 100vw, 1600px\" \/><\/p>\n<p data-start=\"1073\" data-end=\"1297\"><img loading=\"lazy\" decoding=\"async\" class=\"alignnone size-full wp-image-45374\" src=\"https:\/\/labestiapolitica.com.mx\/wp-content\/uploads\/2025\/07\/518019574_1267381155399267_6610914214355962584_n.jpg\" alt=\"\" width=\"940\" height=\"788\" srcset=\"https:\/\/labestiapolitica.com.mx\/wp-content\/uploads\/2025\/07\/518019574_1267381155399267_6610914214355962584_n.jpg 940w, https:\/\/labestiapolitica.com.mx\/wp-content\/uploads\/2025\/07\/518019574_1267381155399267_6610914214355962584_n-300x251.jpg 300w, https:\/\/labestiapolitica.com.mx\/wp-content\/uploads\/2025\/07\/518019574_1267381155399267_6610914214355962584_n-768x644.jpg 768w\" sizes=\"auto, (max-width: 940px) 100vw, 940px\" \/><\/p>\n","protected":false},"excerpt":{"rendered":"<p>Con la recepci\u00f3n y colocaci\u00f3n del Bando Solemne, el Ayuntamiento de Tlaxcala dio inicio formal a las celebraciones por el 215 aniversario de la Independencia de M\u00e9xico, acto que marca el arranque de las actividades c\u00edvicas y culturales del mes patrio. En representaci\u00f3n del presidente municipal Alfonso S\u00e1nchez Garc\u00eda, la s\u00edndica Ivonne Hern\u00e1ndez Blancas y [&hellip;]<\/p>\n","protected":false},"author":3,"featured_media":48586,"comment_status":"open","ping_status":"open","sticky":false,"template":"","format":"standard","meta":{"footnotes":""},"categories":[236,214],"tags":[],"class_list":["post-48581","post","type-post","status-publish","format-standard","has-post-thumbnail","hentry","category-gobierno-de-tlaxcala","category-tlaxcala-capital"],"amp_enabled":true,"_links":{"self":[{"href":"https:\/\/labestiapolitica.com.mx\/index.php?rest_route=\/wp\/v2\/posts\/48581","targetHints":{"allow":["GET"]}}],"collection":[{"href":"https:\/\/labestiapolitica.com.mx\/index.php?rest_route=\/wp\/v2\/posts"}],"about":[{"href":"https:\/\/labestiapolitica.com.mx\/index.php?rest_route=\/wp\/v2\/types\/post"}],"author":[{"embeddable":true,"href":"https:\/\/labestiapolitica.com.mx\/index.php?rest_route=\/wp\/v2\/users\/3"}],"replies":[{"embeddable":true,"href":"https:\/\/labestiapolitica.com.mx\/index.php?rest_route=%2Fwp%2Fv2%2Fcomments&post=48581"}],"version-history":[{"count":1,"href":"https:\/\/labestiapolitica.com.mx\/index.php?rest_route=\/wp\/v2\/posts\/48581\/revisions"}],"predecessor-version":[{"id":48588,"href":"https:\/\/labestiapolitica.com.mx\/index.php?rest_route=\/wp\/v2\/posts\/48581\/revisions\/48588"}],"wp:featuredmedia":[{"embeddable":true,"href":"https:\/\/labestiapolitica.com.mx\/index.php?rest_route=\/wp\/v2\/media\/48586"}],"wp:attachment":[{"href":"https:\/\/labestiapolitica.com.mx\/index.php?rest_route=%2Fwp%2Fv2%2Fmedia&parent=48581"}],"wp:term":[{"taxonomy":"category","embeddable":true,"href":"https:\/\/labestiapolitica.com.mx\/index.php?rest_route=%2Fwp%2Fv2%2Fcategories&post=48581"},{"taxonomy":"post_tag","embeddable":true,"href":"https:\/\/labestiapolitica.com.mx\/index.php?rest_route=%2Fwp%2Fv2%2Ftags&post=48581"}],"curies":[{"name":"wp","href":"https:\/\/api.w.org\/{rel}","templated":true}]}}