{"id":48902,"date":"2025-09-04T10:16:09","date_gmt":"2025-09-04T16:16:09","guid":{"rendered":"https:\/\/labestiapolitica.com.mx\/?p=48902"},"modified":"2025-09-05T14:59:00","modified_gmt":"2025-09-05T20:59:00","slug":"san-pablo-del-monte-entre-la-inseguridad-y-la-riqueza-cultural%f0%9f%8f%98%ef%b8%8f","status":"publish","type":"post","link":"https:\/\/labestiapolitica.com.mx\/?p=48902","title":{"rendered":"San Pablo del Monte: entre la inseguridad y la riqueza cultural\ud83c\udfd8\ufe0f"},"content":{"rendered":"<p style=\"text-align: justify;\" data-start=\"71\" data-end=\"175\"><em data-start=\"71\" data-end=\"173\">Por Eduardo S\u00e1nchez Huerta, Presidente de Comunidad Barrio San Pedro, San Pablo del Monte, Tlaxcala.<\/em><\/p>\n<p style=\"text-align: justify;\" data-start=\"177\" data-end=\"535\">San Pablo del Monte es un municipio que destaca por su ubicaci\u00f3n estrat\u00e9gica, la laboriosidad de su gente y, sobre todo, por su invaluable identidad cultural. Por generaciones, las manos artesanas han dado vida a expresiones \u00fanicas como la talavera y el \u00f3nix, tradiciones reconocidas dentro y fuera del pa\u00eds y que representan orgullo para la comunidad.<\/p>\n<p style=\"text-align: justify;\" data-start=\"537\" data-end=\"1005\">No obstante, esa riqueza convive con una realidad dolorosa: la inseguridad. En los \u00faltimos a\u00f1os, los robos, asaltos y extorsiones han impactado de manera directa en la vida cotidiana de las familias, afectando no solo su tranquilidad sino tambi\u00e9n la actividad econ\u00f3mica y cultural. Talleres artesanales v\u00edctimas de atracos, comerciantes extorsionados y familias que limitan sus actividades por temor son ejemplos de c\u00f3mo la violencia ha penetrado la vida diaria.<\/p>\n<p style=\"text-align: justify;\" data-start=\"1007\" data-end=\"1347\">Este problema, se\u00f1al\u00f3 S\u00e1nchez Huerta, tambi\u00e9n se alimenta de la falta de oportunidades para la juventud, de la precariedad en los servicios p\u00fablicos y de la insuficiente coordinaci\u00f3n entre autoridades. \u201cMientras eso no cambie, San Pablo del Monte seguir\u00e1 perdiendo lo m\u00e1s valioso que tenemos: la seguridad de nuestras familias\u201d, advirti\u00f3.<\/p>\n<p style=\"text-align: justify;\" data-start=\"1349\" data-end=\"1492\">El presidente de comunidad subray\u00f3 que la transformaci\u00f3n de este escenario solo es posible mediante estrategias integrales, que incluyan:<\/p>\n<ul style=\"text-align: justify;\" data-start=\"1493\" data-end=\"1986\">\n<li data-start=\"1493\" data-end=\"1609\">\n<p data-start=\"1495\" data-end=\"1609\">Fortalecimiento de las instituciones de seguridad con mejor capacitaci\u00f3n, equipamiento y certificaci\u00f3n policial.<\/p>\n<\/li>\n<li data-start=\"1610\" data-end=\"1671\">\n<p data-start=\"1612\" data-end=\"1671\">Prevenci\u00f3n del delito y reconstrucci\u00f3n del tejido social.<\/p>\n<\/li>\n<li data-start=\"1672\" data-end=\"1782\">\n<p data-start=\"1674\" data-end=\"1782\">Inversi\u00f3n en educaci\u00f3n, cultura y deporte, con infraestructura digna que reduzca la deserci\u00f3n escolar.<\/p>\n<\/li>\n<li data-start=\"1783\" data-end=\"1851\">\n<p data-start=\"1785\" data-end=\"1851\">Mejor alumbrado p\u00fablico para garantizar seguridad en las calles.<\/p>\n<\/li>\n<li data-start=\"1852\" data-end=\"1986\">\n<p data-start=\"1854\" data-end=\"1986\">Promoci\u00f3n y protecci\u00f3n de la talavera como sustento de muchas familias, mediante canales de comercializaci\u00f3n seguros y justos.<\/p>\n<\/li>\n<\/ul>\n<p style=\"text-align: justify;\" data-start=\"1988\" data-end=\"2326\">\u201cSan Pablo del Monte no puede ser noticia solo por la violencia. Debe ser reconocido por su cultura, su tradici\u00f3n artesanal y la fuerza de su gente. Hoy m\u00e1s que nunca necesitamos rescatar ese orgullo que representan nuestras manos creadoras de talavera, y al mismo tiempo garantizar que vivan y trabajen en un entorno seguro\u201d, enfatiz\u00f3.<\/p>\n<p style=\"text-align: justify;\" data-start=\"2328\" data-end=\"2614\">Finalmente, asegur\u00f3 que como joven san pablense cree en el futuro del municipio: \u201cLa inseguridad no debe arrebatarnos lo que somos: una comunidad con historia, identidad y un enorme potencial. Recuperar la paz es posible y en ese esfuerzo todos tenemos una responsabilidad compartida\u201d.<\/p>\n<p data-start=\"2328\" data-end=\"2614\"><img loading=\"lazy\" decoding=\"async\" class=\"alignnone size-full wp-image-48905\" src=\"https:\/\/labestiapolitica.com.mx\/wp-content\/uploads\/2025\/09\/publicidad-7.jpg\" alt=\"\" width=\"940\" height=\"788\" srcset=\"https:\/\/labestiapolitica.com.mx\/wp-content\/uploads\/2025\/09\/publicidad-7.jpg 940w, https:\/\/labestiapolitica.com.mx\/wp-content\/uploads\/2025\/09\/publicidad-7-300x251.jpg 300w, https:\/\/labestiapolitica.com.mx\/wp-content\/uploads\/2025\/09\/publicidad-7-768x644.jpg 768w\" sizes=\"auto, (max-width: 940px) 100vw, 940px\" \/><\/p>\n<p data-start=\"2328\" data-end=\"2614\"><img loading=\"lazy\" decoding=\"async\" class=\"alignnone size-full wp-image-45374\" src=\"https:\/\/labestiapolitica.com.mx\/wp-content\/uploads\/2025\/07\/518019574_1267381155399267_6610914214355962584_n.jpg\" alt=\"\" width=\"940\" height=\"788\" srcset=\"https:\/\/labestiapolitica.com.mx\/wp-content\/uploads\/2025\/07\/518019574_1267381155399267_6610914214355962584_n.jpg 940w, https:\/\/labestiapolitica.com.mx\/wp-content\/uploads\/2025\/07\/518019574_1267381155399267_6610914214355962584_n-300x251.jpg 300w, https:\/\/labestiapolitica.com.mx\/wp-content\/uploads\/2025\/07\/518019574_1267381155399267_6610914214355962584_n-768x644.jpg 768w\" sizes=\"auto, (max-width: 940px) 100vw, 940px\" \/><\/p>\n","protected":false},"excerpt":{"rendered":"<p>Por Eduardo S\u00e1nchez Huerta, Presidente de Comunidad Barrio San Pedro, San Pablo del Monte, Tlaxcala. San Pablo del Monte es un municipio que destaca por su ubicaci\u00f3n estrat\u00e9gica, la laboriosidad de su gente y, sobre todo, por su invaluable identidad cultural. Por generaciones, las manos artesanas han dado vida a expresiones \u00fanicas como la talavera [&hellip;]<\/p>\n","protected":false},"author":3,"featured_media":48904,"comment_status":"open","ping_status":"open","sticky":false,"template":"","format":"standard","meta":{"footnotes":""},"categories":[6],"tags":[],"class_list":["post-48902","post","type-post","status-publish","format-standard","has-post-thumbnail","hentry","category-opinion"],"amp_enabled":true,"_links":{"self":[{"href":"https:\/\/labestiapolitica.com.mx\/index.php?rest_route=\/wp\/v2\/posts\/48902","targetHints":{"allow":["GET"]}}],"collection":[{"href":"https:\/\/labestiapolitica.com.mx\/index.php?rest_route=\/wp\/v2\/posts"}],"about":[{"href":"https:\/\/labestiapolitica.com.mx\/index.php?rest_route=\/wp\/v2\/types\/post"}],"author":[{"embeddable":true,"href":"https:\/\/labestiapolitica.com.mx\/index.php?rest_route=\/wp\/v2\/users\/3"}],"replies":[{"embeddable":true,"href":"https:\/\/labestiapolitica.com.mx\/index.php?rest_route=%2Fwp%2Fv2%2Fcomments&post=48902"}],"version-history":[{"count":1,"href":"https:\/\/labestiapolitica.com.mx\/index.php?rest_route=\/wp\/v2\/posts\/48902\/revisions"}],"predecessor-version":[{"id":48906,"href":"https:\/\/labestiapolitica.com.mx\/index.php?rest_route=\/wp\/v2\/posts\/48902\/revisions\/48906"}],"wp:featuredmedia":[{"embeddable":true,"href":"https:\/\/labestiapolitica.com.mx\/index.php?rest_route=\/wp\/v2\/media\/48904"}],"wp:attachment":[{"href":"https:\/\/labestiapolitica.com.mx\/index.php?rest_route=%2Fwp%2Fv2%2Fmedia&parent=48902"}],"wp:term":[{"taxonomy":"category","embeddable":true,"href":"https:\/\/labestiapolitica.com.mx\/index.php?rest_route=%2Fwp%2Fv2%2Fcategories&post=48902"},{"taxonomy":"post_tag","embeddable":true,"href":"https:\/\/labestiapolitica.com.mx\/index.php?rest_route=%2Fwp%2Fv2%2Ftags&post=48902"}],"curies":[{"name":"wp","href":"https:\/\/api.w.org\/{rel}","templated":true}]}}