{"id":48922,"date":"2025-09-04T15:49:10","date_gmt":"2025-09-04T21:49:10","guid":{"rendered":"https:\/\/labestiapolitica.com.mx\/?p=48922"},"modified":"2025-09-04T15:49:10","modified_gmt":"2025-09-04T21:49:10","slug":"exalumno-del-immi-obtiene-grado-de-subteniente-en-el-heroico-colegio-militar","status":"publish","type":"post","link":"https:\/\/labestiapolitica.com.mx\/?p=48922","title":{"rendered":"Exalumno del IMMI obtiene grado de Subteniente en el Heroico Colegio Militar"},"content":{"rendered":"<p style=\"text-align: justify;\" data-start=\"1123\" data-end=\"1384\">La Universidad Metropolitana de Tlaxcala reconoce con orgullo a su exalumno <strong data-start=\"1199\" data-end=\"1229\">C. Vladimir Ruiz Hern\u00e1ndez<\/strong>, quien este 1\/o. de septiembre alcanz\u00f3 el grado de <strong data-start=\"1281\" data-end=\"1309\">Subteniente de Zapadores<\/strong>, tras concluir con \u00e9xito su formaci\u00f3n en el <strong data-start=\"1354\" data-end=\"1381\">Heroico Colegio Militar<\/strong>.<\/p>\n<p style=\"text-align: justify;\" data-start=\"1386\" data-end=\"1552\">El pasado <strong data-start=\"1396\" data-end=\"1412\">28 de agosto<\/strong>, en una emotiva ceremonia realizada en este prestigiado plantel, se coron\u00f3 el esfuerzo de a\u00f1os de disciplina, constancia y perseverancia.<\/p>\n<p style=\"text-align: justify;\" data-start=\"1554\" data-end=\"1837\">En este logro tan significativo, estuvieron presentes autoridades directivas del <strong data-start=\"1635\" data-end=\"1682\">Instituto Metropolitano Militarizado (IMMI)<\/strong>, quienes acompa\u00f1aron a familiares, amigos y, de manera especial, a los padres del ahora Subteniente, considerados el pilar fundamental de esta victoria.<\/p>\n<p style=\"text-align: justify;\" data-start=\"1839\" data-end=\"2058\">Con este acontecimiento, la Universidad Metropolitana de Tlaxcala refrenda su compromiso de formar j\u00f3venes con car\u00e1cter, disciplina y valores, capaces de destacar en \u00e1mbitos de alta exigencia como las Fuerzas Armadas.<\/p>\n<p style=\"text-align: justify;\" data-start=\"2060\" data-end=\"2173\">\ud83e\udd8a \u00a1Muchas felicidades, Subtte. Vladimir Ruiz Hern\u00e1ndez!<br data-start=\"2116\" data-end=\"2119\" \/>Eres y ser\u00e1s siempre un verdadero <strong data-start=\"2153\" data-end=\"2170\">#OrgulloLince<\/strong>.<\/p>\n<p style=\"text-align: justify;\" data-start=\"2175\" data-end=\"2381\">#LaBestiaPoliticaUMTlx<br data-start=\"2197\" data-end=\"2200\" \/>#UniversidadMetropolitanadeTlaxcalaMedios<br data-start=\"2241\" data-end=\"2244\" \/>#Orgullosamentelinces<br data-start=\"2265\" data-end=\"2268\" \/>#OrgulloLince<br data-start=\"2281\" data-end=\"2284\" \/>#IMMI<br data-start=\"2289\" data-end=\"2292\" \/>#HeroicoColegioMilitar<br data-start=\"2314\" data-end=\"2317\" \/>#ViveUMT<br data-start=\"2325\" data-end=\"2328\" \/>#ViveLaExperienciaLince<br data-start=\"2351\" data-end=\"2354\" \/>#semillerodeemprendedores<\/p>\n<p data-start=\"2175\" data-end=\"2381\"><img loading=\"lazy\" decoding=\"async\" class=\"alignnone size-full wp-image-48924\" src=\"https:\/\/labestiapolitica.com.mx\/wp-content\/uploads\/2025\/09\/2.png\" alt=\"\" width=\"2000\" height=\"1200\" srcset=\"https:\/\/labestiapolitica.com.mx\/wp-content\/uploads\/2025\/09\/2.png 2000w, https:\/\/labestiapolitica.com.mx\/wp-content\/uploads\/2025\/09\/2-300x180.png 300w, https:\/\/labestiapolitica.com.mx\/wp-content\/uploads\/2025\/09\/2-1024x614.png 1024w, https:\/\/labestiapolitica.com.mx\/wp-content\/uploads\/2025\/09\/2-768x461.png 768w, https:\/\/labestiapolitica.com.mx\/wp-content\/uploads\/2025\/09\/2-1536x922.png 1536w\" sizes=\"auto, (max-width: 2000px) 100vw, 2000px\" \/> <img loading=\"lazy\" decoding=\"async\" class=\"alignnone size-full wp-image-48925\" src=\"https:\/\/labestiapolitica.com.mx\/wp-content\/uploads\/2025\/09\/3.png\" alt=\"\" width=\"2000\" height=\"1200\" srcset=\"https:\/\/labestiapolitica.com.mx\/wp-content\/uploads\/2025\/09\/3.png 2000w, https:\/\/labestiapolitica.com.mx\/wp-content\/uploads\/2025\/09\/3-300x180.png 300w, https:\/\/labestiapolitica.com.mx\/wp-content\/uploads\/2025\/09\/3-1024x614.png 1024w, https:\/\/labestiapolitica.com.mx\/wp-content\/uploads\/2025\/09\/3-768x461.png 768w, https:\/\/labestiapolitica.com.mx\/wp-content\/uploads\/2025\/09\/3-1536x922.png 1536w\" sizes=\"auto, (max-width: 2000px) 100vw, 2000px\" \/><\/p>\n","protected":false},"excerpt":{"rendered":"<p>La Universidad Metropolitana de Tlaxcala reconoce con orgullo a su exalumno C. Vladimir Ruiz Hern\u00e1ndez, quien este 1\/o. de septiembre alcanz\u00f3 el grado de Subteniente de Zapadores, tras concluir con \u00e9xito su formaci\u00f3n en el Heroico Colegio Militar. El pasado 28 de agosto, en una emotiva ceremonia realizada en este prestigiado plantel, se coron\u00f3 el [&hellip;]<\/p>\n","protected":false},"author":3,"featured_media":48923,"comment_status":"open","ping_status":"open","sticky":false,"template":"","format":"standard","meta":{"footnotes":""},"categories":[213,244],"tags":[],"class_list":["post-48922","post","type-post","status-publish","format-standard","has-post-thumbnail","hentry","category-educacion","category-umt"],"amp_enabled":true,"_links":{"self":[{"href":"https:\/\/labestiapolitica.com.mx\/index.php?rest_route=\/wp\/v2\/posts\/48922","targetHints":{"allow":["GET"]}}],"collection":[{"href":"https:\/\/labestiapolitica.com.mx\/index.php?rest_route=\/wp\/v2\/posts"}],"about":[{"href":"https:\/\/labestiapolitica.com.mx\/index.php?rest_route=\/wp\/v2\/types\/post"}],"author":[{"embeddable":true,"href":"https:\/\/labestiapolitica.com.mx\/index.php?rest_route=\/wp\/v2\/users\/3"}],"replies":[{"embeddable":true,"href":"https:\/\/labestiapolitica.com.mx\/index.php?rest_route=%2Fwp%2Fv2%2Fcomments&post=48922"}],"version-history":[{"count":1,"href":"https:\/\/labestiapolitica.com.mx\/index.php?rest_route=\/wp\/v2\/posts\/48922\/revisions"}],"predecessor-version":[{"id":48926,"href":"https:\/\/labestiapolitica.com.mx\/index.php?rest_route=\/wp\/v2\/posts\/48922\/revisions\/48926"}],"wp:featuredmedia":[{"embeddable":true,"href":"https:\/\/labestiapolitica.com.mx\/index.php?rest_route=\/wp\/v2\/media\/48923"}],"wp:attachment":[{"href":"https:\/\/labestiapolitica.com.mx\/index.php?rest_route=%2Fwp%2Fv2%2Fmedia&parent=48922"}],"wp:term":[{"taxonomy":"category","embeddable":true,"href":"https:\/\/labestiapolitica.com.mx\/index.php?rest_route=%2Fwp%2Fv2%2Fcategories&post=48922"},{"taxonomy":"post_tag","embeddable":true,"href":"https:\/\/labestiapolitica.com.mx\/index.php?rest_route=%2Fwp%2Fv2%2Ftags&post=48922"}],"curies":[{"name":"wp","href":"https:\/\/api.w.org\/{rel}","templated":true}]}}