{"id":48927,"date":"2025-09-04T16:11:26","date_gmt":"2025-09-04T22:11:26","guid":{"rendered":"https:\/\/labestiapolitica.com.mx\/?p=48927"},"modified":"2025-09-04T16:12:50","modified_gmt":"2025-09-04T22:12:50","slug":"umt-reconoce-a-estudiante-de-fisioterapia-por-destacada-participacion-en-caso-clinico","status":"publish","type":"post","link":"https:\/\/labestiapolitica.com.mx\/?p=48927","title":{"rendered":"UMT reconoce a estudiante de Fisioterapia por destacada participaci\u00f3n en caso cl\u00ednico"},"content":{"rendered":"<p style=\"text-align: justify;\" data-start=\"763\" data-end=\"1114\">La Universidad Metropolitana de Tlaxcala felicit\u00f3 y reconoci\u00f3 a <strong data-start=\"827\" data-end=\"854\">Jes\u00fas Acoltzi Rodr\u00edguez<\/strong>, alumno de la Licenciatura en Fisioterapia, por su destacada intervenci\u00f3n en la presentaci\u00f3n de un caso cl\u00ednico sobre el <strong data-start=\"976\" data-end=\"1006\">S\u00edndrome de Guillain-Barr\u00e9<\/strong>, realizado en las instalaciones del <strong data-start=\"1043\" data-end=\"1111\">Centro de Capacitaci\u00f3n para Personas con Discapacidad (CECAPDIF)<\/strong>.<\/p>\n<p style=\"text-align: justify;\" data-start=\"1116\" data-end=\"1465\">Durante el evento, en el que estuvo presente personal de las <strong data-start=\"1177\" data-end=\"1221\">Unidades B\u00e1sicas de Rehabilitaci\u00f3n (UBR)<\/strong> del estado de Tlaxcala, Jes\u00fas expuso los procedimientos cl\u00ednicos de intervenci\u00f3n fisioterap\u00e9utica, compartiendo su conocimiento y experiencia para fortalecer las capacidades del personal en beneficio de la poblaci\u00f3n que atienden diariamente.<\/p>\n<p style=\"text-align: justify;\" data-start=\"1467\" data-end=\"1742\">La rectora de esta casa de estudios, <strong data-start=\"1504\" data-end=\"1533\">C.P. Marcelina Cruz Ordaz<\/strong>, destac\u00f3 que la participaci\u00f3n de estudiantes en este tipo de foros contribuye a su formaci\u00f3n integral, al tiempo que proyecta la excelencia acad\u00e9mica de la UMT en espacios especializados de gran relevancia.<\/p>\n<p style=\"text-align: justify;\" data-start=\"1744\" data-end=\"1960\">Con estas acciones, la UMT refrenda su compromiso de formar profesionistas altamente calificados, con valores y visi\u00f3n humanista, capaces de generar un impacto positivo en la salud y calidad de vida de la sociedad.<\/p>\n<p style=\"text-align: justify;\" data-start=\"1962\" data-end=\"2093\">\ud83e\udd8a \u00a1Enhorabuena, Jes\u00fas Acoltzi Rodr\u00edguez! Tu disciplina y vocaci\u00f3n de servicio te consolidan como un verdadero <strong data-start=\"2073\" data-end=\"2090\">#OrgulloLince<\/strong>.<\/p>\n<p style=\"text-align: justify;\" data-start=\"2095\" data-end=\"2275\">#Orgullosamentelinces #UMTFisioterapia #ViveUMT #ViveLaExperienciaLince #semillerodeemprendedores<br data-start=\"2192\" data-end=\"2195\" \/>#LaBestiaPoliticaUMTlx #UniversidadMetropolitanadeTlaxcalaMedios<br data-start=\"2259\" data-end=\"2262\" \/>@UMTlaxcala<\/p>\n<p data-start=\"2095\" data-end=\"2275\"><img loading=\"lazy\" decoding=\"async\" class=\"alignnone size-full wp-image-48928\" src=\"https:\/\/labestiapolitica.com.mx\/wp-content\/uploads\/2025\/09\/Fotos-rapidas-19-1.png\" alt=\"\" width=\"2000\" height=\"1200\" srcset=\"https:\/\/labestiapolitica.com.mx\/wp-content\/uploads\/2025\/09\/Fotos-rapidas-19-1.png 2000w, https:\/\/labestiapolitica.com.mx\/wp-content\/uploads\/2025\/09\/Fotos-rapidas-19-1-300x180.png 300w, https:\/\/labestiapolitica.com.mx\/wp-content\/uploads\/2025\/09\/Fotos-rapidas-19-1-1024x614.png 1024w, https:\/\/labestiapolitica.com.mx\/wp-content\/uploads\/2025\/09\/Fotos-rapidas-19-1-768x461.png 768w, https:\/\/labestiapolitica.com.mx\/wp-content\/uploads\/2025\/09\/Fotos-rapidas-19-1-1536x922.png 1536w\" sizes=\"auto, (max-width: 2000px) 100vw, 2000px\" \/><\/p>\n","protected":false},"excerpt":{"rendered":"<p>La Universidad Metropolitana de Tlaxcala felicit\u00f3 y reconoci\u00f3 a Jes\u00fas Acoltzi Rodr\u00edguez, alumno de la Licenciatura en Fisioterapia, por su destacada intervenci\u00f3n en la presentaci\u00f3n de un caso cl\u00ednico sobre el S\u00edndrome de Guillain-Barr\u00e9, realizado en las instalaciones del Centro de Capacitaci\u00f3n para Personas con Discapacidad (CECAPDIF). Durante el evento, en el que estuvo presente [&hellip;]<\/p>\n","protected":false},"author":3,"featured_media":48930,"comment_status":"open","ping_status":"open","sticky":false,"template":"","format":"standard","meta":{"footnotes":""},"categories":[213,244],"tags":[],"class_list":["post-48927","post","type-post","status-publish","format-standard","has-post-thumbnail","hentry","category-educacion","category-umt"],"amp_enabled":true,"_links":{"self":[{"href":"https:\/\/labestiapolitica.com.mx\/index.php?rest_route=\/wp\/v2\/posts\/48927","targetHints":{"allow":["GET"]}}],"collection":[{"href":"https:\/\/labestiapolitica.com.mx\/index.php?rest_route=\/wp\/v2\/posts"}],"about":[{"href":"https:\/\/labestiapolitica.com.mx\/index.php?rest_route=\/wp\/v2\/types\/post"}],"author":[{"embeddable":true,"href":"https:\/\/labestiapolitica.com.mx\/index.php?rest_route=\/wp\/v2\/users\/3"}],"replies":[{"embeddable":true,"href":"https:\/\/labestiapolitica.com.mx\/index.php?rest_route=%2Fwp%2Fv2%2Fcomments&post=48927"}],"version-history":[{"count":2,"href":"https:\/\/labestiapolitica.com.mx\/index.php?rest_route=\/wp\/v2\/posts\/48927\/revisions"}],"predecessor-version":[{"id":48931,"href":"https:\/\/labestiapolitica.com.mx\/index.php?rest_route=\/wp\/v2\/posts\/48927\/revisions\/48931"}],"wp:featuredmedia":[{"embeddable":true,"href":"https:\/\/labestiapolitica.com.mx\/index.php?rest_route=\/wp\/v2\/media\/48930"}],"wp:attachment":[{"href":"https:\/\/labestiapolitica.com.mx\/index.php?rest_route=%2Fwp%2Fv2%2Fmedia&parent=48927"}],"wp:term":[{"taxonomy":"category","embeddable":true,"href":"https:\/\/labestiapolitica.com.mx\/index.php?rest_route=%2Fwp%2Fv2%2Fcategories&post=48927"},{"taxonomy":"post_tag","embeddable":true,"href":"https:\/\/labestiapolitica.com.mx\/index.php?rest_route=%2Fwp%2Fv2%2Ftags&post=48927"}],"curies":[{"name":"wp","href":"https:\/\/api.w.org\/{rel}","templated":true}]}}