{"id":48932,"date":"2025-09-04T16:21:34","date_gmt":"2025-09-04T22:21:34","guid":{"rendered":"https:\/\/labestiapolitica.com.mx\/?p=48932"},"modified":"2025-09-04T16:21:34","modified_gmt":"2025-09-04T22:21:34","slug":"estudiantes-de-diseno-automotriz-uatx-transforman-equipos-medicos-en-favor-de-ninos-hospitalizados","status":"publish","type":"post","link":"https:\/\/labestiapolitica.com.mx\/?p=48932","title":{"rendered":"Estudiantes de Dise\u00f1o Automotriz UATx transforman equipos m\u00e9dicos en favor de ni\u00f1os hospitalizados."},"content":{"rendered":"<ul>\n<li style=\"font-weight: 400; text-align: justify;\">Con el proyecto \ud835\udc03\ud835\udc22\ud835\udc2c\ud835\udc1e\ud835\udc27\u0303\ud835\udc28 \ud835\udc32 \ud835\udc26\ud835\udc28\ud835\udc1d\ud835\udc22\ud835\udc1f\ud835\udc22\ud835\udc1c\ud835\udc1a\ud835\udc1c\ud835\udc22\ud835\udc28\u0301\ud835\udc27 \ud835\udc1d\ud835\udc1e \ud835\udc2c\ud835\udc22\ud835\udc25\ud835\udc25\ud835\udc1a\ud835\udc2c \ud835\udc1d\ud835\udc1e \ud835\udc2b\ud835\udc2e\ud835\udc1e\ud835\udc1d\ud835\udc1a\ud835\udc2c \ud835\udc32 \ud835\udc1a\ud835\udc27\ud835\udc1d\ud835\udc1a\ud835\udc1d\ud835\udc1e\ud835\udc2b\ud835\udc1a\ud835\udc2c \ud835\udc29\ud835\udc1a\ud835\udc2b\ud835\udc1a \ud835\udc1e\ud835\udc25 \ud835\udc1b\ud835\udc22\ud835\udc1e\ud835\udc27\ud835\udc1e\ud835\udc2c\ud835\udc2d\ud835\udc1a\ud835\udc2b \ud835\udc1e\ud835\udc26\ud835\udc28\ud835\udc1c\ud835\udc22\ud835\udc28\ud835\udc27\ud835\udc1a\ud835\udc25<\/li>\n<\/ul>\n<p style=\"font-weight: 400; text-align: justify;\">Con el proyecto \ud835\udc03\ud835\udc22\ud835\udc2c\ud835\udc1e\ud835\udc27\u0303\ud835\udc28 \ud835\udc32 \ud835\udc26\ud835\udc28\ud835\udc1d\ud835\udc22\ud835\udc1f\ud835\udc22\ud835\udc1c\ud835\udc1a\ud835\udc1c\ud835\udc22\ud835\udc28\u0301\ud835\udc27 \ud835\udc1d\ud835\udc1e \ud835\udc2c\ud835\udc22\ud835\udc25\ud835\udc25\ud835\udc1a\ud835\udc2c \ud835\udc1d\ud835\udc1e \ud835\udc2b\ud835\udc2e\ud835\udc1e\ud835\udc1d\ud835\udc1a\ud835\udc2c \ud835\udc32 \ud835\udc1a\ud835\udc27\ud835\udc1d\ud835\udc1a\ud835\udc1d\ud835\udc1e\ud835\udc2b\ud835\udc1a\ud835\udc2c \ud835\udc29\ud835\udc1a\ud835\udc2b\ud835\udc1a \ud835\udc1e\ud835\udc25 \ud835\udc1b\ud835\udc22\ud835\udc1e\ud835\udc27\ud835\udc1e\ud835\udc2c\ud835\udc2d\ud835\udc1a\ud835\udc2b \ud835\udc1e\ud835\udc26\ud835\udc28\ud835\udc1c\ud835\udc22\ud835\udc28\ud835\udc27\ud835\udc1a\ud835\udc25 \ud835\udc1d\ud835\udc1e \ud835\udc27\ud835\udc22\ud835\udc27\u0303\ud835\udc28\ud835\udc2c \ud835\udc21\ud835\udc28\ud835\udc2c\ud835\udc29\ud835\udc22\ud835\udc2d\ud835\udc1a\ud835\udc25\ud835\udc22\ud835\udc33\ud835\udc1a\ud835\udc1d\ud835\udc28\ud835\udc2c, estudiantes de tercer semestre de la Licenciatura en Dise\u00f1o Automotriz de la Universidad Aut\u00f3noma de Tlaxcala (UATx), \u00a0buscan dar nueva vida a equipos en desuso para convertirlos en dispositivos l\u00fadicos tematizados, y generar un entorno de recuperaci\u00f3n m\u00e1s humano y estimulante para los infantes.<\/p>\n<p style=\"font-weight: 400; text-align: justify;\">La iniciativa se trabaja con el\u00a0\ud835\udc07\ud835\udc28\ud835\udc2c\ud835\udc29\ud835\udc22\ud835\udc2d\ud835\udc1a\ud835\udc25\u00a0\ud835\udc08\ud835\udc27\ud835\udc1f\ud835\udc1a\ud835\udc27\ud835\udc2d\ud835\udc22\ud835\udc25\u00a0\ud835\udc1d\ud835\udc1e\u00a0\ud835\udc13\ud835\udc25\ud835\udc1a\ud835\udc31\ud835\udc1c\ud835\udc1a\ud835\udc25\ud835\udc1a, que est\u00e1 bajo la direcci\u00f3n del Doctor Felipe Mendoza Vega a quien se le present\u00f3 el proyecto que coordina la Maestra F\u00e1tima de la Fuente Acoltzi, corresponde al trabajo del Seminario de Integraci\u00f3n de Praxis Profesional y busca vincular el dise\u00f1o con la responsabilidad social en atenci\u00f3n a una problem\u00e1tica espec\u00edfica.<\/p>\n<p style=\"font-weight: 400; text-align: justify;\">De esta forma, los estudiantes de la Facultad de Dise\u00f1o, Arte y Arquitectura dar\u00e1n una nueva forma a los dispositivos trabajando con creativos dise\u00f1os de naves espaciales, autos de carreras o castillos encantados, que acompa\u00f1en a las y los pacientes pedi\u00e1tricos durante su estancia hospitalaria.<\/p>\n<p style=\"font-weight: 400; text-align: justify;\">Se busca contribuir para mejorar la experiencia emocional de los peque\u00f1os, generar un entorno de recuperaci\u00f3n m\u00e1s humano y estimulante, y fomentar la sostenibilidad mediante el reciclaje creativo. Adem\u00e1s, se involucra a los estudiantes en un proyecto de praxis profesional que tendr\u00e1 un impacto social significativo.<\/p>\n<p>&nbsp;<\/p>\n<p><img loading=\"lazy\" decoding=\"async\" class=\"alignnone size-full wp-image-28405\" src=\"https:\/\/labestiapolitica.com.mx\/wp-content\/uploads\/2024\/06\/U-NOVA-y-se-diferente.png\" alt=\"\" width=\"1000\" height=\"600\" srcset=\"https:\/\/labestiapolitica.com.mx\/wp-content\/uploads\/2024\/06\/U-NOVA-y-se-diferente.png 1000w, https:\/\/labestiapolitica.com.mx\/wp-content\/uploads\/2024\/06\/U-NOVA-y-se-diferente-300x180.png 300w, https:\/\/labestiapolitica.com.mx\/wp-content\/uploads\/2024\/06\/U-NOVA-y-se-diferente-768x461.png 768w\" sizes=\"auto, (max-width: 1000px) 100vw, 1000px\" \/><\/p>\n","protected":false},"excerpt":{"rendered":"<p>Con el proyecto \ud835\udc03\ud835\udc22\ud835\udc2c\ud835\udc1e\ud835\udc27\u0303\ud835\udc28 \ud835\udc32 \ud835\udc26\ud835\udc28\ud835\udc1d\ud835\udc22\ud835\udc1f\ud835\udc22\ud835\udc1c\ud835\udc1a\ud835\udc1c\ud835\udc22\ud835\udc28\u0301\ud835\udc27 \ud835\udc1d\ud835\udc1e \ud835\udc2c\ud835\udc22\ud835\udc25\ud835\udc25\ud835\udc1a\ud835\udc2c \ud835\udc1d\ud835\udc1e \ud835\udc2b\ud835\udc2e\ud835\udc1e\ud835\udc1d\ud835\udc1a\ud835\udc2c \ud835\udc32 \ud835\udc1a\ud835\udc27\ud835\udc1d\ud835\udc1a\ud835\udc1d\ud835\udc1e\ud835\udc2b\ud835\udc1a\ud835\udc2c \ud835\udc29\ud835\udc1a\ud835\udc2b\ud835\udc1a \ud835\udc1e\ud835\udc25 \ud835\udc1b\ud835\udc22\ud835\udc1e\ud835\udc27\ud835\udc1e\ud835\udc2c\ud835\udc2d\ud835\udc1a\ud835\udc2b \ud835\udc1e\ud835\udc26\ud835\udc28\ud835\udc1c\ud835\udc22\ud835\udc28\ud835\udc27\ud835\udc1a\ud835\udc25 Con el proyecto \ud835\udc03\ud835\udc22\ud835\udc2c\ud835\udc1e\ud835\udc27\u0303\ud835\udc28 \ud835\udc32 \ud835\udc26\ud835\udc28\ud835\udc1d\ud835\udc22\ud835\udc1f\ud835\udc22\ud835\udc1c\ud835\udc1a\ud835\udc1c\ud835\udc22\ud835\udc28\u0301\ud835\udc27 \ud835\udc1d\ud835\udc1e \ud835\udc2c\ud835\udc22\ud835\udc25\ud835\udc25\ud835\udc1a\ud835\udc2c \ud835\udc1d\ud835\udc1e \ud835\udc2b\ud835\udc2e\ud835\udc1e\ud835\udc1d\ud835\udc1a\ud835\udc2c \ud835\udc32 \ud835\udc1a\ud835\udc27\ud835\udc1d\ud835\udc1a\ud835\udc1d\ud835\udc1e\ud835\udc2b\ud835\udc1a\ud835\udc2c \ud835\udc29\ud835\udc1a\ud835\udc2b\ud835\udc1a \ud835\udc1e\ud835\udc25 \ud835\udc1b\ud835\udc22\ud835\udc1e\ud835\udc27\ud835\udc1e\ud835\udc2c\ud835\udc2d\ud835\udc1a\ud835\udc2b \ud835\udc1e\ud835\udc26\ud835\udc28\ud835\udc1c\ud835\udc22\ud835\udc28\ud835\udc27\ud835\udc1a\ud835\udc25 \ud835\udc1d\ud835\udc1e \ud835\udc27\ud835\udc22\ud835\udc27\u0303\ud835\udc28\ud835\udc2c \ud835\udc21\ud835\udc28\ud835\udc2c\ud835\udc29\ud835\udc22\ud835\udc2d\ud835\udc1a\ud835\udc25\ud835\udc22\ud835\udc33\ud835\udc1a\ud835\udc1d\ud835\udc28\ud835\udc2c, estudiantes de tercer semestre de la Licenciatura en Dise\u00f1o Automotriz de la Universidad Aut\u00f3noma de Tlaxcala (UATx), \u00a0buscan dar nueva [&hellip;]<\/p>\n","protected":false},"author":3,"featured_media":48933,"comment_status":"open","ping_status":"open","sticky":false,"template":"","format":"standard","meta":{"footnotes":""},"categories":[7,213,241],"tags":[],"class_list":["post-48932","post","type-post","status-publish","format-standard","has-post-thumbnail","hentry","category-ciudadanos","category-educacion","category-uatx"],"amp_enabled":true,"_links":{"self":[{"href":"https:\/\/labestiapolitica.com.mx\/index.php?rest_route=\/wp\/v2\/posts\/48932","targetHints":{"allow":["GET"]}}],"collection":[{"href":"https:\/\/labestiapolitica.com.mx\/index.php?rest_route=\/wp\/v2\/posts"}],"about":[{"href":"https:\/\/labestiapolitica.com.mx\/index.php?rest_route=\/wp\/v2\/types\/post"}],"author":[{"embeddable":true,"href":"https:\/\/labestiapolitica.com.mx\/index.php?rest_route=\/wp\/v2\/users\/3"}],"replies":[{"embeddable":true,"href":"https:\/\/labestiapolitica.com.mx\/index.php?rest_route=%2Fwp%2Fv2%2Fcomments&post=48932"}],"version-history":[{"count":1,"href":"https:\/\/labestiapolitica.com.mx\/index.php?rest_route=\/wp\/v2\/posts\/48932\/revisions"}],"predecessor-version":[{"id":48934,"href":"https:\/\/labestiapolitica.com.mx\/index.php?rest_route=\/wp\/v2\/posts\/48932\/revisions\/48934"}],"wp:featuredmedia":[{"embeddable":true,"href":"https:\/\/labestiapolitica.com.mx\/index.php?rest_route=\/wp\/v2\/media\/48933"}],"wp:attachment":[{"href":"https:\/\/labestiapolitica.com.mx\/index.php?rest_route=%2Fwp%2Fv2%2Fmedia&parent=48932"}],"wp:term":[{"taxonomy":"category","embeddable":true,"href":"https:\/\/labestiapolitica.com.mx\/index.php?rest_route=%2Fwp%2Fv2%2Fcategories&post=48932"},{"taxonomy":"post_tag","embeddable":true,"href":"https:\/\/labestiapolitica.com.mx\/index.php?rest_route=%2Fwp%2Fv2%2Ftags&post=48932"}],"curies":[{"name":"wp","href":"https:\/\/api.w.org\/{rel}","templated":true}]}}