{"id":48935,"date":"2025-09-04T16:29:04","date_gmt":"2025-09-04T22:29:04","guid":{"rendered":"https:\/\/labestiapolitica.com.mx\/?p=48935"},"modified":"2025-09-04T16:29:09","modified_gmt":"2025-09-04T22:29:09","slug":"48935","status":"publish","type":"post","link":"https:\/\/labestiapolitica.com.mx\/?p=48935","title":{"rendered":"Modifica Congreso de Tlaxcala integraci\u00f3n de la Comisi\u00f3n de Puntos Constitucionales."},"content":{"rendered":"<p style=\"font-weight: 400; text-align: justify;\">En sesi\u00f3n ordinaria, la LXV Legislatura del Congreso del Estado de Tlaxcala aprob\u00f3 la reforma al Acuerdo de integraci\u00f3n de comisiones ordinarias, con el objetivo de ajustar la conformaci\u00f3n de la Comisi\u00f3n de Puntos Constitucionales, Gobernaci\u00f3n, Justicia y Asuntos Pol\u00edticos.<\/p>\n<p style=\"font-weight: 400; text-align: justify;\">Lo anterior, luego de que la diputada Anel Mart\u00ednez P\u00e9rez manifest\u00f3 su voluntad de dejar de formar parte de dicha comisi\u00f3n para enfocarse en los trabajos de la Comisi\u00f3n de Fomento Agropecuario y Desarrollo Rural, de la cual es presidenta.<\/p>\n<p style=\"font-weight: 400; text-align: justify;\">De esta manera, la Comisi\u00f3n de Puntos Constitucionales, Gobernaci\u00f3n, Justicia y Asuntos Pol\u00edticos queda integrada de la siguiente forma:<\/p>\n<ul style=\"font-weight: 400; text-align: justify;\">\n<li>Presidente: Dip. Jaciel Gonz\u00e1lez Herrera<\/li>\n<li>Vocales:<\/li>\n<li>Dip. Ever Alejandro Campech Avelar<\/li>\n<li>Dip. Lorena Ruiz Garc\u00eda<\/li>\n<li>Dip. Vicente Morales P\u00e9rez<\/li>\n<li>Dip. David Mart\u00ednez del Razo<\/li>\n<li>Dip. Brenda Cecilia Villantes Rodr\u00edguez<\/li>\n<li>Dip. Maribel Le\u00f3n Cruz<\/li>\n<li>Dip. Bladimir Zainos Flores<\/li>\n<li>Dip. Mar\u00eda Aurora Villeda Temoltzin<\/li>\n<li>Dip. Silvano Garay Ulloa<\/li>\n<li>Dip. H\u00e9ctor Israel Ortiz Ortiz<\/li>\n<li>Dip. Blanca \u00c1guila Lima.<\/li>\n<\/ul>\n<p style=\"font-weight: 400; text-align: justify;\">Las siguientes comisiones ordinarias quedan:<\/p>\n<p style=\"font-weight: 400; text-align: justify;\"><strong>Comisi\u00f3n de Asuntos Electorales<\/strong><\/p>\n<p style=\"font-weight: 400; text-align: justify;\">Presidente Dip. Silvano Garay Ulloa<\/p>\n<p style=\"font-weight: 400; text-align: justify;\">Vocal Dip. Brenda Cecilia Villantes Rodr\u00edguez<\/p>\n<p style=\"font-weight: 400; text-align: justify;\">Vocal Dip. Maribel Le\u00f3n Cruz<\/p>\n<p style=\"font-weight: 400; text-align: justify;\">Vocal Dip. Bladimir Zainos Flores<\/p>\n<p style=\"font-weight: 400; text-align: justify;\"><strong>Comisi\u00f3n de Asuntos Municipales<\/strong><\/p>\n<p style=\"font-weight: 400; text-align: justify;\">Presidenta Dip. Sandra Guadalupe Aguilar Vega<\/p>\n<p style=\"font-weight: 400; text-align: justify;\">Vocal Dip. Ever Alejandro Campech Avelar<\/p>\n<p style=\"font-weight: 400; text-align: justify;\">Vocal Dip. Lorena Ruiz Garc\u00eda<\/p>\n<p style=\"font-weight: 400; text-align: justify;\">Vocal Dip. Miguel \u00c1ngel Caballero Yonca<\/p>\n<p style=\"font-weight: 400; text-align: justify;\">Vocal Dip. Miriam Esmeralda Mart\u00ednez S\u00e1nchez<\/p>\n<p style=\"font-weight: 400; text-align: justify;\"><strong>\u00a0<\/strong><\/p>\n<p style=\"font-weight: 400; text-align: justify;\"><strong>Comisi\u00f3n de Movilidad, Comunicaciones y Transporte<\/strong><\/p>\n<p style=\"font-weight: 400; text-align: justify;\">Presidenta Dip. Madai P\u00e9rez Carrillo<\/p>\n<p style=\"font-weight: 400; text-align: justify;\">Vocal Dip. David Mart\u00ednez del Razo<\/p>\n<p style=\"font-weight: 400; text-align: justify;\">Vocal Dip. Soraya Noemi Bocardo Philips<\/p>\n<p style=\"font-weight: 400; text-align: justify;\"><strong>\u00a0<\/strong><\/p>\n<p style=\"font-weight: 400; text-align: justify;\"><strong>Comisi\u00f3n de Asuntos Migratorios<\/strong><\/p>\n<p style=\"font-weight: 400; text-align: justify;\">Presidenta Dip. Engracia Morales Delgado<\/p>\n<p style=\"font-weight: 400; text-align: justify;\">Vocal Dip. Maribel Cervantes Hern\u00e1ndez<\/p>\n<p style=\"font-weight: 400; text-align: justify;\">Vocal Dip. Mar\u00eda Ana Bertha Mastranzo Corona<\/p>\n<p style=\"font-weight: 400; text-align: justify;\"><strong>\u00a0<\/strong><\/p>\n<p style=\"font-weight: 400; text-align: justify;\"><strong>Comisi\u00f3n de Derechos Humanos, Grupos Vulnerables y Derecho de Ni\u00f1as, Ni\u00f1os y Adolescentes<\/strong><\/p>\n<p style=\"font-weight: 400; text-align: justify;\">Presidenta Dip. Gabriela Hern\u00e1ndez Islas<\/p>\n<p style=\"font-weight: 400; text-align: justify;\">Vocal Dip. Bladimir Zainos Flores<\/p>\n<p style=\"font-weight: 400; text-align: justify;\">Vocal Dip. Soraya Noemi Bocardo Philips<\/p>\n<p style=\"font-weight: 400; text-align: justify;\">Vocal Dip. Miriam Esmeralda Mart\u00ednez S\u00e1nchez<\/p>\n<p style=\"font-weight: 400; text-align: justify;\"><strong>\u00a0<\/strong><\/p>\n<p style=\"font-weight: 400; text-align: justify;\"><strong>Comisi\u00f3n de Juventud y Deporte<\/strong><\/p>\n<p style=\"font-weight: 400; text-align: justify;\">Presidente Dip. Emilio De la Pe\u00f1a Aponte<\/p>\n<p style=\"font-weight: 400; text-align: justify;\">Vocal Dip. Mar\u00eda Aurora Villeda Temoltzin<\/p>\n<p style=\"font-weight: 400; text-align: justify;\">Vocal Dip. Silvano Garay Ulloa<\/p>\n<p style=\"font-weight: 400; text-align: justify;\"><strong>Comisi\u00f3n de Educaci\u00f3n, Cultura, Ciencia y Tecnolog\u00eda<\/strong><\/p>\n<p style=\"font-weight: 400; text-align: justify;\">Presidente Dip. H\u00e9ctor Israel Ortiz Ortiz<\/p>\n<p style=\"font-weight: 400; text-align: justify;\">Vocal Dip. Emilio De la Pe\u00f1a Aponte<\/p>\n<p style=\"font-weight: 400; text-align: justify;\">Vocal Dip. Jaciel Gonz\u00e1lez Herrera<\/p>\n<p style=\"font-weight: 400; text-align: justify;\"><strong>Comisi\u00f3n de Igualdad de G\u00e9nero y Contra la Trata de Personas<\/strong><\/p>\n<p style=\"font-weight: 400; text-align: justify;\">Presidenta Dip. Lorena Ru\u00edz Garc\u00eda<\/p>\n<p style=\"font-weight: 400; text-align: justify;\">Vocal Dip. Gabriela Hern\u00e1ndez Islas<\/p>\n<p style=\"font-weight: 400; text-align: justify;\">Vocal Dip. Engracia Morales Delgado<\/p>\n<p style=\"font-weight: 400; text-align: justify;\"><strong>Comisi\u00f3n de Finanzas y Fiscalizaci\u00f3n<\/strong><\/p>\n<p style=\"font-weight: 400; text-align: justify;\">Presidente Dip. Bladimir Zainos Flores<\/p>\n<p style=\"font-weight: 400; text-align: justify;\">Vocal Dip. Ever Alejandro Campech Avelar<\/p>\n<p style=\"font-weight: 400; text-align: justify;\">Vocal Dip. Lorena Ruiz Garc\u00eda<\/p>\n<p style=\"font-weight: 400; text-align: justify;\">Vocal Dip. Vicente Morales P\u00e9rez<\/p>\n<p style=\"font-weight: 400; text-align: justify;\">Vocal Dip. David Mart\u00ednez del Razo<\/p>\n<p style=\"font-weight: 400; text-align: justify;\">Vocal Dip. Miguel \u00c1ngel Caballero Yonca<\/p>\n<p style=\"font-weight: 400; text-align: justify;\">Vocal Dip. Emilio De la Pe\u00f1a Aponte<\/p>\n<p style=\"font-weight: 400; text-align: justify;\">Vocal Dip. Maribel Le\u00f3n Cruz<\/p>\n<p style=\"font-weight: 400; text-align: justify;\">Vocal Dip. Jaciel Gonz\u00e1lez Herrera<\/p>\n<p style=\"font-weight: 400; text-align: justify;\">Vocal Dip. Reyna Flor B\u00e1ez Lozano<\/p>\n<p style=\"font-weight: 400; text-align: justify;\">Vocal Dip. Laura Yamili Flores Lozano<\/p>\n<p style=\"font-weight: 400; text-align: justify;\">Vocal Dip. Maribel Cervantes Hern\u00e1ndez<\/p>\n<p style=\"font-weight: 400; text-align: justify;\">Vocal Dip. H\u00e9ctor Israel Ortiz Ortiz<\/p>\n<p style=\"font-weight: 400; text-align: justify;\">Vocal Dip. Sandra Guadalupe Aguilar Vega<\/p>\n<p style=\"font-weight: 400; text-align: justify;\">Vocal Dip. Miriam Esmeralda Mart\u00ednez S\u00e1nchez<\/p>\n<p style=\"font-weight: 400; text-align: justify;\">Vocal Dip. Engracia Morales Delgado<\/p>\n<p style=\"font-weight: 400; text-align: justify;\"><strong>\u00a0<\/strong><\/p>\n<p style=\"font-weight: 400; text-align: justify;\"><strong>Comisi\u00f3n de Fomento Agropecuario y Desarrollo Rural<\/strong><\/p>\n<p style=\"font-weight: 400; text-align: justify;\">Presidenta Dip. Anel Mart\u00ednez P\u00e9rez<\/p>\n<p style=\"font-weight: 400; text-align: justify;\">Vocal Dip. Maribel Cervantes Hern\u00e1ndez<\/p>\n<p style=\"font-weight: 400; text-align: justify;\">Vocal Dip. Sandra Guadalupe Aguilar Vega<\/p>\n<p style=\"font-weight: 400; text-align: justify;\"><strong>\u00a0<\/strong><\/p>\n<p style=\"font-weight: 400; text-align: justify;\"><strong>Comisi\u00f3n de Desarrollo Econ\u00f3mico<\/strong><\/p>\n<p style=\"font-weight: 400; text-align: justify;\">Presidenta Dip. Mar\u00eda Aurora Villeda Temoltzin<\/p>\n<p style=\"font-weight: 400; text-align: justify;\">Vocal Dip. Silvano Garay Ulloa<\/p>\n<p style=\"font-weight: 400; text-align: justify;\">Vocal Dip. Gabriela Hern\u00e1ndez Islas<\/p>\n<p style=\"font-weight: 400; text-align: justify;\"><strong>\u00a0<\/strong><\/p>\n<p style=\"font-weight: 400; text-align: justify;\"><strong>Comisi\u00f3n Instructora de Juicio Pol\u00edtico, Declaraci\u00f3n de Procedencia, Desafuero y Responsabilidad de Mun\u00edcipes<\/strong><\/p>\n<p style=\"font-weight: 400; text-align: justify;\">Presidente Dip. Miguel \u00c1ngel Caballero Yonca<\/p>\n<p style=\"font-weight: 400; text-align: justify;\">Vocal Dip. Vicente Morales P\u00e9rez<\/p>\n<p style=\"font-weight: 400; text-align: justify;\">Vocal Dip. Emilio De la Pe\u00f1a Aponte<\/p>\n<p style=\"font-weight: 400; text-align: justify;\"><strong>\u00a0<\/strong><\/p>\n<p style=\"font-weight: 400; text-align: justify;\"><strong>Comisi\u00f3n de Obras P\u00fablicas, Desarrollo Urbano y Ecolog\u00eda<\/strong><\/p>\n<p style=\"font-weight: 400; text-align: justify;\">Presidenta Dip. Laura Yamili Flores Lozano<\/p>\n<p style=\"font-weight: 400; text-align: justify;\">Vocal Dip. Madai P\u00e9rez Carrillo<\/p>\n<p style=\"font-weight: 400; text-align: justify;\">Vocal Dip. Sandra Guadalupe Aguilar Vega<\/p>\n<p style=\"font-weight: 400; text-align: justify;\"><strong>\u00a0<\/strong><\/p>\n<p style=\"font-weight: 400; text-align: justify;\"><strong>Comisi\u00f3n de Recursos Hidr\u00e1ulicos<\/strong><\/p>\n<p style=\"font-weight: 400; text-align: justify;\">Presidenta Dip. Maribel Cervantes Hern\u00e1ndez<\/p>\n<p style=\"font-weight: 400; text-align: justify;\">Vocal Dip. Gabriela Hern\u00e1ndez Islas<\/p>\n<p style=\"font-weight: 400; text-align: justify;\">Vocal Dip. Mar\u00eda Ana Bertha Mastranzo Corona<\/p>\n<p style=\"font-weight: 400; text-align: justify;\"><strong>\u00a0<\/strong><\/p>\n<p style=\"font-weight: 400; text-align: justify;\"><strong>Comisi\u00f3n de Salud<\/strong><\/p>\n<p style=\"font-weight: 400; text-align: justify;\">Presidenta Dip. Mar\u00eda Ana Bertha Mastranzo Corona<\/p>\n<p style=\"font-weight: 400; text-align: justify;\">Vocal Dip. Blanca \u00c1guila Lima<\/p>\n<p style=\"font-weight: 400; text-align: justify;\">Vocal Dip. Madai P\u00e9rez Carrillo<\/p>\n<p style=\"font-weight: 400; text-align: justify;\"><strong>Comisi\u00f3n de Protecci\u00f3n Civil, Seguridad P\u00fablica, Prevenci\u00f3n y Reinserci\u00f3n Social<\/strong><\/p>\n<p style=\"font-weight: 400; text-align: justify;\">Presidenta Dip. Brenda Cecilia Villantes Rodr\u00edguez<\/p>\n<p style=\"font-weight: 400; text-align: justify;\">Vocal Dip. Miguel \u00c1ngel Caballero Yonca<\/p>\n<p style=\"font-weight: 400; text-align: justify;\">Vocal Dip. Reyna Flor B\u00e1ez Lozano<\/p>\n<p style=\"font-weight: 400; text-align: justify;\"><strong>Comisi\u00f3n de Trabajo y Competitividad, Seguridad Social y Previsi\u00f3n Social<\/strong><\/p>\n<p style=\"font-weight: 400; text-align: justify;\">Presidenta Dip. Blanca \u00c1guila Lima<\/p>\n<p style=\"font-weight: 400; text-align: justify;\">Vocal Dip. Madai P\u00e9rez Carrillo<\/p>\n<p style=\"font-weight: 400; text-align: justify;\">Vocal Dip. Anel Mart\u00ednez P\u00e9rez<\/p>\n<p style=\"font-weight: 400; text-align: justify;\"><strong>\u00a0<\/strong><\/p>\n<p style=\"font-weight: 400; text-align: justify;\"><strong>Comisi\u00f3n de Turismo<\/strong><\/p>\n<p style=\"font-weight: 400; text-align: justify;\">Presidenta Dip. Soraya Noemi Bocardo Phillips<\/p>\n<p style=\"font-weight: 400; text-align: justify;\">Vocal Dip. Engracia Morales Delgado<\/p>\n<p style=\"font-weight: 400; text-align: justify;\">Vocal Dip. Laura Yamili Flores Lozano<\/p>\n<p style=\"font-weight: 400; text-align: justify;\"><strong>Comisi\u00f3n de Informaci\u00f3n P\u00fablica y Protecci\u00f3n de Datos Personales<\/strong><\/p>\n<p style=\"font-weight: 400; text-align: justify;\">Presidente Dip. David Mart\u00ednez del Razo<\/p>\n<p style=\"font-weight: 400; text-align: justify;\">Vocal Dip. Vicente Morales P\u00e9rez<\/p>\n<p style=\"font-weight: 400; text-align: justify;\">Vocal Dip. Jaciel Gonz\u00e1lez Herrera<\/p>\n<p style=\"font-weight: 400; text-align: justify;\">Vocal Dip. Blanca \u00c1guila Lima<\/p>\n<p style=\"font-weight: 400; text-align: justify;\"><strong>\u00a0<\/strong><\/p>\n<p style=\"font-weight: 400; text-align: justify;\"><strong>Comisi\u00f3n de Medio Ambiente y Recursos Naturales<\/strong><\/p>\n<p style=\"font-weight: 400; text-align: justify;\">Presidente Dip. Ever Alejandro Campech Avelar<\/p>\n<p style=\"font-weight: 400; text-align: justify;\">Vocal Dip. Mar\u00eda Aurora Villeda Temoltzin<\/p>\n<p style=\"font-weight: 400; text-align: justify;\">Vocal Dip. H\u00e9ctor Israel Ortiz Ortiz<\/p>\n<p style=\"font-weight: 400; text-align: justify;\"><strong>Comisi\u00f3n del Bienestar y Desarrollo Social<\/strong><\/p>\n<p style=\"font-weight: 400; text-align: justify;\">Presidenta Dip. Maribel Le\u00f3n Cruz<\/p>\n<p style=\"font-weight: 400; text-align: justify;\">Vocal Dip. Laura Yamili Flores Lozano<\/p>\n<p style=\"font-weight: 400; text-align: justify;\">Vocal Dip. Mar\u00eda Ana Bertha Mastranzo Corona<\/p>\n<p style=\"font-weight: 400; text-align: justify;\"><strong>Comisi\u00f3n de Fomento Artesanal y MIPYMES<\/strong><\/p>\n<p style=\"font-weight: 400; text-align: justify;\">Presidenta Dip. Miriam Esmeralda Mart\u00ednez S\u00e1nchez<\/p>\n<p style=\"font-weight: 400; text-align: justify;\">Vocal Dip. Reyna Flor B\u00e1ez Lozano<\/p>\n<p style=\"font-weight: 400; text-align: justify;\">Vocal Dip. Brenda Cecilia Villantes Rodr\u00edguez<\/p>\n<p style=\"font-weight: 400; text-align: justify;\"><strong>\u00a0<\/strong><\/p>\n<p style=\"font-weight: 400; text-align: justify;\"><strong>Comisi\u00f3n de la Familia y su Desarrollo Integral<\/strong><\/p>\n<p style=\"font-weight: 400; text-align: justify;\">Presidenta Dip. Reyna Flor B\u00e1ez Lozano<\/p>\n<p style=\"font-weight: 400; text-align: justify;\">Vocal Dip. Anel Mart\u00ednez P\u00e9rez<\/p>\n<p style=\"font-weight: 400; text-align: justify;\">Vocal Dip. Soraya Noemi Bocardo Phillips<\/p>\n<p style=\"font-weight: 400; text-align: justify;\">Finalmente, se instruy\u00f3 a la Secretar\u00eda Parlamentaria a poner a disposici\u00f3n de cada comisi\u00f3n los dict\u00e1menes e iniciativas pendientes de aprobaci\u00f3n de la Legislatura anterior. Con este acto se sientan las bases para un inicio de sesi\u00f3n legislativa con enfoque en la continuidad de los trabajos y la atenci\u00f3n a los pendientes, reafirmando el compromiso con el deber legislativo y el servicio a la ciudadan\u00eda.<\/p>\n<p>&nbsp;<\/p>\n<p><img loading=\"lazy\" decoding=\"async\" class=\"alignnone size-full wp-image-28405\" src=\"https:\/\/labestiapolitica.com.mx\/wp-content\/uploads\/2024\/06\/U-NOVA-y-se-diferente.png\" alt=\"\" width=\"1000\" height=\"600\" srcset=\"https:\/\/labestiapolitica.com.mx\/wp-content\/uploads\/2024\/06\/U-NOVA-y-se-diferente.png 1000w, https:\/\/labestiapolitica.com.mx\/wp-content\/uploads\/2024\/06\/U-NOVA-y-se-diferente-300x180.png 300w, https:\/\/labestiapolitica.com.mx\/wp-content\/uploads\/2024\/06\/U-NOVA-y-se-diferente-768x461.png 768w\" sizes=\"auto, (max-width: 1000px) 100vw, 1000px\" \/><\/p>\n","protected":false},"excerpt":{"rendered":"<p>En sesi\u00f3n ordinaria, la LXV Legislatura del Congreso del Estado de Tlaxcala aprob\u00f3 la reforma al Acuerdo de integraci\u00f3n de comisiones ordinarias, con el objetivo de ajustar la conformaci\u00f3n de la Comisi\u00f3n de Puntos Constitucionales, Gobernaci\u00f3n, Justicia y Asuntos Pol\u00edticos. Lo anterior, luego de que la diputada Anel Mart\u00ednez P\u00e9rez manifest\u00f3 su voluntad de dejar [&hellip;]<\/p>\n","protected":false},"author":3,"featured_media":48936,"comment_status":"open","ping_status":"open","sticky":false,"template":"","format":"standard","meta":{"footnotes":""},"categories":[7,224],"tags":[],"class_list":["post-48935","post","type-post","status-publish","format-standard","has-post-thumbnail","hentry","category-ciudadanos","category-congreso-del-estado-de-tlaxcala"],"amp_enabled":true,"_links":{"self":[{"href":"https:\/\/labestiapolitica.com.mx\/index.php?rest_route=\/wp\/v2\/posts\/48935","targetHints":{"allow":["GET"]}}],"collection":[{"href":"https:\/\/labestiapolitica.com.mx\/index.php?rest_route=\/wp\/v2\/posts"}],"about":[{"href":"https:\/\/labestiapolitica.com.mx\/index.php?rest_route=\/wp\/v2\/types\/post"}],"author":[{"embeddable":true,"href":"https:\/\/labestiapolitica.com.mx\/index.php?rest_route=\/wp\/v2\/users\/3"}],"replies":[{"embeddable":true,"href":"https:\/\/labestiapolitica.com.mx\/index.php?rest_route=%2Fwp%2Fv2%2Fcomments&post=48935"}],"version-history":[{"count":2,"href":"https:\/\/labestiapolitica.com.mx\/index.php?rest_route=\/wp\/v2\/posts\/48935\/revisions"}],"predecessor-version":[{"id":48938,"href":"https:\/\/labestiapolitica.com.mx\/index.php?rest_route=\/wp\/v2\/posts\/48935\/revisions\/48938"}],"wp:featuredmedia":[{"embeddable":true,"href":"https:\/\/labestiapolitica.com.mx\/index.php?rest_route=\/wp\/v2\/media\/48936"}],"wp:attachment":[{"href":"https:\/\/labestiapolitica.com.mx\/index.php?rest_route=%2Fwp%2Fv2%2Fmedia&parent=48935"}],"wp:term":[{"taxonomy":"category","embeddable":true,"href":"https:\/\/labestiapolitica.com.mx\/index.php?rest_route=%2Fwp%2Fv2%2Fcategories&post=48935"},{"taxonomy":"post_tag","embeddable":true,"href":"https:\/\/labestiapolitica.com.mx\/index.php?rest_route=%2Fwp%2Fv2%2Ftags&post=48935"}],"curies":[{"name":"wp","href":"https:\/\/api.w.org\/{rel}","templated":true}]}}