{"id":48939,"date":"2025-09-04T16:34:10","date_gmt":"2025-09-04T22:34:10","guid":{"rendered":"https:\/\/labestiapolitica.com.mx\/?p=48939"},"modified":"2025-09-04T16:34:10","modified_gmt":"2025-09-04T22:34:10","slug":"uatx-y-cecyte-ratifican-convenio-de-colaboracion","status":"publish","type":"post","link":"https:\/\/labestiapolitica.com.mx\/?p=48939","title":{"rendered":"UATx y CECyTE ratifican convenio de colaboraci\u00f3n."},"content":{"rendered":"<ul>\n<li style=\"font-weight: 400; text-align: justify;\">Impulsan la cooperaci\u00f3n acad\u00e9mica, cient\u00edfica, tecnol\u00f3gica y cultural<\/li>\n<\/ul>\n<p style=\"font-weight: 400; text-align: justify;\">En sinton\u00eda con la estrategia del Gobierno Federal para fortalecer la educaci\u00f3n media superior, se genera un escenario favorable para el crecimiento de la matr\u00edcula universitaria en M\u00e9xico, afirm\u00f3 el Doctor Seraf\u00edn Ortiz Ortiz, Rector de la Universidad Aut\u00f3noma de Tlaxcala (UATx), \u00a0durante la\u00a0\ud835\udc1f\ud835\udc22\ud835\udc2b\ud835\udc26\ud835\udc1a\u00a0\ud835\udc1d\ud835\udc1e\u00a0\ud835\udc2b\ud835\udc1a\ud835\udc2d\ud835\udc22\ud835\udc1f\ud835\udc22\ud835\udc1c\ud835\udc1a\ud835\udc1c\ud835\udc22\ud835\udc28\u0301\ud835\udc27\u00a0\ud835\udc1d\ud835\udc1e\u00a0\ud835\udc1c\ud835\udc28\ud835\udc27\ud835\udc2f\ud835\udc1e\ud835\udc27\ud835\udc22\ud835\udc28\u00a0con el Colegio de Estudios Cient\u00edficos y Tecnol\u00f3gicos del Estado de Tlaxcala (CECyTE\u2013EMSaD), encabezado por el Maestro Blas Marvin Mora Olvera, Director General.<\/p>\n<p style=\"font-weight: 400; text-align: justify;\">El Doctor Ortiz Ortiz indic\u00f3 que gracias a la vinculaci\u00f3n acad\u00e9mica que han establecido la Facultad de Ciencias para el Desarrollo Humano y el CECyTE\u2013EMSaD, se consolida esta alianza interinstitucional mediante convenios que\u00a0fortalecen la cooperaci\u00f3n acad\u00e9mica, cient\u00edfica, tecnol\u00f3gica y cultural, con el firme compromiso de beneficiar a estudiantes y docentes.<\/p>\n<p style=\"font-weight: 400; text-align: justify;\">Asimismo, el Rector de la UATx remarc\u00f3 que esta colaboraci\u00f3n une esfuerzos y abre nuevas oportunidades para educandos y profesores al promover una educaci\u00f3n con sentido social, excelencia y visi\u00f3n transformadora.<\/p>\n<p style=\"font-weight: 400; text-align: justify;\">En su momento, el Maestro Blas Marvin Mora mencion\u00f3 que la ratificaci\u00f3n del convenio entre ambas instituciones puede convertirse en un precedente importante dentro del marco de esta nueva ley federal, consolidando una alianza que avanzar\u00e1 en beneficio de las y los tlaxcaltecas.<\/p>\n<p style=\"font-weight: 400; text-align: justify;\">Precis\u00f3 que esta acci\u00f3n acad\u00e9mica contempla acciones clave como capacitaci\u00f3n, asesor\u00eda, cursos, talleres, seminarios, conferencias y servicio social. Adem\u00e1s, abre la puerta a la colaboraci\u00f3n en proyectos conjuntos de investigaci\u00f3n y desarrollo tecnol\u00f3gico, e impulsa iniciativas que fortalecen el quehacer cient\u00edfico y tecnol\u00f3gico en \u00e1reas de inter\u00e9s com\u00fan.<\/p>\n<p style=\"font-weight: 400; text-align: justify;\">Por su parte, el Doctor Josu\u00e9 Antonio Camacho Candia, Director de la Facultad de Ciencias para el Desarrollo Humano, subray\u00f3 que en los \u00faltimos a\u00f1os se ha afianzado una s\u00f3lida vinculaci\u00f3n con la Secretar\u00eda de Educaci\u00f3n P\u00fablica en distintos niveles de la educaci\u00f3n b\u00e1sica, misma que se traduce en acciones concretas en educaci\u00f3n inicial, preescolar, secundaria y media superior a trav\u00e9s de actividades de capacitaci\u00f3n, formaci\u00f3n, servicio social y acompa\u00f1amiento profesional.<\/p>\n<p style=\"font-weight: 400; text-align: justify;\">Al t\u00e9rmino de esta firma de ratificaci\u00f3n de convenio se brind\u00f3 la conferencia Educaci\u00f3n inclusiva en el nivel medio superior \u201cHaciendo camino al andar\u201d, a cargo de la Doctora Andrea Sald\u00edvar Reyes, Docente de la Facultad de Ciencias para el Desarrollo Humano.<\/p>\n<p>&nbsp;<\/p>\n<p><img loading=\"lazy\" decoding=\"async\" class=\"alignnone size-full wp-image-28405\" src=\"https:\/\/labestiapolitica.com.mx\/wp-content\/uploads\/2024\/06\/U-NOVA-y-se-diferente.png\" alt=\"\" width=\"1000\" height=\"600\" srcset=\"https:\/\/labestiapolitica.com.mx\/wp-content\/uploads\/2024\/06\/U-NOVA-y-se-diferente.png 1000w, https:\/\/labestiapolitica.com.mx\/wp-content\/uploads\/2024\/06\/U-NOVA-y-se-diferente-300x180.png 300w, https:\/\/labestiapolitica.com.mx\/wp-content\/uploads\/2024\/06\/U-NOVA-y-se-diferente-768x461.png 768w\" sizes=\"auto, (max-width: 1000px) 100vw, 1000px\" \/><\/p>\n","protected":false},"excerpt":{"rendered":"<p>Impulsan la cooperaci\u00f3n acad\u00e9mica, cient\u00edfica, tecnol\u00f3gica y cultural En sinton\u00eda con la estrategia del Gobierno Federal para fortalecer la educaci\u00f3n media superior, se genera un escenario favorable para el crecimiento de la matr\u00edcula universitaria en M\u00e9xico, afirm\u00f3 el Doctor Seraf\u00edn Ortiz Ortiz, Rector de la Universidad Aut\u00f3noma de Tlaxcala (UATx), \u00a0durante la\u00a0\ud835\udc1f\ud835\udc22\ud835\udc2b\ud835\udc26\ud835\udc1a\u00a0\ud835\udc1d\ud835\udc1e\u00a0\ud835\udc2b\ud835\udc1a\ud835\udc2d\ud835\udc22\ud835\udc1f\ud835\udc22\ud835\udc1c\ud835\udc1a\ud835\udc1c\ud835\udc22\ud835\udc28\u0301\ud835\udc27\u00a0\ud835\udc1d\ud835\udc1e\u00a0\ud835\udc1c\ud835\udc28\ud835\udc27\ud835\udc2f\ud835\udc1e\ud835\udc27\ud835\udc22\ud835\udc28\u00a0con el Colegio de [&hellip;]<\/p>\n","protected":false},"author":3,"featured_media":48940,"comment_status":"open","ping_status":"open","sticky":false,"template":"","format":"standard","meta":{"footnotes":""},"categories":[7,213,241],"tags":[],"class_list":["post-48939","post","type-post","status-publish","format-standard","has-post-thumbnail","hentry","category-ciudadanos","category-educacion","category-uatx"],"amp_enabled":true,"_links":{"self":[{"href":"https:\/\/labestiapolitica.com.mx\/index.php?rest_route=\/wp\/v2\/posts\/48939","targetHints":{"allow":["GET"]}}],"collection":[{"href":"https:\/\/labestiapolitica.com.mx\/index.php?rest_route=\/wp\/v2\/posts"}],"about":[{"href":"https:\/\/labestiapolitica.com.mx\/index.php?rest_route=\/wp\/v2\/types\/post"}],"author":[{"embeddable":true,"href":"https:\/\/labestiapolitica.com.mx\/index.php?rest_route=\/wp\/v2\/users\/3"}],"replies":[{"embeddable":true,"href":"https:\/\/labestiapolitica.com.mx\/index.php?rest_route=%2Fwp%2Fv2%2Fcomments&post=48939"}],"version-history":[{"count":1,"href":"https:\/\/labestiapolitica.com.mx\/index.php?rest_route=\/wp\/v2\/posts\/48939\/revisions"}],"predecessor-version":[{"id":48941,"href":"https:\/\/labestiapolitica.com.mx\/index.php?rest_route=\/wp\/v2\/posts\/48939\/revisions\/48941"}],"wp:featuredmedia":[{"embeddable":true,"href":"https:\/\/labestiapolitica.com.mx\/index.php?rest_route=\/wp\/v2\/media\/48940"}],"wp:attachment":[{"href":"https:\/\/labestiapolitica.com.mx\/index.php?rest_route=%2Fwp%2Fv2%2Fmedia&parent=48939"}],"wp:term":[{"taxonomy":"category","embeddable":true,"href":"https:\/\/labestiapolitica.com.mx\/index.php?rest_route=%2Fwp%2Fv2%2Fcategories&post=48939"},{"taxonomy":"post_tag","embeddable":true,"href":"https:\/\/labestiapolitica.com.mx\/index.php?rest_route=%2Fwp%2Fv2%2Ftags&post=48939"}],"curies":[{"name":"wp","href":"https:\/\/api.w.org\/{rel}","templated":true}]}}