{"id":49380,"date":"2025-09-10T20:47:33","date_gmt":"2025-09-11T02:47:33","guid":{"rendered":"https:\/\/labestiapolitica.com.mx\/?p=49380"},"modified":"2025-09-18T08:40:23","modified_gmt":"2025-09-18T14:40:23","slug":"pan-tlaxcala-respalda-plan-nacional-para-cuidar-la-economia-familiar","status":"publish","type":"post","link":"https:\/\/labestiapolitica.com.mx\/?p=49380","title":{"rendered":"PAN Tlaxcala respalda plan nacional para cuidar la econom\u00eda familiar."},"content":{"rendered":"<p style=\"text-align: justify;\">Guti\u00e9rrez\u00a0 Hern\u00e1ndez calific\u00f3 el Paquete Econ\u00f3mico 2026 como irresponsable y clientelar, al se\u00f1alar que multiplica la deuda p\u00fablica mientras abandona a las familias mexicanas.<\/p>\n<p style=\"text-align: justify;\">El dirigente estatal del Partido Acci\u00f3n Nacional en Tlaxcala, \u00c1ngelo Guti\u00e9rrez Hern\u00e1ndez, expres\u00f3 su apoyo a la postura del Grupo Parlamentario del PAN en la C\u00e1mara de Diputados frente al Paquete Econ\u00f3mico 2026, al advertir que el gobierno federal propone m\u00e1s impuestos, m\u00e1s deuda y menos apoyo en \u00e1reas fundamentales como salud, seguridad y econom\u00eda familiar.<\/p>\n<p style=\"text-align: justify;\">\u201cDesde Tlaxcala levantamos la voz para refrendar lo que nuestros diputados federales han denunciado: este es un presupuesto hipotecario que compromete el futuro de millones de mexicanos. Morena prefiere obras fara\u00f3nicas y proyectos fracasados, mientras se recorta en lo que de verdad importa: medicinas, hospitales y seguridad para las familias\u201d, se\u00f1al\u00f3 Guti\u00e9rrez Hern\u00e1ndez.<\/p>\n<p style=\"text-align: justify;\">El l\u00edder estatal reconoci\u00f3 las seis medidas que Acci\u00f3n Nacional present\u00f3 a nivel federal como un plan viable para defender la econom\u00eda familiar: Agua sin IVA: eliminar el impuesto en cualquier presentaci\u00f3n de agua;\u00a0 Fondo Nacional de Salud: destinar lo recaudado por IEPS exclusivamente a hospitales, medicinas y atenci\u00f3n m\u00e9dica; Salario completo sin ISR: sueldo \u00edntegro para quienes ganen hasta $16,728;\u00a0 Aguinaldo libre: entrega completa del aguinaldo, sin descuentos;\u00a0 Gasolina a m\u00e1ximo 20 pesos: reducci\u00f3n del IEPS para garantizar este precio;\u00a0 y medicinas deducibles: permitir la deducci\u00f3n fiscal del gasto en medicamentos.<\/p>\n<p style=\"text-align: justify;\">Guti\u00e9rrez\u00a0 Hern\u00e1ndez calific\u00f3 el Paquete Econ\u00f3mico 2026 como irresponsable y clientelar, al se\u00f1alar que multiplica la deuda p\u00fablica mientras abandona a las familias mexicanas.<\/p>\n<p style=\"text-align: justify;\">\u201cHoy tenemos un gobierno que duplic\u00f3 la deuda de toda la historia del pa\u00eds y que, a pesar de ello, no resuelve lo que m\u00e1s duele a la gente: la falta de medicinas, la inseguridad y los precios altos. En Acci\u00f3n Nacional tenemos claro que s\u00ed hay alternativas responsables para mejorar la vida de las familias tlaxcaltecas y mexicanas\u201d, recalc\u00f3.<\/p>\n<p style=\"text-align: justify;\">Con esta postura, el PAN Tlaxcala se suma a la exigencia nacional de replantear el paquete econ\u00f3mico, priorizando la salud, la econom\u00eda familiar y la seguridad por encima de proyectos sin rumbo y propaganda pol\u00edtica, finaliz\u00f3 el dirigente panista local.<\/p>\n<p>&nbsp;<\/p>\n<p><img loading=\"lazy\" decoding=\"async\" class=\"alignnone size-full wp-image-28405\" src=\"https:\/\/labestiapolitica.com.mx\/wp-content\/uploads\/2024\/06\/U-NOVA-y-se-diferente.png\" alt=\"\" width=\"1000\" height=\"600\" srcset=\"https:\/\/labestiapolitica.com.mx\/wp-content\/uploads\/2024\/06\/U-NOVA-y-se-diferente.png 1000w, https:\/\/labestiapolitica.com.mx\/wp-content\/uploads\/2024\/06\/U-NOVA-y-se-diferente-300x180.png 300w, https:\/\/labestiapolitica.com.mx\/wp-content\/uploads\/2024\/06\/U-NOVA-y-se-diferente-768x461.png 768w\" sizes=\"auto, (max-width: 1000px) 100vw, 1000px\" \/><\/p>\n","protected":false},"excerpt":{"rendered":"<p>Guti\u00e9rrez\u00a0 Hern\u00e1ndez calific\u00f3 el Paquete Econ\u00f3mico 2026 como irresponsable y clientelar, al se\u00f1alar que multiplica la deuda p\u00fablica mientras abandona a las familias mexicanas. El dirigente estatal del Partido Acci\u00f3n Nacional en Tlaxcala, \u00c1ngelo Guti\u00e9rrez Hern\u00e1ndez, expres\u00f3 su apoyo a la postura del Grupo Parlamentario del PAN en la C\u00e1mara de Diputados frente al Paquete [&hellip;]<\/p>\n","protected":false},"author":3,"featured_media":49381,"comment_status":"open","ping_status":"open","sticky":false,"template":"","format":"standard","meta":{"footnotes":""},"categories":[6],"tags":[],"class_list":["post-49380","post","type-post","status-publish","format-standard","has-post-thumbnail","hentry","category-opinion"],"amp_enabled":true,"_links":{"self":[{"href":"https:\/\/labestiapolitica.com.mx\/index.php?rest_route=\/wp\/v2\/posts\/49380","targetHints":{"allow":["GET"]}}],"collection":[{"href":"https:\/\/labestiapolitica.com.mx\/index.php?rest_route=\/wp\/v2\/posts"}],"about":[{"href":"https:\/\/labestiapolitica.com.mx\/index.php?rest_route=\/wp\/v2\/types\/post"}],"author":[{"embeddable":true,"href":"https:\/\/labestiapolitica.com.mx\/index.php?rest_route=\/wp\/v2\/users\/3"}],"replies":[{"embeddable":true,"href":"https:\/\/labestiapolitica.com.mx\/index.php?rest_route=%2Fwp%2Fv2%2Fcomments&post=49380"}],"version-history":[{"count":2,"href":"https:\/\/labestiapolitica.com.mx\/index.php?rest_route=\/wp\/v2\/posts\/49380\/revisions"}],"predecessor-version":[{"id":49730,"href":"https:\/\/labestiapolitica.com.mx\/index.php?rest_route=\/wp\/v2\/posts\/49380\/revisions\/49730"}],"wp:featuredmedia":[{"embeddable":true,"href":"https:\/\/labestiapolitica.com.mx\/index.php?rest_route=\/wp\/v2\/media\/49381"}],"wp:attachment":[{"href":"https:\/\/labestiapolitica.com.mx\/index.php?rest_route=%2Fwp%2Fv2%2Fmedia&parent=49380"}],"wp:term":[{"taxonomy":"category","embeddable":true,"href":"https:\/\/labestiapolitica.com.mx\/index.php?rest_route=%2Fwp%2Fv2%2Fcategories&post=49380"},{"taxonomy":"post_tag","embeddable":true,"href":"https:\/\/labestiapolitica.com.mx\/index.php?rest_route=%2Fwp%2Fv2%2Ftags&post=49380"}],"curies":[{"name":"wp","href":"https:\/\/api.w.org\/{rel}","templated":true}]}}