{"id":49785,"date":"2025-09-18T20:02:48","date_gmt":"2025-09-19T02:02:48","guid":{"rendered":"https:\/\/labestiapolitica.com.mx\/?p=49785"},"modified":"2025-09-29T14:57:39","modified_gmt":"2025-09-29T20:57:39","slug":"40-anos-de-resiliencia-las-lecciones-del-19-de-septiembre","status":"publish","type":"post","link":"https:\/\/labestiapolitica.com.mx\/?p=49785","title":{"rendered":"40 a\u00f1os de resiliencia: las lecciones del 19 de septiembre."},"content":{"rendered":"<p style=\"text-align: justify; line-height: 115%;\"><span style=\"font-family: 'Arial',sans-serif;\">El 19 de septiembre no es una fecha en el calendario mexicano: es una herida y, al mismo tiempo, una cicatriz. Hoy, cuatro d\u00e9cadas despu\u00e9s del terremoto de 1985, recordamos aquel amanecer en que la Ciudad de M\u00e9xico se derrumb\u00f3 sobre s\u00ed misma. Miles de vidas quedaron sepultadas bajo concreto y polvo, y el pa\u00eds entero descubri\u00f3 la fragilidad de una metr\u00f3poli erigida sobre suelo traicionero. Pero de esas ruinas surgi\u00f3 algo m\u00e1s poderoso que el acero y el cemento: una ciudadan\u00eda que, sin esperar \u00f3rdenes, rescat\u00f3, sostuvo, cur\u00f3 y exigi\u00f3. Los \u201ctopos\u201d \u2014h\u00e9roes an\u00f3nimos\u2014 simbolizaron la dignidad de un pueblo que no se resign\u00f3 a la tragedia ni al silencio oficial.<\/span><\/p>\n<p style=\"text-align: justify; line-height: 115%;\"><span style=\"font-family: 'Arial',sans-serif;\">De aquel dolor nacieron instituciones y h\u00e1bitos que nos definen: el Sistema de Alerta S\u00edsmica, c\u00f3digos de construcci\u00f3n m\u00e1s estrictos, simulacros que cada 19 de septiembre detienen al pa\u00eds para recordarnos que la prevenci\u00f3n salva vidas. No fue un regalo del gobierno, sino una conquista ciudadana.<\/span><\/p>\n<p style=\"text-align: justify; line-height: 115%;\"><span style=\"font-family: 'Arial',sans-serif;\">Treinta y dos a\u00f1os despu\u00e9s, en 2017, la tierra volvi\u00f3 a sacudirnos. Otra vez cayeron edificios, otra vez lloramos a cientos de v\u00edctimas. Pero tambi\u00e9n fue evidente que hab\u00edamos aprendido: los protocolos se activaron, los voluntarios se multiplicaron. Quedaron expuestas desigualdades \u2014construcciones precarias en barrios pobres\u2014, pero la respuesta fue m\u00e1s r\u00e1pida, m\u00e1s consciente, m\u00e1s organizada. El pa\u00eds hab\u00eda pasado de la improvisaci\u00f3n a la cultura de la protecci\u00f3n civil, entendiendo que la resiliencia no se improvisa: se educa, se entrena, se construye cada d\u00eda.<\/span><\/p>\n<p style=\"text-align: justify; line-height: 115%;\"><span style=\"font-family: 'Arial',sans-serif;\">Sin embargo, no todos los pueblos enfrentan la furia de la naturaleza con las mismas herramientas. En Afganist\u00e1n, un reciente terremoto en Nangarhar dej\u00f3 m\u00e1s de dos mil muertos. All\u00ed, las v\u00edctimas no fueron s\u00f3lo de la tierra que tembl\u00f3, sino de los dogmas que encadenan a las mujeres: muchas quedaron atrapadas sin rescate porque la religi\u00f3n prohibi\u00f3 a hombres tocarlas; otras murieron sin atenci\u00f3n m\u00e9dica porque no ten\u00edan un tutor masculino que las acompa\u00f1ara. La naturaleza derrumb\u00f3 edificios; las normas derrumbaron la dignidad.<\/span><\/p>\n<p style=\"text-align: justify; line-height: 115%;\"><span style=\"font-family: 'Arial',sans-serif;\">Mientras M\u00e9xico ha hecho de la inclusi\u00f3n su fuerza, Afganist\u00e1n nos muestra el reverso: cuando la cultura de prevenci\u00f3n cede ante la cultura de la exclusi\u00f3n, el desastre natural se convierte en cat\u00e1strofe humana. <\/span><\/p>\n<p style=\"text-align: justify; line-height: 115%;\"><span style=\"font-family: 'Arial',sans-serif;\">Por eso, al conmemorar a las v\u00edctimas de 1985 y 2017, no s\u00f3lo hablamos de memoria: hablamos de futuro. La mejor manera de honrarlas es fortalecer una protecci\u00f3n civil que sea equitativa, laica y solidaria. Invertir en educaci\u00f3n, tecnolog\u00eda y comunidad. Entender que, tarde o temprano, la tierra volver\u00e1 a moverse, pero que lo verdaderamente inm\u00f3vil debe ser nuestra convicci\u00f3n de que ninguna vida es sacrificable, ninguna voz prescindible, ning\u00fan cuerpo invisible.<\/span><\/p>\n<p>-Anabel Alvarado<\/p>\n<p>&nbsp;<\/p>\n<p><img loading=\"lazy\" decoding=\"async\" class=\"alignnone size-full wp-image-28405\" src=\"https:\/\/labestiapolitica.com.mx\/wp-content\/uploads\/2024\/06\/U-NOVA-y-se-diferente.png\" alt=\"\" width=\"1000\" height=\"600\" srcset=\"https:\/\/labestiapolitica.com.mx\/wp-content\/uploads\/2024\/06\/U-NOVA-y-se-diferente.png 1000w, https:\/\/labestiapolitica.com.mx\/wp-content\/uploads\/2024\/06\/U-NOVA-y-se-diferente-300x180.png 300w, https:\/\/labestiapolitica.com.mx\/wp-content\/uploads\/2024\/06\/U-NOVA-y-se-diferente-768x461.png 768w\" sizes=\"auto, (max-width: 1000px) 100vw, 1000px\" \/><\/p>\n","protected":false},"excerpt":{"rendered":"<p>El 19 de septiembre no es una fecha en el calendario mexicano: es una herida y, al mismo tiempo, una cicatriz. Hoy, cuatro d\u00e9cadas despu\u00e9s del terremoto de 1985, recordamos aquel amanecer en que la Ciudad de M\u00e9xico se derrumb\u00f3 sobre s\u00ed misma. Miles de vidas quedaron sepultadas bajo concreto y polvo, y el pa\u00eds [&hellip;]<\/p>\n","protected":false},"author":3,"featured_media":39724,"comment_status":"open","ping_status":"open","sticky":false,"template":"","format":"standard","meta":{"footnotes":""},"categories":[6],"tags":[],"class_list":["post-49785","post","type-post","status-publish","format-standard","has-post-thumbnail","hentry","category-opinion"],"amp_enabled":true,"_links":{"self":[{"href":"https:\/\/labestiapolitica.com.mx\/index.php?rest_route=\/wp\/v2\/posts\/49785","targetHints":{"allow":["GET"]}}],"collection":[{"href":"https:\/\/labestiapolitica.com.mx\/index.php?rest_route=\/wp\/v2\/posts"}],"about":[{"href":"https:\/\/labestiapolitica.com.mx\/index.php?rest_route=\/wp\/v2\/types\/post"}],"author":[{"embeddable":true,"href":"https:\/\/labestiapolitica.com.mx\/index.php?rest_route=\/wp\/v2\/users\/3"}],"replies":[{"embeddable":true,"href":"https:\/\/labestiapolitica.com.mx\/index.php?rest_route=%2Fwp%2Fv2%2Fcomments&post=49785"}],"version-history":[{"count":1,"href":"https:\/\/labestiapolitica.com.mx\/index.php?rest_route=\/wp\/v2\/posts\/49785\/revisions"}],"predecessor-version":[{"id":49786,"href":"https:\/\/labestiapolitica.com.mx\/index.php?rest_route=\/wp\/v2\/posts\/49785\/revisions\/49786"}],"wp:featuredmedia":[{"embeddable":true,"href":"https:\/\/labestiapolitica.com.mx\/index.php?rest_route=\/wp\/v2\/media\/39724"}],"wp:attachment":[{"href":"https:\/\/labestiapolitica.com.mx\/index.php?rest_route=%2Fwp%2Fv2%2Fmedia&parent=49785"}],"wp:term":[{"taxonomy":"category","embeddable":true,"href":"https:\/\/labestiapolitica.com.mx\/index.php?rest_route=%2Fwp%2Fv2%2Fcategories&post=49785"},{"taxonomy":"post_tag","embeddable":true,"href":"https:\/\/labestiapolitica.com.mx\/index.php?rest_route=%2Fwp%2Fv2%2Ftags&post=49785"}],"curies":[{"name":"wp","href":"https:\/\/api.w.org\/{rel}","templated":true}]}}