{"id":49840,"date":"2025-09-19T16:29:46","date_gmt":"2025-09-19T22:29:46","guid":{"rendered":"https:\/\/labestiapolitica.com.mx\/?p=49840"},"modified":"2025-09-19T16:29:46","modified_gmt":"2025-09-19T22:29:46","slug":"impulsa-lorena-ruiz-capacitacion-policial-en-perspectiva-de-genero-2","status":"publish","type":"post","link":"https:\/\/labestiapolitica.com.mx\/?p=49840","title":{"rendered":"Impulsa Lorena Ruiz capacitaci\u00f3n policial en perspectiva de g\u00e9nero."},"content":{"rendered":"<p style=\"font-weight: 400; text-align: justify;\">En sesi\u00f3n extraordinaria de la LXV Legislatura del Congreso del Estado de Tlaxcala, la diputada Lorena Ruiz Garc\u00eda, present\u00f3 la Iniciativa para reformar la Ley de Seguridad P\u00fablica y Ciudadana, con el objetivo de establecer la capacitaci\u00f3n obligatoria del personal policial en materia de derechos humanos y perspectiva de g\u00e9nero.<\/p>\n<p style=\"font-weight: 400; text-align: justify;\">Durante la exposici\u00f3n de motivos, la legisladora destac\u00f3 que la violencia de g\u00e9nero constituye una de las violaciones m\u00e1s graves a los derechos humanos, y que las y los polic\u00edas, al ser la primera autoridad de contacto con las v\u00edctimas, requieren formaci\u00f3n especializada para atender con eficacia, sensibilidad y sin revictimizaci\u00f3n. Subray\u00f3 que actualmente no existe en la norma una obligaci\u00f3n permanente que garantice esta profesionalizaci\u00f3n.<\/p>\n<p style=\"font-weight: 400; text-align: justify;\">La propuesta contempla que la capacitaci\u00f3n incluya temas como obligaciones institucionales para la atenci\u00f3n a la violencia contra las mujeres, conceptos b\u00e1sicos en derechos de las v\u00edctimas, actuaci\u00f3n policial en casos de violencia de g\u00e9nero y feminicidio, as\u00ed como mecanismos de atenci\u00f3n diferenciada. Asimismo, se plantea que el impacto del programa sea evaluado peri\u00f3dicamente y se realicen ajustes para garantizar su efectividad.<\/p>\n<p style=\"font-weight: 400; text-align: justify;\">Finalmente, Ruiz Garc\u00eda sostuvo que con esta medida se atienden compromisos internacionales en materia de derechos humanos y se fortalece el cumplimiento de la Alerta de Violencia de G\u00e9nero vigente en Tlaxcala. La iniciativa fue turnada a la Comisi\u00f3n de Puntos Constitucionales, Gobernaci\u00f3n y Justicia y Asuntos Pol\u00edticos para su estudio, an\u00e1lisis y dictamen.<\/p>\n<p>&nbsp;<\/p>\n<p><img loading=\"lazy\" decoding=\"async\" class=\"alignnone size-full wp-image-28405\" src=\"https:\/\/labestiapolitica.com.mx\/wp-content\/uploads\/2024\/06\/U-NOVA-y-se-diferente.png\" alt=\"\" width=\"1000\" height=\"600\" srcset=\"https:\/\/labestiapolitica.com.mx\/wp-content\/uploads\/2024\/06\/U-NOVA-y-se-diferente.png 1000w, https:\/\/labestiapolitica.com.mx\/wp-content\/uploads\/2024\/06\/U-NOVA-y-se-diferente-300x180.png 300w, https:\/\/labestiapolitica.com.mx\/wp-content\/uploads\/2024\/06\/U-NOVA-y-se-diferente-768x461.png 768w\" sizes=\"auto, (max-width: 1000px) 100vw, 1000px\" \/><\/p>\n","protected":false},"excerpt":{"rendered":"<p>En sesi\u00f3n extraordinaria de la LXV Legislatura del Congreso del Estado de Tlaxcala, la diputada Lorena Ruiz Garc\u00eda, present\u00f3 la Iniciativa para reformar la Ley de Seguridad P\u00fablica y Ciudadana, con el objetivo de establecer la capacitaci\u00f3n obligatoria del personal policial en materia de derechos humanos y perspectiva de g\u00e9nero. Durante la exposici\u00f3n de motivos, [&hellip;]<\/p>\n","protected":false},"author":3,"featured_media":49842,"comment_status":"open","ping_status":"open","sticky":false,"template":"","format":"standard","meta":{"footnotes":""},"categories":[7,224],"tags":[],"class_list":["post-49840","post","type-post","status-publish","format-standard","has-post-thumbnail","hentry","category-ciudadanos","category-congreso-del-estado-de-tlaxcala"],"amp_enabled":true,"_links":{"self":[{"href":"https:\/\/labestiapolitica.com.mx\/index.php?rest_route=\/wp\/v2\/posts\/49840","targetHints":{"allow":["GET"]}}],"collection":[{"href":"https:\/\/labestiapolitica.com.mx\/index.php?rest_route=\/wp\/v2\/posts"}],"about":[{"href":"https:\/\/labestiapolitica.com.mx\/index.php?rest_route=\/wp\/v2\/types\/post"}],"author":[{"embeddable":true,"href":"https:\/\/labestiapolitica.com.mx\/index.php?rest_route=\/wp\/v2\/users\/3"}],"replies":[{"embeddable":true,"href":"https:\/\/labestiapolitica.com.mx\/index.php?rest_route=%2Fwp%2Fv2%2Fcomments&post=49840"}],"version-history":[{"count":1,"href":"https:\/\/labestiapolitica.com.mx\/index.php?rest_route=\/wp\/v2\/posts\/49840\/revisions"}],"predecessor-version":[{"id":49843,"href":"https:\/\/labestiapolitica.com.mx\/index.php?rest_route=\/wp\/v2\/posts\/49840\/revisions\/49843"}],"wp:featuredmedia":[{"embeddable":true,"href":"https:\/\/labestiapolitica.com.mx\/index.php?rest_route=\/wp\/v2\/media\/49842"}],"wp:attachment":[{"href":"https:\/\/labestiapolitica.com.mx\/index.php?rest_route=%2Fwp%2Fv2%2Fmedia&parent=49840"}],"wp:term":[{"taxonomy":"category","embeddable":true,"href":"https:\/\/labestiapolitica.com.mx\/index.php?rest_route=%2Fwp%2Fv2%2Fcategories&post=49840"},{"taxonomy":"post_tag","embeddable":true,"href":"https:\/\/labestiapolitica.com.mx\/index.php?rest_route=%2Fwp%2Fv2%2Ftags&post=49840"}],"curies":[{"name":"wp","href":"https:\/\/api.w.org\/{rel}","templated":true}]}}