{"id":49844,"date":"2025-09-19T16:55:30","date_gmt":"2025-09-19T22:55:30","guid":{"rendered":"https:\/\/labestiapolitica.com.mx\/?p=49844"},"modified":"2025-09-19T16:55:30","modified_gmt":"2025-09-19T22:55:30","slug":"la-libertad-es-el-bastion-que-posibilita-la-libertad-de-los-pueblos-rector-de-la-uatx","status":"publish","type":"post","link":"https:\/\/labestiapolitica.com.mx\/?p=49844","title":{"rendered":"La libertad es el basti\u00f3n que posibilita la libertad de los pueblos: Rector de la UATx."},"content":{"rendered":"<ul>\n<li style=\"font-weight: 400; text-align: justify;\">\u00a0Encabeza ceremonia conmemorativa<\/li>\n<\/ul>\n<p style=\"font-weight: 400; text-align: justify;\">Al reconocer el legado de valores y de historia que aportaron los h\u00e9roes del movimiento de Independencia para luchar por la libertad, el Doctor Seraf\u00edn Ortiz Ortiz, Rector de la Universidad Aut\u00f3noma de Tlaxcala (UATx), encabez\u00f3 una emotiva ceremonia para celebrar el 215 aniversario de esta gesta heroica.<\/p>\n<p style=\"font-weight: 400; text-align: justify;\">Con la presencia de integrantes de la estructura de gobierno universitaria, Staff de Rector\u00eda y representaciones sindicales del STUAT y el STEIESET, el Doctor Ortiz reiter\u00f3 el compromiso de la UATx de formar a las y los j\u00f3venes bajo la gu\u00eda del Modelo Humanista Integrador basado en Capacidades y de formar una personalidad en el estudiante con las caracter\u00edsticas del homo universitatis; anal\u00edtico, comprensivo, predictivo, innovador, propositivo, universal, democr\u00e1tico, solidario, permisivo y coexistente<\/p>\n<p style=\"font-weight: 400; text-align: justify;\">De igual forma, precis\u00f3 que la libertad es un basti\u00f3n que posibilita el desarrollo de los pueblos, por ello, los mexicanos pugnan por la libertad del miedo y de la violencia, la libertad del hambre y la satisfacci\u00f3n de las necesidades b\u00e1sicas y la libertad del autoritarismo y cerrar el paso a toda forma de discriminaci\u00f3n.<\/p>\n<p style=\"font-weight: 400; text-align: justify;\">Por \u00faltimo, al un\u00edsono, la concurrencia atendi\u00f3 las arengas del Rector y dio muestra de su fervor patrio en una fecha tan representativa para las y los mexicanos.<\/p>\n<p>&nbsp;<\/p>\n<p><img loading=\"lazy\" decoding=\"async\" class=\"alignnone size-full wp-image-28405\" src=\"https:\/\/labestiapolitica.com.mx\/wp-content\/uploads\/2024\/06\/U-NOVA-y-se-diferente.png\" alt=\"\" width=\"1000\" height=\"600\" srcset=\"https:\/\/labestiapolitica.com.mx\/wp-content\/uploads\/2024\/06\/U-NOVA-y-se-diferente.png 1000w, https:\/\/labestiapolitica.com.mx\/wp-content\/uploads\/2024\/06\/U-NOVA-y-se-diferente-300x180.png 300w, https:\/\/labestiapolitica.com.mx\/wp-content\/uploads\/2024\/06\/U-NOVA-y-se-diferente-768x461.png 768w\" sizes=\"auto, (max-width: 1000px) 100vw, 1000px\" \/><\/p>\n","protected":false},"excerpt":{"rendered":"<p>\u00a0Encabeza ceremonia conmemorativa Al reconocer el legado de valores y de historia que aportaron los h\u00e9roes del movimiento de Independencia para luchar por la libertad, el Doctor Seraf\u00edn Ortiz Ortiz, Rector de la Universidad Aut\u00f3noma de Tlaxcala (UATx), encabez\u00f3 una emotiva ceremonia para celebrar el 215 aniversario de esta gesta heroica. Con la presencia de [&hellip;]<\/p>\n","protected":false},"author":3,"featured_media":49855,"comment_status":"open","ping_status":"open","sticky":false,"template":"","format":"standard","meta":{"footnotes":""},"categories":[7,213,241],"tags":[],"class_list":["post-49844","post","type-post","status-publish","format-standard","has-post-thumbnail","hentry","category-ciudadanos","category-educacion","category-uatx"],"amp_enabled":true,"_links":{"self":[{"href":"https:\/\/labestiapolitica.com.mx\/index.php?rest_route=\/wp\/v2\/posts\/49844","targetHints":{"allow":["GET"]}}],"collection":[{"href":"https:\/\/labestiapolitica.com.mx\/index.php?rest_route=\/wp\/v2\/posts"}],"about":[{"href":"https:\/\/labestiapolitica.com.mx\/index.php?rest_route=\/wp\/v2\/types\/post"}],"author":[{"embeddable":true,"href":"https:\/\/labestiapolitica.com.mx\/index.php?rest_route=\/wp\/v2\/users\/3"}],"replies":[{"embeddable":true,"href":"https:\/\/labestiapolitica.com.mx\/index.php?rest_route=%2Fwp%2Fv2%2Fcomments&post=49844"}],"version-history":[{"count":1,"href":"https:\/\/labestiapolitica.com.mx\/index.php?rest_route=\/wp\/v2\/posts\/49844\/revisions"}],"predecessor-version":[{"id":49856,"href":"https:\/\/labestiapolitica.com.mx\/index.php?rest_route=\/wp\/v2\/posts\/49844\/revisions\/49856"}],"wp:featuredmedia":[{"embeddable":true,"href":"https:\/\/labestiapolitica.com.mx\/index.php?rest_route=\/wp\/v2\/media\/49855"}],"wp:attachment":[{"href":"https:\/\/labestiapolitica.com.mx\/index.php?rest_route=%2Fwp%2Fv2%2Fmedia&parent=49844"}],"wp:term":[{"taxonomy":"category","embeddable":true,"href":"https:\/\/labestiapolitica.com.mx\/index.php?rest_route=%2Fwp%2Fv2%2Fcategories&post=49844"},{"taxonomy":"post_tag","embeddable":true,"href":"https:\/\/labestiapolitica.com.mx\/index.php?rest_route=%2Fwp%2Fv2%2Ftags&post=49844"}],"curies":[{"name":"wp","href":"https:\/\/api.w.org\/{rel}","templated":true}]}}