{"id":49860,"date":"2025-09-19T17:21:09","date_gmt":"2025-09-19T23:21:09","guid":{"rendered":"https:\/\/labestiapolitica.com.mx\/?p=49860"},"modified":"2025-09-19T17:21:09","modified_gmt":"2025-09-19T23:21:09","slug":"mantiene-la-uatx-actividad-permanente-para-arraigar-la-cultura-de-paz-en-todos-sus-espacios","status":"publish","type":"post","link":"https:\/\/labestiapolitica.com.mx\/?p=49860","title":{"rendered":"Mantiene la UATx actividad permanente para arraigar la cultura de paz en todos sus espacios."},"content":{"rendered":"<ul>\n<li style=\"font-weight: 400; text-align: justify;\">Es uno de los objetivos de las \u201cJornadas de ciencia y cultura de paz 2025\u201d<\/li>\n<\/ul>\n<p style=\"font-weight: 400; text-align: justify;\">Necesario promover desde las instituciones de educaci\u00f3n superior una cultura de paz como un horizonte que conecte y articule dimensiones relacionadas con la equidad de g\u00e9nero y los derechos humanos, que den como resultado una construcci\u00f3n positiva de justicia y cooperaci\u00f3n, se\u00f1al\u00f3 la Doctora Mar\u00eda Eugenia Elza Carrasco Lozano, investigadora de tiempo completo del Centro de Investigaci\u00f3n Educativa de la Universidad Aut\u00f3noma de Tlaxcala (CIE-UATx), al dictar la\u00a0conferencia \u201cFormando capacidades para una cultura de paz desde la equidad y los derechos humanos\u201d.<\/p>\n<p style=\"font-weight: 400; text-align: justify;\">Al dar continuidad a las actividades de las \u201cJornadas de ciencia y cultura de paz 2025\u201d que organiza la Secretar\u00eda de Investigaci\u00f3n Cient\u00edfica y Posgrado en formato virtual, la ponente destac\u00f3 que es fundamental formar a los educandos en capacidades para lograr una cultura de paz a trav\u00e9s de la cohesi\u00f3n social, el desarrollo de instituciones m\u00e1s democr\u00e1ticas, la erradicaci\u00f3n de la discriminaci\u00f3n y la violencia.<\/p>\n<p style=\"font-weight: 400; text-align: justify;\">Recalc\u00f3 que a trav\u00e9s de la agenda 2030 de la Organizaci\u00f3n de las Naciones Unidad se promueve la cultura de paz y la educaci\u00f3n como una tarea prioritaria para construir sociedades m\u00e1s justas e inclusivas, toda vez que desde las universidades se debe formar a profesionales cr\u00edticos, capaces de transformar realidades en espacios de dignidad y respeto.<\/p>\n<p style=\"font-weight: 400; text-align: justify;\">De igual forma, la investigadora subray\u00f3 que la vinculaci\u00f3n de aspectos como la equidad, cultura de paz y derechos humanos en el Modelo Humanista Integrador basado en Capacidades (MHIC), es una condici\u00f3n que lleva a valorar la figura de los docentes como sujetos epist\u00e9micos que promueven una cultura de paz a trav\u00e9s de los contenidos que abordan desde sus saberes en las aulas.<\/p>\n<p style=\"font-weight: 400; text-align: justify;\">Por su parte, la Doctora Margarita Mart\u00ednez G\u00f3mez, Secretar\u00eda de Investigaci\u00f3n Cient\u00edfica y Posgrado, al momento de entregar el reconocimiento a la ponente, mencion\u00f3 que en la UATx se trabaja para abordar tem\u00e1ticas ambientales que impactan de manera global a la sociedad y t\u00f3picos relacionados con la equidad de g\u00e9nero, adem\u00e1s, realizar\u00e1n acciones para visibilizar algunas otras tem\u00e1ticas que son importantes para la formaci\u00f3n profesional de los educandos.<\/p>\n<p style=\"font-weight: 400; text-align: justify;\">En tanto, la Doctora Mariela Jim\u00e9nez V\u00e1zquez, Coordinadora Acad\u00e9mica del CIE-UATx y moderadora de esta ponencia, refiri\u00f3 que el Seminario de Integraci\u00f3n de la Praxis Profesional que se\u00a0 aplica en los 46 programas educativos de Licenciatura, brinda la posibilidad de\u00a0 preparar y desarrollar en los estudiantes\u00a0 las capacidades necesarias para vincularse con las diferentes problem\u00e1ticas de la sociedad.<\/p>\n<p>&nbsp;<\/p>\n<p><img loading=\"lazy\" decoding=\"async\" class=\"alignnone size-full wp-image-28405\" src=\"https:\/\/labestiapolitica.com.mx\/wp-content\/uploads\/2024\/06\/U-NOVA-y-se-diferente.png\" alt=\"\" width=\"1000\" height=\"600\" srcset=\"https:\/\/labestiapolitica.com.mx\/wp-content\/uploads\/2024\/06\/U-NOVA-y-se-diferente.png 1000w, https:\/\/labestiapolitica.com.mx\/wp-content\/uploads\/2024\/06\/U-NOVA-y-se-diferente-300x180.png 300w, https:\/\/labestiapolitica.com.mx\/wp-content\/uploads\/2024\/06\/U-NOVA-y-se-diferente-768x461.png 768w\" sizes=\"auto, (max-width: 1000px) 100vw, 1000px\" \/><\/p>\n","protected":false},"excerpt":{"rendered":"<p>Es uno de los objetivos de las \u201cJornadas de ciencia y cultura de paz 2025\u201d Necesario promover desde las instituciones de educaci\u00f3n superior una cultura de paz como un horizonte que conecte y articule dimensiones relacionadas con la equidad de g\u00e9nero y los derechos humanos, que den como resultado una construcci\u00f3n positiva de justicia y [&hellip;]<\/p>\n","protected":false},"author":3,"featured_media":49865,"comment_status":"open","ping_status":"open","sticky":false,"template":"","format":"standard","meta":{"footnotes":""},"categories":[7,213,241],"tags":[],"class_list":["post-49860","post","type-post","status-publish","format-standard","has-post-thumbnail","hentry","category-ciudadanos","category-educacion","category-uatx"],"amp_enabled":true,"_links":{"self":[{"href":"https:\/\/labestiapolitica.com.mx\/index.php?rest_route=\/wp\/v2\/posts\/49860","targetHints":{"allow":["GET"]}}],"collection":[{"href":"https:\/\/labestiapolitica.com.mx\/index.php?rest_route=\/wp\/v2\/posts"}],"about":[{"href":"https:\/\/labestiapolitica.com.mx\/index.php?rest_route=\/wp\/v2\/types\/post"}],"author":[{"embeddable":true,"href":"https:\/\/labestiapolitica.com.mx\/index.php?rest_route=\/wp\/v2\/users\/3"}],"replies":[{"embeddable":true,"href":"https:\/\/labestiapolitica.com.mx\/index.php?rest_route=%2Fwp%2Fv2%2Fcomments&post=49860"}],"version-history":[{"count":1,"href":"https:\/\/labestiapolitica.com.mx\/index.php?rest_route=\/wp\/v2\/posts\/49860\/revisions"}],"predecessor-version":[{"id":49866,"href":"https:\/\/labestiapolitica.com.mx\/index.php?rest_route=\/wp\/v2\/posts\/49860\/revisions\/49866"}],"wp:featuredmedia":[{"embeddable":true,"href":"https:\/\/labestiapolitica.com.mx\/index.php?rest_route=\/wp\/v2\/media\/49865"}],"wp:attachment":[{"href":"https:\/\/labestiapolitica.com.mx\/index.php?rest_route=%2Fwp%2Fv2%2Fmedia&parent=49860"}],"wp:term":[{"taxonomy":"category","embeddable":true,"href":"https:\/\/labestiapolitica.com.mx\/index.php?rest_route=%2Fwp%2Fv2%2Fcategories&post=49860"},{"taxonomy":"post_tag","embeddable":true,"href":"https:\/\/labestiapolitica.com.mx\/index.php?rest_route=%2Fwp%2Fv2%2Ftags&post=49860"}],"curies":[{"name":"wp","href":"https:\/\/api.w.org\/{rel}","templated":true}]}}