{"id":49915,"date":"2025-09-20T19:51:38","date_gmt":"2025-09-21T01:51:38","guid":{"rendered":"https:\/\/labestiapolitica.com.mx\/?p=49915"},"modified":"2025-09-20T19:51:38","modified_gmt":"2025-09-21T01:51:38","slug":"rancheria-de-torres-y-el-molino-encabezan-ceremonia-de-honores-a-la-bandera-en-huamantla","status":"publish","type":"post","link":"https:\/\/labestiapolitica.com.mx\/?p=49915","title":{"rendered":"Rancher\u00eda de Torres y El Molino encabezan ceremonia de honores a la Bandera en Huamantla."},"content":{"rendered":"<p style=\"text-align: justify;\">En un ambiente de respeto y civismo, este 20 de septiembre se llev\u00f3 a cabo en la explanada municipal de Huamantla la ceremonia de Honores a la Bandera e izamiento del L\u00e1baro Patrio, acto que forma parte de los homenajes diarios organizados por la comisi\u00f3n de fiestas patrias, con la participaci\u00f3n de diferentes comunidades e instituciones que fortalecen la identidad, el orgullo y la unidad nacional.<\/p>\n<p style=\"text-align: justify;\">En esta ocasi\u00f3n, el homenaje estuvo dedicado al deporte, contando con la presencia de autoridades municipales, educativas y representantes comunitarios. El presidium estuvo conformado por el presidente de rancher\u00eda de Torres, El\u00edas Misael Garc\u00eda Hern\u00e1ndez, el presidente de rancher\u00eda El Molino, Francisco Hern\u00e1ndez Carmona, la Directora del bienestar, Montserrat Vargas Far\u00edas, la Coordinadora de Educaci\u00f3n, Mar\u00eda del Carmen S\u00e1nchez Cervantes, Marcos Recoba Casique, maestro de deportes del Colegio Juana de Arco y Alejandro Arturo Huerta, en representaci\u00f3n del director del Instituto del Deporte.<\/p>\n<p style=\"text-align: justify;\">As\u00ed mismo, se cont\u00f3 con la presencia de la 5ta Regidora, Karla Guadalupe Hern\u00e1ndez, quien refrend\u00f3 el compromiso del Ayuntamiento de Huamantla de impulsar los valores c\u00edvicos y fomentar la pr\u00e1ctica del deporte como un pilar en el desarrollo integral de la sociedad.<\/p>\n<p style=\"text-align: justify;\">Durante el acto se realizaron los protocolos de arribo e izamiento de la Bandera Nacional, la entonaci\u00f3n del Himno Nacional Mexicano y recorrido de la bandera de Tlaxcala, enalteciendo la grandeza hist\u00f3rica de M\u00e9xico y la memoria de los h\u00e9roes que nos dieron libertad y soberan\u00eda.<\/p>\n<p style=\"text-align: justify;\">Con este tipo de actividades, el Gobierno Municipal de Huamantla, que encabeza Salvador Santos Cedillo, contin\u00faa consolidando las tradiciones c\u00edvicas y culturales, al tiempo que promueve entre las nuevas generaciones la importancia de la disciplina, el respeto y el amor por la patria.<\/p>\n<p>&nbsp;<\/p>\n<p><img loading=\"lazy\" decoding=\"async\" class=\"alignnone wp-image-28405 size-full\" src=\"https:\/\/labestiapolitica.com.mx\/wp-content\/uploads\/2024\/06\/U-NOVA-y-se-diferente.png\" alt=\"\" width=\"1000\" height=\"600\" srcset=\"https:\/\/labestiapolitica.com.mx\/wp-content\/uploads\/2024\/06\/U-NOVA-y-se-diferente.png 1000w, https:\/\/labestiapolitica.com.mx\/wp-content\/uploads\/2024\/06\/U-NOVA-y-se-diferente-300x180.png 300w, https:\/\/labestiapolitica.com.mx\/wp-content\/uploads\/2024\/06\/U-NOVA-y-se-diferente-768x461.png 768w\" sizes=\"auto, (max-width: 1000px) 100vw, 1000px\" \/><\/p>\n","protected":false},"excerpt":{"rendered":"<p>En un ambiente de respeto y civismo, este 20 de septiembre se llev\u00f3 a cabo en la explanada municipal de Huamantla la ceremonia de Honores a la Bandera e izamiento del L\u00e1baro Patrio, acto que forma parte de los homenajes diarios organizados por la comisi\u00f3n de fiestas patrias, con la participaci\u00f3n de diferentes comunidades e [&hellip;]<\/p>\n","protected":false},"author":5,"featured_media":49916,"comment_status":"open","ping_status":"open","sticky":false,"template":"","format":"standard","meta":{"footnotes":""},"categories":[7,216],"tags":[],"class_list":["post-49915","post","type-post","status-publish","format-standard","has-post-thumbnail","hentry","category-ciudadanos","category-municipios"],"amp_enabled":true,"_links":{"self":[{"href":"https:\/\/labestiapolitica.com.mx\/index.php?rest_route=\/wp\/v2\/posts\/49915","targetHints":{"allow":["GET"]}}],"collection":[{"href":"https:\/\/labestiapolitica.com.mx\/index.php?rest_route=\/wp\/v2\/posts"}],"about":[{"href":"https:\/\/labestiapolitica.com.mx\/index.php?rest_route=\/wp\/v2\/types\/post"}],"author":[{"embeddable":true,"href":"https:\/\/labestiapolitica.com.mx\/index.php?rest_route=\/wp\/v2\/users\/5"}],"replies":[{"embeddable":true,"href":"https:\/\/labestiapolitica.com.mx\/index.php?rest_route=%2Fwp%2Fv2%2Fcomments&post=49915"}],"version-history":[{"count":1,"href":"https:\/\/labestiapolitica.com.mx\/index.php?rest_route=\/wp\/v2\/posts\/49915\/revisions"}],"predecessor-version":[{"id":49917,"href":"https:\/\/labestiapolitica.com.mx\/index.php?rest_route=\/wp\/v2\/posts\/49915\/revisions\/49917"}],"wp:featuredmedia":[{"embeddable":true,"href":"https:\/\/labestiapolitica.com.mx\/index.php?rest_route=\/wp\/v2\/media\/49916"}],"wp:attachment":[{"href":"https:\/\/labestiapolitica.com.mx\/index.php?rest_route=%2Fwp%2Fv2%2Fmedia&parent=49915"}],"wp:term":[{"taxonomy":"category","embeddable":true,"href":"https:\/\/labestiapolitica.com.mx\/index.php?rest_route=%2Fwp%2Fv2%2Fcategories&post=49915"},{"taxonomy":"post_tag","embeddable":true,"href":"https:\/\/labestiapolitica.com.mx\/index.php?rest_route=%2Fwp%2Fv2%2Ftags&post=49915"}],"curies":[{"name":"wp","href":"https:\/\/api.w.org\/{rel}","templated":true}]}}