{"id":49918,"date":"2025-09-20T19:55:43","date_gmt":"2025-09-21T01:55:43","guid":{"rendered":"https:\/\/labestiapolitica.com.mx\/?p=49918"},"modified":"2025-09-20T19:55:43","modified_gmt":"2025-09-21T01:55:43","slug":"atiende-seguridad-publica-de-huamantla-reporte-de-atropellamiento-en-carretera-a-san-jose-xicohtencatl","status":"publish","type":"post","link":"https:\/\/labestiapolitica.com.mx\/?p=49918","title":{"rendered":"Atiende Seguridad P\u00fablica de Huamantla reporte de atropellamiento en carretera a San Jos\u00e9 Xicoht\u00e9ncatl."},"content":{"rendered":"<p style=\"text-align: justify;\">La Direcci\u00f3n de Seguridad P\u00fablica de Huamantla atendi\u00f3 oportunamente un reporte emitido por el Sistema Nacional de Emergencias 911 sobre un atropellamiento en la carretera que conduce a la comunidad de San Jos\u00e9 Xicoht\u00e9ncatl, a la altura de la colonia El Valle.<\/p>\n<p style=\"text-align: justify;\">Al arribar al lugar, los elementos municipales localizaron una camioneta con visibles huellas de accidente y, posteriormente, a unos metros, a un masculino de aproximadamente 40 a\u00f1os de edad que lamentablemente ya no presentaba signos vitales. La persona se encuentra en calidad de desconocida al momento del hallazgo.<\/p>\n<p style=\"text-align: justify;\">De inmediato se solicit\u00f3 el apoyo de cuerpos de emergencia y se procedi\u00f3 al acordonamiento del \u00e1rea para preservar la escena. Al sitio acudieron param\u00e9dicos de Protecci\u00f3n Civil, as\u00ed como personal de la Polic\u00eda de Investigaci\u00f3n y del Instituto de Ciencias Forenses, quienes realizaron las diligencias correspondientes y efectuaron el levantamiento del cuerpo. Asimismo, fueron asegurados los objetos relacionados con el incidente para ponerlos a disposici\u00f3n de la Fiscal\u00eda General del Estado, que dar\u00e1 continuidad a las investigaciones.<\/p>\n<p style=\"text-align: justify;\">La Direcci\u00f3n de Seguridad P\u00fablica de Huamantla refrenda su compromiso de actuar con prontitud y coordinaci\u00f3n interinstitucional para atender emergencias, salvaguardar a la ciudadan\u00eda y colaborar con las instancias competentes en el esclarecimiento de los hechos.<\/p>\n<p>&nbsp;<\/p>\n<p><img loading=\"lazy\" decoding=\"async\" class=\"alignnone wp-image-28405 size-full\" src=\"https:\/\/labestiapolitica.com.mx\/wp-content\/uploads\/2024\/06\/U-NOVA-y-se-diferente.png\" alt=\"\" width=\"1000\" height=\"600\" srcset=\"https:\/\/labestiapolitica.com.mx\/wp-content\/uploads\/2024\/06\/U-NOVA-y-se-diferente.png 1000w, https:\/\/labestiapolitica.com.mx\/wp-content\/uploads\/2024\/06\/U-NOVA-y-se-diferente-300x180.png 300w, https:\/\/labestiapolitica.com.mx\/wp-content\/uploads\/2024\/06\/U-NOVA-y-se-diferente-768x461.png 768w\" sizes=\"auto, (max-width: 1000px) 100vw, 1000px\" \/><\/p>\n","protected":false},"excerpt":{"rendered":"<p>La Direcci\u00f3n de Seguridad P\u00fablica de Huamantla atendi\u00f3 oportunamente un reporte emitido por el Sistema Nacional de Emergencias 911 sobre un atropellamiento en la carretera que conduce a la comunidad de San Jos\u00e9 Xicoht\u00e9ncatl, a la altura de la colonia El Valle. Al arribar al lugar, los elementos municipales localizaron una camioneta con visibles huellas [&hellip;]<\/p>\n","protected":false},"author":5,"featured_media":49919,"comment_status":"open","ping_status":"open","sticky":false,"template":"","format":"standard","meta":{"footnotes":""},"categories":[12,220,216],"tags":[],"class_list":["post-49918","post","type-post","status-publish","format-standard","has-post-thumbnail","hentry","category-brujula-2026","category-huamantla","category-municipios"],"amp_enabled":true,"_links":{"self":[{"href":"https:\/\/labestiapolitica.com.mx\/index.php?rest_route=\/wp\/v2\/posts\/49918","targetHints":{"allow":["GET"]}}],"collection":[{"href":"https:\/\/labestiapolitica.com.mx\/index.php?rest_route=\/wp\/v2\/posts"}],"about":[{"href":"https:\/\/labestiapolitica.com.mx\/index.php?rest_route=\/wp\/v2\/types\/post"}],"author":[{"embeddable":true,"href":"https:\/\/labestiapolitica.com.mx\/index.php?rest_route=\/wp\/v2\/users\/5"}],"replies":[{"embeddable":true,"href":"https:\/\/labestiapolitica.com.mx\/index.php?rest_route=%2Fwp%2Fv2%2Fcomments&post=49918"}],"version-history":[{"count":1,"href":"https:\/\/labestiapolitica.com.mx\/index.php?rest_route=\/wp\/v2\/posts\/49918\/revisions"}],"predecessor-version":[{"id":49920,"href":"https:\/\/labestiapolitica.com.mx\/index.php?rest_route=\/wp\/v2\/posts\/49918\/revisions\/49920"}],"wp:featuredmedia":[{"embeddable":true,"href":"https:\/\/labestiapolitica.com.mx\/index.php?rest_route=\/wp\/v2\/media\/49919"}],"wp:attachment":[{"href":"https:\/\/labestiapolitica.com.mx\/index.php?rest_route=%2Fwp%2Fv2%2Fmedia&parent=49918"}],"wp:term":[{"taxonomy":"category","embeddable":true,"href":"https:\/\/labestiapolitica.com.mx\/index.php?rest_route=%2Fwp%2Fv2%2Fcategories&post=49918"},{"taxonomy":"post_tag","embeddable":true,"href":"https:\/\/labestiapolitica.com.mx\/index.php?rest_route=%2Fwp%2Fv2%2Ftags&post=49918"}],"curies":[{"name":"wp","href":"https:\/\/api.w.org\/{rel}","templated":true}]}}