{"id":49924,"date":"2025-09-20T20:11:35","date_gmt":"2025-09-21T02:11:35","guid":{"rendered":"https:\/\/labestiapolitica.com.mx\/?p=49924"},"modified":"2025-09-20T20:11:35","modified_gmt":"2025-09-21T02:11:35","slug":"servicios-municipales-refuerza-labores-de-limpieza-y-mantenimiento-en-diferentes-espacios-de-huamantla","status":"publish","type":"post","link":"https:\/\/labestiapolitica.com.mx\/?p=49924","title":{"rendered":"Servicios Municipales refuerza labores de limpieza y mantenimiento en diferentes espacios de Huamantla."},"content":{"rendered":"<p style=\"text-align: justify;\">El Gobierno Municipal de Huamantla, que encabeza Salvador Santos Cedillo, contin\u00faa reforzando las acciones de limpieza y mantenimiento en distintos puntos del Pueblo M\u00e1gico, con el objetivo de que la ciudad luzca en \u00f3ptimas condiciones tanto para visitantes como para quienes aqu\u00ed habitan.<\/p>\n<p style=\"text-align: justify;\">En esta jornada, personal de Servicios Municipales realiz\u00f3 trabajos de barrido, recolecci\u00f3n de residuos y rehabilitaci\u00f3n de \u00e1reas verdes en el bulevar Cuamanco, la Unidad Deportiva y la Plazuela de Jes\u00fas, logrando con ello mejorar la imagen urbana y garantizar espacios m\u00e1s limpios y seguros para la ciudadan\u00eda.<\/p>\n<p style=\"text-align: justify;\">El presidente municipal reconoci\u00f3 el esfuerzo diario que realiza el personal de Servicios Municipales, quienes con compromiso y dedicaci\u00f3n mantienen en constante cuidado calles, parques y espacios p\u00fablicos de todo el municipio.<\/p>\n<p style=\"text-align: justify;\">Asimismo, hizo un llamado a la poblaci\u00f3n para sumarse al cuidado del entorno, evitando tirar basura en la v\u00eda p\u00fablica y protegiendo parques y jardines, ya que la limpieza y el orden tambi\u00e9n son responsabilidad de todas y todos.<\/p>\n<p style=\"text-align: justify;\">\ud83d\udc9a Por amor a Huamantla<\/p>\n<p>&nbsp;<\/p>\n<p><img loading=\"lazy\" decoding=\"async\" class=\"alignnone wp-image-28405 size-full\" src=\"https:\/\/labestiapolitica.com.mx\/wp-content\/uploads\/2024\/06\/U-NOVA-y-se-diferente.png\" alt=\"\" width=\"1000\" height=\"600\" srcset=\"https:\/\/labestiapolitica.com.mx\/wp-content\/uploads\/2024\/06\/U-NOVA-y-se-diferente.png 1000w, https:\/\/labestiapolitica.com.mx\/wp-content\/uploads\/2024\/06\/U-NOVA-y-se-diferente-300x180.png 300w, https:\/\/labestiapolitica.com.mx\/wp-content\/uploads\/2024\/06\/U-NOVA-y-se-diferente-768x461.png 768w\" sizes=\"auto, (max-width: 1000px) 100vw, 1000px\" \/><\/p>\n","protected":false},"excerpt":{"rendered":"<p>El Gobierno Municipal de Huamantla, que encabeza Salvador Santos Cedillo, contin\u00faa reforzando las acciones de limpieza y mantenimiento en distintos puntos del Pueblo M\u00e1gico, con el objetivo de que la ciudad luzca en \u00f3ptimas condiciones tanto para visitantes como para quienes aqu\u00ed habitan. En esta jornada, personal de Servicios Municipales realiz\u00f3 trabajos de barrido, recolecci\u00f3n [&hellip;]<\/p>\n","protected":false},"author":5,"featured_media":49925,"comment_status":"open","ping_status":"open","sticky":false,"template":"","format":"standard","meta":{"footnotes":""},"categories":[7,220,216],"tags":[],"class_list":["post-49924","post","type-post","status-publish","format-standard","has-post-thumbnail","hentry","category-ciudadanos","category-huamantla","category-municipios"],"amp_enabled":true,"_links":{"self":[{"href":"https:\/\/labestiapolitica.com.mx\/index.php?rest_route=\/wp\/v2\/posts\/49924","targetHints":{"allow":["GET"]}}],"collection":[{"href":"https:\/\/labestiapolitica.com.mx\/index.php?rest_route=\/wp\/v2\/posts"}],"about":[{"href":"https:\/\/labestiapolitica.com.mx\/index.php?rest_route=\/wp\/v2\/types\/post"}],"author":[{"embeddable":true,"href":"https:\/\/labestiapolitica.com.mx\/index.php?rest_route=\/wp\/v2\/users\/5"}],"replies":[{"embeddable":true,"href":"https:\/\/labestiapolitica.com.mx\/index.php?rest_route=%2Fwp%2Fv2%2Fcomments&post=49924"}],"version-history":[{"count":1,"href":"https:\/\/labestiapolitica.com.mx\/index.php?rest_route=\/wp\/v2\/posts\/49924\/revisions"}],"predecessor-version":[{"id":49926,"href":"https:\/\/labestiapolitica.com.mx\/index.php?rest_route=\/wp\/v2\/posts\/49924\/revisions\/49926"}],"wp:featuredmedia":[{"embeddable":true,"href":"https:\/\/labestiapolitica.com.mx\/index.php?rest_route=\/wp\/v2\/media\/49925"}],"wp:attachment":[{"href":"https:\/\/labestiapolitica.com.mx\/index.php?rest_route=%2Fwp%2Fv2%2Fmedia&parent=49924"}],"wp:term":[{"taxonomy":"category","embeddable":true,"href":"https:\/\/labestiapolitica.com.mx\/index.php?rest_route=%2Fwp%2Fv2%2Fcategories&post=49924"},{"taxonomy":"post_tag","embeddable":true,"href":"https:\/\/labestiapolitica.com.mx\/index.php?rest_route=%2Fwp%2Fv2%2Ftags&post=49924"}],"curies":[{"name":"wp","href":"https:\/\/api.w.org\/{rel}","templated":true}]}}