{"id":49934,"date":"2025-09-21T15:35:17","date_gmt":"2025-09-21T21:35:17","guid":{"rendered":"https:\/\/labestiapolitica.com.mx\/?p=49934"},"modified":"2025-09-29T09:56:12","modified_gmt":"2025-09-29T15:56:12","slug":"sobre-la-beca-rita-cetina","status":"publish","type":"post","link":"https:\/\/labestiapolitica.com.mx\/?p=49934","title":{"rendered":"Sobre la Beca \u201cRita Cetina\u201d"},"content":{"rendered":"<p style=\"text-align: justify;\"><strong><em>Ana Lilia Rivera Rivera &#8211; Senadora de la Rep\u00fablica por el Estado de Tlaxcala<\/em><\/strong><\/p>\n<p style=\"text-align: justify;\">Como es sabido, el pasado 1 de septiembre inici\u00f3 el ciclo escolar 2025-2026. En el caso de Tlaxcala, un total de 272 mil 909 estudiantes de educaci\u00f3n b\u00e1sica regresaron a clases, quienes tendr\u00e1n 185 d\u00edas efectivos de escuela. Es decir, el actual ciclo escolar concluir\u00e1 el 15 de julio de 2026.<br \/>\nDe acuerdo con cifras provenientes de la Secretar\u00eda de Educaci\u00f3n P\u00fablica del Estado y la Unidad de Servicios Educativos de Tlaxcala (SEPE\u2013USET), de esos 272 mil 909 ni\u00f1as, ni\u00f1os y adolescentes de educaci\u00f3n b\u00e1sica que regresaron a clases, mil 88 corresponden a educaci\u00f3n especial, 3 mil 802 a educaci\u00f3n inicial, 47 mil 843 a preescolar, 144 mil 296 a primaria y 75 mil 880 a secundaria.<\/p>\n<p style=\"text-align: justify;\">Los datos son importantes porque a partir de \u00e9stos se puede comenzar a desprender el n\u00famero de beneficiarios de uno de los importantes Programas para el Bienestar que maneja el Gobierno Federal: la Beca Universal de Educaci\u00f3n B\u00e1sica \u00abRita Cetina\u00bb, creada en la administraci\u00f3n de la presidenta Claudia Sheinbaum Pardo.<\/p>\n<p style=\"text-align: justify;\">Durante este a\u00f1o, todas las y los estudiantes inscritos en el ciclo escolar 2024-2025 en una secundaria p\u00fablica, ya pueden solicitar su beca, que es un Programa Prioritario del Gobierno Federal dirigido a familias con hijas, hijos o menores a su cuidado inscritos en preescolar, primaria o secundaria.<\/p>\n<p style=\"text-align: justify;\">En ese sentido, y de acuerdo con informaci\u00f3n proveniente de la Secretar\u00eda del Bienestar, \u00bfsab\u00eda que las y los estudiantes de secundaria de nuevo ingreso y para los de segundo y tercer grado de secundaria, que a\u00fan no tienen la Beca Universal de Educaci\u00f3n B\u00e1sica \u00abRita Cetina\u00bb, comenz\u00f3 su registro apenas el pasado 15 de septiembre, y que el registro estar\u00e1 abierto hasta el pr\u00f3ximo 30 de septiembre?<\/p>\n<p style=\"text-align: justify;\">Vale la pena recordarlo y precisar que, si una familia ya tiene la beca no es necesario realizar nuevamente el registro. Pero si no la tiene y ya hizo su inscripci\u00f3n al actual ciclo escolar en una secundaria p\u00fablica, es momento de solicitarla, lo mismo que para aquellas alumnas y alumnos de 2\u00b0 y 3er grado que a\u00fan no la reciben.<br \/>\n\u00bfQu\u00e9 sucede en el caso de los niveles de preescolar y primaria? El registro para recibir la beca iniciar\u00e1 en 2026, sin embargo, a\u00fan no hay una fecha definida para solicitarla. As\u00ed es que hay que estar pendientes.<\/p>\n<p style=\"text-align: justify;\">Y es que, en redes sociales, se rumor\u00f3 que del 15 al 30 de septiembre ya se incluir\u00eda a alumnas y alumnos de preescolar y primaria, pero la Coordinaci\u00f3n Nacional de Becas, dependencia que se encarga de los tr\u00e1mites, pagos, registros y todo lo relacionado con este programa social, aclar\u00f3 la situaci\u00f3n e inform\u00f3 que el registro es \u00fanicamente para estudiantes de secundaria p\u00fablica en todo el pa\u00eds, principalmente para los de nuevo ingreso a secundaria.<\/p>\n<p style=\"text-align: justify;\">Una de los principales logros de la Cuarta Transformaci\u00f3n, que tiene que ver con los Programas para el Bienestar, es que las y los mexicanos ya tienen derecho al presupuesto a partir de las diversas reformas a la Constituci\u00f3n Pol\u00edtica que reconocen derechos sociales, lo cual no suced\u00eda con los gobiernos neoliberales del PRI y el PAN.<\/p>\n<p style=\"text-align: justify;\">En este caso, y hablando precisamente del derecho al presupuesto, la beca \u00abRita Cetina\u00bb ofrece un apoyo de 1,900 pesos bimestrales por familia, y en el caso de que haya en el hogar dos o m\u00e1s estudiantes en secundaria, se dar\u00e1n 700 pesos adicionales por cada uno de ellos.<\/p>\n<p style=\"text-align: justify;\">La beca es importante porque apoya econ\u00f3micamente a las familias a fin de fomentar la permanencia escolar de las ni\u00f1as y ni\u00f1os, as\u00ed como la conclusi\u00f3n de sus estudios.<br \/>\nAs\u00ed que sirva este espacio para informar. En pr\u00f3ximas colaboraciones haremos lo mismo sobre otros programas igualmente importantes.<\/p>\n","protected":false},"excerpt":{"rendered":"<p>Ana Lilia Rivera Rivera &#8211; Senadora de la Rep\u00fablica por el Estado de Tlaxcala Como es sabido, el pasado 1 de septiembre inici\u00f3 el ciclo escolar 2025-2026. En el caso de Tlaxcala, un total de 272 mil 909 estudiantes de educaci\u00f3n b\u00e1sica regresaron a clases, quienes tendr\u00e1n 185 d\u00edas efectivos de escuela. Es decir, el [&hellip;]<\/p>\n","protected":false},"author":5,"featured_media":49935,"comment_status":"open","ping_status":"open","sticky":false,"template":"","format":"standard","meta":{"footnotes":""},"categories":[6],"tags":[],"class_list":["post-49934","post","type-post","status-publish","format-standard","has-post-thumbnail","hentry","category-opinion"],"amp_enabled":true,"_links":{"self":[{"href":"https:\/\/labestiapolitica.com.mx\/index.php?rest_route=\/wp\/v2\/posts\/49934","targetHints":{"allow":["GET"]}}],"collection":[{"href":"https:\/\/labestiapolitica.com.mx\/index.php?rest_route=\/wp\/v2\/posts"}],"about":[{"href":"https:\/\/labestiapolitica.com.mx\/index.php?rest_route=\/wp\/v2\/types\/post"}],"author":[{"embeddable":true,"href":"https:\/\/labestiapolitica.com.mx\/index.php?rest_route=\/wp\/v2\/users\/5"}],"replies":[{"embeddable":true,"href":"https:\/\/labestiapolitica.com.mx\/index.php?rest_route=%2Fwp%2Fv2%2Fcomments&post=49934"}],"version-history":[{"count":1,"href":"https:\/\/labestiapolitica.com.mx\/index.php?rest_route=\/wp\/v2\/posts\/49934\/revisions"}],"predecessor-version":[{"id":49936,"href":"https:\/\/labestiapolitica.com.mx\/index.php?rest_route=\/wp\/v2\/posts\/49934\/revisions\/49936"}],"wp:featuredmedia":[{"embeddable":true,"href":"https:\/\/labestiapolitica.com.mx\/index.php?rest_route=\/wp\/v2\/media\/49935"}],"wp:attachment":[{"href":"https:\/\/labestiapolitica.com.mx\/index.php?rest_route=%2Fwp%2Fv2%2Fmedia&parent=49934"}],"wp:term":[{"taxonomy":"category","embeddable":true,"href":"https:\/\/labestiapolitica.com.mx\/index.php?rest_route=%2Fwp%2Fv2%2Fcategories&post=49934"},{"taxonomy":"post_tag","embeddable":true,"href":"https:\/\/labestiapolitica.com.mx\/index.php?rest_route=%2Fwp%2Fv2%2Ftags&post=49934"}],"curies":[{"name":"wp","href":"https:\/\/api.w.org\/{rel}","templated":true}]}}