{"id":49974,"date":"2025-09-22T09:47:07","date_gmt":"2025-09-22T15:47:07","guid":{"rendered":"https:\/\/labestiapolitica.com.mx\/?p=49974"},"modified":"2025-09-29T09:54:38","modified_gmt":"2025-09-29T15:54:38","slug":"discurso-por-el-86-aniversario-del-pan","status":"publish","type":"post","link":"https:\/\/labestiapolitica.com.mx\/?p=49974","title":{"rendered":"Discurso por el 86 Aniversario del PAN"},"content":{"rendered":"<p style=\"text-align: justify;\" data-start=\"173\" data-end=\"200\">Amigas y amigos panistas,<\/p>\n<p style=\"text-align: justify;\" data-start=\"202\" data-end=\"451\">Hoy celebramos 86 a\u00f1os de historia, de lucha y de esperanza. Son m\u00e1s de ocho d\u00e9cadas de coherencia, de sacrificios, de logros y tambi\u00e9n de dificultades que nos recuerdan por qu\u00e9 naci\u00f3 Acci\u00f3n Nacional y por qu\u00e9 sigue siendo fundamental para M\u00e9xico.<\/p>\n<p style=\"text-align: justify;\" data-start=\"453\" data-end=\"753\">Nuestro fundador, Manuel G\u00f3mez Morin, dec\u00eda: <em data-start=\"498\" data-end=\"609\">\u201cLa Patria exige de nosotros lo mejor de nuestra vida, lo mejor de nuestro esfuerzo, lo mejor de nuestra fe.\u201d<\/em> Y hoy, como ayer, el panismo tlaxcalteca honra esas palabras con trabajo, con convicci\u00f3n y con esa m\u00edstica que nos distingue en todo el pa\u00eds.<\/p>\n<p style=\"text-align: justify;\" data-start=\"755\" data-end=\"1001\">Efra\u00edn Gonz\u00e1lez Luna nos ense\u00f1\u00f3 que el PAN no surgi\u00f3 para buscar el poder por s\u00ed mismo, sino para dignificar la pol\u00edtica. Ese es el legado que recibimos y que debemos transmitir a las nuevas generaciones de militantes que se suman a esta causa.<\/p>\n<p style=\"text-align: justify;\" data-start=\"1003\" data-end=\"1426\">Aqu\u00ed, en nuestra tierra, recordamos tambi\u00e9n la inspiraci\u00f3n de Don Luis H. \u00c1lvarez, quien con sencillez y valent\u00eda nos mostr\u00f3 que la verdadera fortaleza del PAN est\u00e1 en la gente. Y c\u00f3mo no reconocer a Elenita \u00c1lvarez de Vicencio, pionera en la participaci\u00f3n pol\u00edtica de las mujeres, que abri\u00f3 camino para que hoy, en Tlaxcala, la mayor\u00eda de nuestros comit\u00e9s municipales est\u00e9n liderados por mujeres capaces y comprometidas.<\/p>\n<p style=\"text-align: justify;\" data-start=\"1428\" data-end=\"1688\">Dec\u00eda el Maqu\u00edo, Manuel Clouthier: <em data-start=\"1463\" data-end=\"1514\">\u201cA la pol\u00edtica se viene a servir, no a servirse.\u201d<\/em> Esa frase cobra sentido en cada panista que asume una responsabilidad con humildad y entrega, convencido de que lo importante no es el cargo, sino la causa que defendemos.<\/p>\n<p style=\"text-align: justify;\" data-start=\"1690\" data-end=\"1947\">Hoy tenemos ejemplos vivos de esa m\u00edstica, como nuestra diputada Miriam Mart\u00ednez, quien con liderazgo, compromiso y lealtad demuestra todos los d\u00edas lo que significa ser una panista aut\u00e9ntica: trabajar siempre por la gente, jam\u00e1s por intereses personales.<\/p>\n<p style=\"text-align: justify;\" data-start=\"1949\" data-end=\"2160\">Carlos Castillo Peraza nos record\u00f3 que <em data-start=\"1988\" data-end=\"2062\">\u201cla pol\u00edtica no es para tener raz\u00f3n, sino para transformar la realidad.\u201d<\/em> Y esa es nuestra gran tarea: transformar Tlaxcala con organizaci\u00f3n, unidad y trabajo constante.<\/p>\n<p style=\"text-align: justify;\" data-start=\"2162\" data-end=\"2528\">Vicente Fox nos demostr\u00f3 que s\u00ed es posible cambiar a M\u00e9xico. Felipe Calder\u00f3n nos ense\u00f1\u00f3 que cuando la patria est\u00e1 en riesgo se lucha con toda la fuerza del esp\u00edritu. Alonso Lujambio dej\u00f3 claro que la democracia se construye todos los d\u00edas. Y hoy, como se\u00f1ala Jorge Romero Herrera, Acci\u00f3n Nacional es el partido de las causas, de la gente y de quienes no se rinden.<\/p>\n<p style=\"text-align: justify;\" data-start=\"2530\" data-end=\"2556\">Compa\u00f1eras y compa\u00f1eros,<\/p>\n<p style=\"text-align: justify;\" data-start=\"2558\" data-end=\"2780\">El 2027 ser\u00e1 decisivo. Ese a\u00f1o Tlaxcala renovar\u00e1 la gubernatura, el Congreso local, las alcald\u00edas y las comunidades. Ser\u00e1 un momento hist\u00f3rico en el que el PAN debe demostrar que es la opci\u00f3n que nuestro estado necesita.<\/p>\n<p style=\"text-align: justify;\" data-start=\"2782\" data-end=\"3023\">Pero ese triunfo no se consigue en un solo d\u00eda. Se construye desde ahora, con militancia fiel, con dirigencias honestas, con mujeres y hombres comprometidos que comprendan que Acci\u00f3n Nacional es m\u00e1s grande que cualquier inter\u00e9s particular.<\/p>\n<p style=\"text-align: justify;\" data-start=\"3025\" data-end=\"3358\">Hoy los convoco a la unidad, a la lealtad y al trabajo permanente. Que nadie se quede atr\u00e1s, que nadie se aparte del camino. Porque nuestra fuerza no est\u00e1 en unos cuantos, est\u00e1 en todas y todos los panistas que han entregado su vida, su esfuerzo y su coraz\u00f3n para que el PAN siga siendo el partido de la esperanza y de la dignidad.<\/p>\n<p style=\"text-align: justify;\" data-start=\"3360\" data-end=\"3624\">Nunca olvidemos lo que dijo Efra\u00edn Gonz\u00e1lez Luna: <em data-start=\"3410\" data-end=\"3513\">\u201cLa pol\u00edtica es, en esencia, el arte de buscar el bien com\u00fan por encima de los intereses personales.\u201d<\/em> Esa debe ser la br\u00fajula que oriente cada decisi\u00f3n, cada alianza y cada acci\u00f3n que emprendamos rumbo al 2027.<\/p>\n<p style=\"text-align: justify;\" data-start=\"3626\" data-end=\"3858\">Hoy, en este 86 aniversario, renovemos nuestra fe en M\u00e9xico y en Tlaxcala. Ratifiquemos nuestro compromiso con los valores que nos dieron origen: la dignidad de la persona humana, el bien com\u00fan, la solidaridad y la subsidiariedad.<\/p>\n<p style=\"text-align: justify;\" data-start=\"3860\" data-end=\"4067\">Porque Acci\u00f3n Nacional no es \u00fanicamente un partido pol\u00edtico. Acci\u00f3n Nacional es un movimiento de mujeres y hombres libres que creen en la democracia, que luchan por la justicia y que defienden la libertad.<\/p>\n<p style=\"text-align: justify;\" data-start=\"4069\" data-end=\"4336\">Amigas y amigos, celebremos este aniversario con orgullo, con gratitud hacia quienes nos antecedieron y con la mirada firme hacia el futuro. Sigamos construyendo un PAN fuerte, cercano, valiente y unido. Continuemos defendiendo la libertad, la justicia y la verdad.<\/p>\n<p style=\"text-align: justify;\" data-start=\"4338\" data-end=\"4515\">Porque Tlaxcala merece m\u00e1s. Porque M\u00e9xico merece m\u00e1s. Y porque Acci\u00f3n Nacional est\u00e1 llamado a ser, una vez m\u00e1s, la gran alternativa de esperanza y triunfo para nuestro pueblo.<\/p>\n<p style=\"text-align: justify;\" data-start=\"4517\" data-end=\"4575\">\u00a1Viva Acci\u00f3n Nacional!<br data-start=\"4539\" data-end=\"4542\" \/>\u00a1Viva Tlaxcala!<br data-start=\"4557\" data-end=\"4560\" \/>\u00a1Viva M\u00e9xico!<\/p>\n<p data-start=\"4517\" data-end=\"4575\"><img loading=\"lazy\" decoding=\"async\" class=\"alignnone size-full wp-image-49976\" src=\"https:\/\/labestiapolitica.com.mx\/wp-content\/uploads\/2025\/09\/WhatsApp-Image-2025-09-09-at-1.53.55-PM-3.jpeg\" alt=\"\" width=\"940\" height=\"788\" srcset=\"https:\/\/labestiapolitica.com.mx\/wp-content\/uploads\/2025\/09\/WhatsApp-Image-2025-09-09-at-1.53.55-PM-3.jpeg 940w, https:\/\/labestiapolitica.com.mx\/wp-content\/uploads\/2025\/09\/WhatsApp-Image-2025-09-09-at-1.53.55-PM-3-300x251.jpeg 300w, https:\/\/labestiapolitica.com.mx\/wp-content\/uploads\/2025\/09\/WhatsApp-Image-2025-09-09-at-1.53.55-PM-3-768x644.jpeg 768w\" sizes=\"auto, (max-width: 940px) 100vw, 940px\" \/><\/p>\n","protected":false},"excerpt":{"rendered":"<p>Amigas y amigos panistas, Hoy celebramos 86 a\u00f1os de historia, de lucha y de esperanza. Son m\u00e1s de ocho d\u00e9cadas de coherencia, de sacrificios, de logros y tambi\u00e9n de dificultades que nos recuerdan por qu\u00e9 naci\u00f3 Acci\u00f3n Nacional y por qu\u00e9 sigue siendo fundamental para M\u00e9xico. Nuestro fundador, Manuel G\u00f3mez Morin, dec\u00eda: \u201cLa Patria exige [&hellip;]<\/p>\n","protected":false},"author":3,"featured_media":49975,"comment_status":"open","ping_status":"open","sticky":false,"template":"","format":"standard","meta":{"footnotes":""},"categories":[6],"tags":[],"class_list":["post-49974","post","type-post","status-publish","format-standard","has-post-thumbnail","hentry","category-opinion"],"amp_enabled":true,"_links":{"self":[{"href":"https:\/\/labestiapolitica.com.mx\/index.php?rest_route=\/wp\/v2\/posts\/49974","targetHints":{"allow":["GET"]}}],"collection":[{"href":"https:\/\/labestiapolitica.com.mx\/index.php?rest_route=\/wp\/v2\/posts"}],"about":[{"href":"https:\/\/labestiapolitica.com.mx\/index.php?rest_route=\/wp\/v2\/types\/post"}],"author":[{"embeddable":true,"href":"https:\/\/labestiapolitica.com.mx\/index.php?rest_route=\/wp\/v2\/users\/3"}],"replies":[{"embeddable":true,"href":"https:\/\/labestiapolitica.com.mx\/index.php?rest_route=%2Fwp%2Fv2%2Fcomments&post=49974"}],"version-history":[{"count":1,"href":"https:\/\/labestiapolitica.com.mx\/index.php?rest_route=\/wp\/v2\/posts\/49974\/revisions"}],"predecessor-version":[{"id":49977,"href":"https:\/\/labestiapolitica.com.mx\/index.php?rest_route=\/wp\/v2\/posts\/49974\/revisions\/49977"}],"wp:featuredmedia":[{"embeddable":true,"href":"https:\/\/labestiapolitica.com.mx\/index.php?rest_route=\/wp\/v2\/media\/49975"}],"wp:attachment":[{"href":"https:\/\/labestiapolitica.com.mx\/index.php?rest_route=%2Fwp%2Fv2%2Fmedia&parent=49974"}],"wp:term":[{"taxonomy":"category","embeddable":true,"href":"https:\/\/labestiapolitica.com.mx\/index.php?rest_route=%2Fwp%2Fv2%2Fcategories&post=49974"},{"taxonomy":"post_tag","embeddable":true,"href":"https:\/\/labestiapolitica.com.mx\/index.php?rest_route=%2Fwp%2Fv2%2Ftags&post=49974"}],"curies":[{"name":"wp","href":"https:\/\/api.w.org\/{rel}","templated":true}]}}