{"id":50008,"date":"2025-09-22T18:20:53","date_gmt":"2025-09-23T00:20:53","guid":{"rendered":"https:\/\/labestiapolitica.com.mx\/?p=50008"},"modified":"2025-09-29T09:54:17","modified_gmt":"2025-09-29T15:54:17","slug":"en-el-horizonte-de-tu-recuerdo","status":"publish","type":"post","link":"https:\/\/labestiapolitica.com.mx\/?p=50008","title":{"rendered":"En el HORIZONTE de tu RECUERDO"},"content":{"rendered":"<p>Peque\u00f1o relato de un Gran Libro.<\/p>\n<blockquote>\n<p style=\"text-align: right;\">\u201cEn el mundo necesitamos sensibilidad, si ley\u00e9ramos poes\u00eda y ley\u00e9ramos salmos el mundo ser\u00eda m\u00e1s Sensible\u201d<br \/>\nMarco A. Alvarado.<\/p>\n<\/blockquote>\n<p><img loading=\"lazy\" decoding=\"async\" class=\"size-full wp-image-50009 aligncenter\" src=\"https:\/\/labestiapolitica.com.mx\/wp-content\/uploads\/2025\/09\/Imagen1.jpg\" alt=\"\" width=\"246\" height=\"365\" srcset=\"https:\/\/labestiapolitica.com.mx\/wp-content\/uploads\/2025\/09\/Imagen1.jpg 246w, https:\/\/labestiapolitica.com.mx\/wp-content\/uploads\/2025\/09\/Imagen1-202x300.jpg 202w\" sizes=\"auto, (max-width: 246px) 100vw, 246px\" \/><\/p>\n<p>&nbsp;<\/p>\n<p style=\"text-align: justify;\">Esa fue la frase que dio arranque a la presentaci\u00f3n de <strong>\u201cEn el HORIZONTE de tu RECUERDO\u201d<\/strong> la \u00f3pera prima del Lic. y\u00a0Mtro. Alvarado, donde plasma poes\u00edas y cuentos de su inspiraci\u00f3n; de los cuales nos comparti\u00f3 algunos, en ese que fue el lugar de la cita de Marco Antonio con la posteridad; En el centro cultural la Libertad, en la ciudad de Apizaco.<\/p>\n<p style=\"text-align: justify;\">En su obra, Marco le da movimiento y sentido a todo; por ejemplo, en la subsecci\u00f3n de <strong>LAS IDEAS,<\/strong> cada una de estas pasa de ser un pensamiento, a profundizar en los alcances infinitos que la mente le da a cada hija que gesta; a sus <strong>MUSAS,<\/strong> que son entre otras, su vida misma, sus vivencias, sus recuerdos, sus olvidos, s\u00ed, ese instante que se cre\u00eda olvidado, pero que al llegar desde el rec\u00f3ndito del subconsciente, nos damos cuenta que siempre ha estado ah\u00ed. Tambi\u00e9n a los <strong>SUE\u00d1OS<\/strong>, que a pesar de manifestarse en miles de fragmentos logra unirlos para hacer sus poemas on\u00edricos. Al <strong>AMOR<\/strong> o quiz\u00e1 al placer; donde disfruta con todos sus sentidos a su pareja, a una real quiz\u00e1, o una del so\u00f1ar. Y es la ambientaci\u00f3n donde se da ese encuentro, no otra, sino la misma intemperie coronada por el firmamento.<\/p>\n<p style=\"text-align: justify;\">M\u00e1s adelante rinde homenaje a aquellos <strong>MAESTROS<\/strong> que atemporalmente lo formaron, lo guiaron con sus letras, con sus palabras, con su obra, y escucharlo describir a Juan Rulfo, habl\u00e1ndole desde su pluma por su gran respeto, mientras que, C\u00e9sar Vallejo le provoca ese deseo por haberse atrevido a ser y hacer, a explorar, a descubrir y a escribir.<\/p>\n<p style=\"text-align: justify;\"><strong>A LA LUNA<\/strong><br \/>\nA la diosa Selene, la entiende, no solo como su propia musa, sino como la musa de todos sus maestros; Neruda, Borges, Camacho, Machado, Rulfo, Vallejo, etc. La fiel, la eterna, la confiable y siempre presente. La dama seductora y celestial.<\/p>\n<p style=\"text-align: justify;\"><strong>PAISAJES<\/strong><br \/>\nSon odas a la naturaleza, donde analoga a los escenarios naturales con mujeres imaginarias, con las que habla y a las que les confiesa ese c\u00famulo de emociones, pasiones y sentimientos reservados para ella o quiz\u00e1, para ellas. Porque al igual que se dirige a una, se dirige a todas, o probablemente, se dirige a <strong>AQUELLA PERFECTA<\/strong> que, est\u00e1 sin estar, porque ha convivido con <strong>ELLA<\/strong>\u00a0en diferentes momentos de su vida y es construida con trozos, recuerdos y esencia de cada una de ellas, de las que dejaron en \u00e9l, su indeleble huella.<\/p>\n<p style=\"text-align: justify;\"><strong>INTERLUDIO<\/strong><br \/>\nEn un dr\u00e1stico cambio de ritmo, Marco Antonio deja ver conmoci\u00f3n por la naturaleza destructiva del hombre; de la indolencia; de las injustificadas guerras; en esta segunda parte del libro, el autor apizaquence, transmite su dolor, su consternaci\u00f3n y su confusi\u00f3n por tales actos.<\/p>\n<p style=\"text-align: justify;\"><strong>El DOLOR<\/strong><br \/>\nDescrito como el eterno compa\u00f1ero de la humanidad, del individuo; dolor por las penas propias, pero tambi\u00e9n por las penas del alma, de los cercanos y los ajenos; de la sociedad completa; del despose\u00eddo. Abarca el dolor por todo lo que nos duele, por la ausencia; por la desgracia; por el extrav\u00edo; por el hambre, por el desamor; por la dolencia f\u00edsica producto de la enfermedad. Por la falta de amor y de fe. Por el producto de la violencia, por el dolor de los ideales. Por el dolor de las cosas humanas; la envidia, la desidia, la traici\u00f3n. Y el inevitable y est\u00e9ril deseo de poder evitar llantos, dolencias, sufrimiento y muerte, aceptando su simple humanidad separada por millones de a\u00f1os luz, de quien s\u00ed puede evitar el dolor: la Divinidad.<\/p>\n<p style=\"text-align: justify;\"><strong>La Muerte<\/strong><br \/>\nEntiende al anhelo de la vida por siempre, pero tambi\u00e9n que somos m\u00e1s que cuerpo y mente; Marco Antonio, le habla al esp\u00edritu de alguien, al de uno, al de muchos, al esp\u00edritu de todos; sabiendo que, en alg\u00fan lado o en alg\u00fan plano de la existencia, es escuchado. Despu\u00e9s se asume como el mismo ser que, trascendi\u00f3 y se despide de todos, sabiendo que de alg\u00fan modo, su voz sin sonido llegar\u00e1 a su destinatario.<\/p>\n<p style=\"text-align: justify;\"><strong>De los cuentos<\/strong><br \/>\nLo advirti\u00f3 desde el principio, en la frase que invita a leer los Salmos, su contacto con la divinidad, su alineaci\u00f3n a la paz; desde all\u00ed, habla del contacto entre el ser supremo y el hombre, por ello, el cuento que comparte, no podr\u00eda hablar de otro tema que, del Hijo del Hombre, sus letras parecieran ser vers\u00edculos de los evangelios de <em>Mateo<\/em>, o incluso de <em>Marcos<\/em>, y quiz\u00e1 lo son sin serlo; la historia describe a un ap\u00f3stol, aparte de los 12 que conocemos; a un decimotercer ap\u00f3stol, hom\u00f3nimo, an\u00f3nimo, de aqu\u00e9l \u201cAp\u00f3stol n\u00famero 13\u201d de <em>Michel Benoit<\/em>, novela por dem\u00e1s rica en datos y aventura. Pero el autor, habla de este disc\u00edpulo desconocido de una forma m\u00e1s b\u00edblica que novelizada, sus letras evocan a las ense\u00f1anzas del Rab\u00ed, y de aqu\u00e9l seguidor que est\u00e1 con \u00c9l, junto a \u00c9l, detr\u00e1s de \u00c9l y para \u00c9l; fortaleciendo as\u00ed, esta estructura de su cuento, cuando incrusta a literalidad los vers\u00edculos 38 y 39 del cap\u00edtulo noveno de Marcos:<\/p>\n<blockquote>\n<p style=\"text-align: left;\"><em>38 \u2015\u00bbMaestro, vimos a un hombre que echaba fuera demonios en tu nombre. Nosotros se lo prohibimos, porque no es de los nuestros.\u00bb<\/em><br \/>\n<em>39 \u2015\u00bb\u00a1No se lo proh\u00edban\u00bb \u2014respondi\u00f3 Jes\u00fas\u2014. Nadie que realice milagros en mi nombre podr\u00e1 hablar mal de m\u00ed.\u201d<\/em><\/p>\n<\/blockquote>\n<p style=\"text-align: justify;\">Inmediatamente remata su cuento desvelando que, ese decimotercer ap\u00f3stol, es uno y todos a la vez; ese disc\u00edpulo, al igual que en la gran cantidad de sus poemas, es atemporal; porque \u00e9ste, que durante toda la lectura crees que es Pablo, trasciende a Pablo mismo, y s\u00ed, claro que es el Tarsiano, pero tambi\u00e9n es Teresa de Calcuta, al igual que es Tom\u00e1s de Aquino, tambi\u00e9n es mi abuela, o quiz\u00e1 la suya lector, lectora; ese decimotercer disc\u00edpulo del cuento de Marco Antonio Alvarado, es todo aqu\u00e9l que sigue la ense\u00f1anza de Jesucristo. Es decir, aqu\u00e9l que tiene como modo de vida la FE.<\/p>\n<p style=\"text-align: justify;\">Si puede usted conseguir el Libro de Marco Antonio Alvarado, tendr\u00e1 en su biblioteca personal una obra que de s\u00ed, ya vale el costo que usted llegue a erogar; pero, sobre todo, una gu\u00eda que lo encaminar\u00e1 a la senda de la meditaci\u00f3n y el gozo de conocerse as\u00ed mismo, a trav\u00e9s de la experiencia propia, la emoci\u00f3n, la sensaci\u00f3n, la oraci\u00f3n, la reflexi\u00f3n y la compasi\u00f3n. Porque en esas palabras, \u00aben <strong>El HORIZONTE<\/strong> de tu <strong>RECUERDO\u00bb<\/strong>, Marco nos lleva a descubrir lo <span style=\"font-family: 'times new roman', times, serif;\"><strong>Eterno en lo Ef\u00edmero.<\/strong><\/span><\/p>\n","protected":false},"excerpt":{"rendered":"<p>Peque\u00f1o relato de un Gran Libro. \u201cEn el mundo necesitamos sensibilidad, si ley\u00e9ramos poes\u00eda y ley\u00e9ramos salmos el mundo ser\u00eda m\u00e1s Sensible\u201d Marco A. Alvarado. &nbsp; Esa fue la frase que dio arranque a la presentaci\u00f3n de \u201cEn el HORIZONTE de tu RECUERDO\u201d la \u00f3pera prima del Lic. y\u00a0Mtro. Alvarado, donde plasma poes\u00edas y cuentos [&hellip;]<\/p>\n","protected":false},"author":3,"featured_media":50011,"comment_status":"open","ping_status":"open","sticky":false,"template":"","format":"standard","meta":{"footnotes":""},"categories":[6],"tags":[],"class_list":["post-50008","post","type-post","status-publish","format-standard","has-post-thumbnail","hentry","category-opinion"],"amp_enabled":true,"_links":{"self":[{"href":"https:\/\/labestiapolitica.com.mx\/index.php?rest_route=\/wp\/v2\/posts\/50008","targetHints":{"allow":["GET"]}}],"collection":[{"href":"https:\/\/labestiapolitica.com.mx\/index.php?rest_route=\/wp\/v2\/posts"}],"about":[{"href":"https:\/\/labestiapolitica.com.mx\/index.php?rest_route=\/wp\/v2\/types\/post"}],"author":[{"embeddable":true,"href":"https:\/\/labestiapolitica.com.mx\/index.php?rest_route=\/wp\/v2\/users\/3"}],"replies":[{"embeddable":true,"href":"https:\/\/labestiapolitica.com.mx\/index.php?rest_route=%2Fwp%2Fv2%2Fcomments&post=50008"}],"version-history":[{"count":6,"href":"https:\/\/labestiapolitica.com.mx\/index.php?rest_route=\/wp\/v2\/posts\/50008\/revisions"}],"predecessor-version":[{"id":50042,"href":"https:\/\/labestiapolitica.com.mx\/index.php?rest_route=\/wp\/v2\/posts\/50008\/revisions\/50042"}],"wp:featuredmedia":[{"embeddable":true,"href":"https:\/\/labestiapolitica.com.mx\/index.php?rest_route=\/wp\/v2\/media\/50011"}],"wp:attachment":[{"href":"https:\/\/labestiapolitica.com.mx\/index.php?rest_route=%2Fwp%2Fv2%2Fmedia&parent=50008"}],"wp:term":[{"taxonomy":"category","embeddable":true,"href":"https:\/\/labestiapolitica.com.mx\/index.php?rest_route=%2Fwp%2Fv2%2Fcategories&post=50008"},{"taxonomy":"post_tag","embeddable":true,"href":"https:\/\/labestiapolitica.com.mx\/index.php?rest_route=%2Fwp%2Fv2%2Ftags&post=50008"}],"curies":[{"name":"wp","href":"https:\/\/api.w.org\/{rel}","templated":true}]}}