{"id":50087,"date":"2025-09-23T23:05:16","date_gmt":"2025-09-24T05:05:16","guid":{"rendered":"https:\/\/labestiapolitica.com.mx\/?p=50087"},"modified":"2025-09-23T23:05:16","modified_gmt":"2025-09-24T05:05:16","slug":"agrobiologia-uatx-abre-ciclo-de-conferencias-sobre-medicina-de-fauna-silvestre","status":"publish","type":"post","link":"https:\/\/labestiapolitica.com.mx\/?p=50087","title":{"rendered":"Agrobiolog\u00eda UATx abre ciclo de conferencias sobre medicina de fauna silvestre."},"content":{"rendered":"<p style=\"font-weight: 400; text-align: justify;\">La Licenciatura en Medicina Veterinaria y Zootecnia de la Universidad Aut\u00f3noma de Tlaxcala (UATx) puso en marcha los trabajo del\u00a0\ud835\udc0f\ud835\udc2b\ud835\udc22\ud835\udc26\ud835\udc1e\ud835\udc2b\u00a0\ud835\udc02\ud835\udc22\ud835\udc1c\ud835\udc25\ud835\udc28\u00a0\ud835\udc1d\ud835\udc1e\u00a0\ud835\udc02\ud835\udc28\ud835\udc27\ud835\udc1f\ud835\udc1e\ud835\udc2b\ud835\udc1e\ud835\udc27\ud835\udc1c\ud835\udc22\ud835\udc1a\ud835\udc2c\u00a0\ud835\udc2c\ud835\udc28\ud835\udc1b\ud835\udc2b\ud835\udc1e\u00a0\ud835\udc0c\ud835\udc1e\ud835\udc1d\ud835\udc22\ud835\udc1c\ud835\udc22\ud835\udc27\ud835\udc1a\u00a0\ud835\udc1d\ud835\udc1e\u00a0\ud835\udc05\ud835\udc1a\ud835\udc2e\ud835\udc27\ud835\udc1a\u00a0\ud835\udc12\ud835\udc22\ud835\udc25\ud835\udc2f\ud835\udc1e\ud835\udc2c\ud835\udc2d\ud835\udc2b\ud835\udc1e, que se realizar\u00e1 de manera virtual con dos sesiones mensuales hasta febrero de 2026.<\/p>\n<p style=\"font-weight: 400; text-align: justify;\">En la apertura, el M\u00e9dico Veterinario Zootecnista Jes\u00fas Arag\u00f3n Hern\u00e1ndez, Coordinador de la Licenciatura que se imparte en la Facultad de Agrobiolog\u00eda, subray\u00f3 la importancia de capacitar a los estudiantes en el manejo, conservaci\u00f3n y rehabilitaci\u00f3n de la fauna silvestre, con un enfoque \u00e9tico, legal y ecol\u00f3gico.<\/p>\n<p style=\"font-weight: 400; text-align: justify;\">La primera conferencia abord\u00f3 el tema\u00a0\ud835\udc0b\ud835\udc1a\u00a0\ud835\udc2f\ud835\udc1e\ud835\udc2d\ud835\udc1e\ud835\udc2b\ud835\udc22\ud835\udc27\ud835\udc1a\ud835\udc2b\ud835\udc22\ud835\udc1a\u00a0\ud835\udc32\u00a0\ud835\udc25\ud835\udc1a\u00a0\ud835\udc1c\ud835\udc22\ud835\udc1e\ud835\udc27\ud835\udc1c\ud835\udc22\ud835\udc1a\u00a0\ud835\udc1d\ud835\udc1e\ud835\udc25\u00a0\ud835\udc1c\ud835\udc28\ud835\udc26\ud835\udc29\ud835\udc28\ud835\udc2b\ud835\udc2d\ud835\udc1a\ud835\udc26\ud835\udc22\ud835\udc1e\ud835\udc27\ud835\udc2d\ud835\udc28\u00a0\ud835\udc1e\ud835\udc27\u00a0\ud835\udc25\ud835\udc1a\ud835\udc2c\u00a0\ud835\udc1a\ud835\udc2f\ud835\udc1e\ud835\udc2c\u00a0\ud835\udc1d\ud835\udc1e\u00a0\ud835\udc1c\ud835\udc28\ud835\udc26\ud835\udc29\ud835\udc1a\ud835\udc27\u0303\ud835\udc22\u0301\ud835\udc1a\u00a0\ud835\udc2c\ud835\udc22\ud835\udc25\ud835\udc2f\ud835\udc1e\ud835\udc2c\ud835\udc2d\ud835\udc2b\ud835\udc1e\ud835\udc2c, y fue impartida por el M\u00e9dico Veterinario Zootecnista Joel Romero Luj\u00e1n, quien expuso sobre el cuidado y entrenamiento de distintas especies de aves.<\/p>\n<p style=\"font-weight: 400; text-align: justify;\">\u00a0La segunda ponencia fue\u00a0\ud835\udc0d\ud835\udc2e\ud835\udc2d\ud835\udc2b\ud835\udc22\ud835\udc1c\ud835\udc22\ud835\udc28\u0301\ud835\udc27\u00a0\ud835\udc1d\ud835\udc1e\u00a0\ud835\udc29\ud835\udc1e\ud835\udc2a\ud835\udc2e\ud835\udc1e\ud835\udc27\u0303\ud835\udc28\ud835\udc2c\u00a0\ud835\udc26\ud835\udc1a\ud835\udc26\ud835\udc22\u0301\ud835\udc1f\ud835\udc1e\ud835\udc2b\ud835\udc28\ud835\udc2c\u00a0\ud835\udc26\ud835\udc1a\ud835\udc27\ud835\udc2d\ud835\udc1e\ud835\udc27\ud835\udc22\ud835\udc1d\ud835\udc28\ud835\udc2c\u00a0\ud835\udc1c\ud835\udc28\ud835\udc26\ud835\udc28\u00a0\ud835\udc1a\ud835\udc27\ud835\udc22\ud835\udc26\ud835\udc1a\ud835\udc25\u00a0\ud835\udc1d\ud835\udc1e\u00a0\ud835\udc1c\ud835\udc28\ud835\udc26\ud835\udc29\ud835\udc1a\ud835\udc27\u0303\ud835\udc22\u0301\ud835\udc1a\u00a0que imparti\u00f3 la M\u00e9dico Veterinario Zootecnista Delia Grajales N\u00e1jera, quien abord\u00f3 h\u00e1bitos y cuidados alimenticios en hurones, erizos, conejos, chinchillas, petauros y cuyos.<\/p>\n<p style=\"font-weight: 400; text-align: justify;\">Las personas interesadas en participar, puede solicitar informes a:\u00a0<a href=\"mailto:depart.faunauatx@gmail.com\">depart.faunauatx@gmail.com<\/a>\u00a0o en Instagram: @depart_faunasilvestre<\/p>\n<p>&nbsp;<\/p>\n<p><img loading=\"lazy\" decoding=\"async\" class=\"alignnone wp-image-28405 size-full\" src=\"https:\/\/labestiapolitica.com.mx\/wp-content\/uploads\/2024\/06\/U-NOVA-y-se-diferente.png\" alt=\"\" width=\"1000\" height=\"600\" srcset=\"https:\/\/labestiapolitica.com.mx\/wp-content\/uploads\/2024\/06\/U-NOVA-y-se-diferente.png 1000w, https:\/\/labestiapolitica.com.mx\/wp-content\/uploads\/2024\/06\/U-NOVA-y-se-diferente-300x180.png 300w, https:\/\/labestiapolitica.com.mx\/wp-content\/uploads\/2024\/06\/U-NOVA-y-se-diferente-768x461.png 768w\" sizes=\"auto, (max-width: 1000px) 100vw, 1000px\" \/><\/p>\n","protected":false},"excerpt":{"rendered":"<p>La Licenciatura en Medicina Veterinaria y Zootecnia de la Universidad Aut\u00f3noma de Tlaxcala (UATx) puso en marcha los trabajo del\u00a0\ud835\udc0f\ud835\udc2b\ud835\udc22\ud835\udc26\ud835\udc1e\ud835\udc2b\u00a0\ud835\udc02\ud835\udc22\ud835\udc1c\ud835\udc25\ud835\udc28\u00a0\ud835\udc1d\ud835\udc1e\u00a0\ud835\udc02\ud835\udc28\ud835\udc27\ud835\udc1f\ud835\udc1e\ud835\udc2b\ud835\udc1e\ud835\udc27\ud835\udc1c\ud835\udc22\ud835\udc1a\ud835\udc2c\u00a0\ud835\udc2c\ud835\udc28\ud835\udc1b\ud835\udc2b\ud835\udc1e\u00a0\ud835\udc0c\ud835\udc1e\ud835\udc1d\ud835\udc22\ud835\udc1c\ud835\udc22\ud835\udc27\ud835\udc1a\u00a0\ud835\udc1d\ud835\udc1e\u00a0\ud835\udc05\ud835\udc1a\ud835\udc2e\ud835\udc27\ud835\udc1a\u00a0\ud835\udc12\ud835\udc22\ud835\udc25\ud835\udc2f\ud835\udc1e\ud835\udc2c\ud835\udc2d\ud835\udc2b\ud835\udc1e, que se realizar\u00e1 de manera virtual con dos sesiones mensuales hasta febrero de 2026. En la apertura, el M\u00e9dico Veterinario Zootecnista Jes\u00fas Arag\u00f3n Hern\u00e1ndez, Coordinador de la Licenciatura que se imparte en la Facultad de [&hellip;]<\/p>\n","protected":false},"author":5,"featured_media":50088,"comment_status":"open","ping_status":"open","sticky":false,"template":"","format":"standard","meta":{"footnotes":""},"categories":[7,213,241],"tags":[],"class_list":["post-50087","post","type-post","status-publish","format-standard","has-post-thumbnail","hentry","category-ciudadanos","category-educacion","category-uatx"],"amp_enabled":true,"_links":{"self":[{"href":"https:\/\/labestiapolitica.com.mx\/index.php?rest_route=\/wp\/v2\/posts\/50087","targetHints":{"allow":["GET"]}}],"collection":[{"href":"https:\/\/labestiapolitica.com.mx\/index.php?rest_route=\/wp\/v2\/posts"}],"about":[{"href":"https:\/\/labestiapolitica.com.mx\/index.php?rest_route=\/wp\/v2\/types\/post"}],"author":[{"embeddable":true,"href":"https:\/\/labestiapolitica.com.mx\/index.php?rest_route=\/wp\/v2\/users\/5"}],"replies":[{"embeddable":true,"href":"https:\/\/labestiapolitica.com.mx\/index.php?rest_route=%2Fwp%2Fv2%2Fcomments&post=50087"}],"version-history":[{"count":1,"href":"https:\/\/labestiapolitica.com.mx\/index.php?rest_route=\/wp\/v2\/posts\/50087\/revisions"}],"predecessor-version":[{"id":50089,"href":"https:\/\/labestiapolitica.com.mx\/index.php?rest_route=\/wp\/v2\/posts\/50087\/revisions\/50089"}],"wp:featuredmedia":[{"embeddable":true,"href":"https:\/\/labestiapolitica.com.mx\/index.php?rest_route=\/wp\/v2\/media\/50088"}],"wp:attachment":[{"href":"https:\/\/labestiapolitica.com.mx\/index.php?rest_route=%2Fwp%2Fv2%2Fmedia&parent=50087"}],"wp:term":[{"taxonomy":"category","embeddable":true,"href":"https:\/\/labestiapolitica.com.mx\/index.php?rest_route=%2Fwp%2Fv2%2Fcategories&post=50087"},{"taxonomy":"post_tag","embeddable":true,"href":"https:\/\/labestiapolitica.com.mx\/index.php?rest_route=%2Fwp%2Fv2%2Ftags&post=50087"}],"curies":[{"name":"wp","href":"https:\/\/api.w.org\/{rel}","templated":true}]}}