{"id":50192,"date":"2025-09-24T23:34:01","date_gmt":"2025-09-25T05:34:01","guid":{"rendered":"https:\/\/labestiapolitica.com.mx\/?p=50192"},"modified":"2025-09-29T09:47:09","modified_gmt":"2025-09-29T15:47:09","slug":"desarrollo-regional-con-humanismo","status":"publish","type":"post","link":"https:\/\/labestiapolitica.com.mx\/?p=50192","title":{"rendered":"Desarrollo regional con humanismo."},"content":{"rendered":"<div class=\"xdj266r x14z9mp xat24cr x1lziwak x1vvkbs x126k92a\">\n<div dir=\"auto\" style=\"text-align: justify;\">Por Luis Alberto Huerta Hern\u00e1ndez<\/div>\n<div dir=\"auto\" style=\"text-align: justify;\">Presidente Municipal de Atltzayanca<\/div>\n<div dir=\"auto\" style=\"text-align: justify;\"><\/div>\n<\/div>\n<div class=\"x14z9mp xat24cr x1lziwak x1vvkbs xtlvy1s x126k92a\" style=\"text-align: justify;\">\n<div dir=\"auto\">En el oriente de Tlaxcala compartimos una historia com\u00fan que nos hermana como pueblos. Desde Huamantla hasta Cuapiaxtla, pasando por El Carmen Tequexquitla y Atltzayanca, la gente sabe que el esfuerzo diario no se mide en discursos, sino en la voluntad de trabajar, sembrar, producir y generar oportunidades para nuestras familias.<\/div>\n<\/div>\n<div class=\"x14z9mp xat24cr x1lziwak x1vvkbs xtlvy1s x126k92a\" style=\"text-align: justify;\">\n<div dir=\"auto\">Hoy m\u00e1s que nunca necesitamos pensar de manera regional, porque los retos que enfrentamos no reconocen l\u00edmites municipales. La seguridad, el acceso al agua, la movilidad, el impulso al campo y la generaci\u00f3n de empleos son temas que atraviesan a todas nuestras comunidades. Si no actuamos con visi\u00f3n conjunta, dif\u00edcilmente lograremos que el oriente del estado se consolide como un motor de desarrollo.<\/div>\n<\/div>\n<div class=\"x14z9mp xat24cr x1lziwak x1vvkbs xtlvy1s x126k92a\" style=\"text-align: justify;\">\n<div dir=\"auto\">He aprendido que el campo no solo requiere apoyos coyunturales, sino pol\u00edticas p\u00fablicas permanentes que valoren la aportaci\u00f3n de nuestros productores.<\/div>\n<\/div>\n<div class=\"x14z9mp xat24cr x1lziwak x1vvkbs xtlvy1s x126k92a\" style=\"text-align: justify;\">\n<div dir=\"auto\">El ma\u00edz, el durazno, el amaranto y el nopal, que tanto identifican a nuestra regi\u00f3n, necesitan cadenas de comercializaci\u00f3n que los hagan competitivos, as\u00ed como inversi\u00f3n en infraestructura que permita agregar valor y evitar que nuestros j\u00f3venes tengan que migrar en busca de oportunidades.<\/div>\n<\/div>\n<div class=\"x14z9mp xat24cr x1lziwak x1vvkbs xtlvy1s x126k92a\" style=\"text-align: justify;\">\n<div dir=\"auto\">De igual manera, no podemos dejar de lado la seguridad. Para que nuestras familias vivan tranquilas, necesitamos reforzar la coordinaci\u00f3n con los distintos \u00f3rdenes de gobierno, pero tambi\u00e9n apostar por la prevenci\u00f3n: invertir en educaci\u00f3n, en cultura y en deporte, porque un joven con alternativas es un joven lejos de la violencia.<\/div>\n<\/div>\n<div class=\"x14z9mp xat24cr x1lziwak x1vvkbs xtlvy1s x126k92a\" style=\"text-align: justify;\">\n<div dir=\"auto\">Otro tema que merece especial atenci\u00f3n es el acceso al agua. El oriente de Tlaxcala enfrenta un desgaste natural en sus mantos acu\u00edferos. Por eso urge replantear el modelo de gesti\u00f3n, invertir en tecnolog\u00edas de captaci\u00f3n pluvial y, sobre todo, concientizar sobre el uso responsable de este recurso vital.<\/div>\n<\/div>\n<div class=\"x14z9mp xat24cr x1lziwak x1vvkbs xtlvy1s x126k92a\" style=\"text-align: justify;\">\n<div dir=\"auto\">Estoy convencido de que solo a trav\u00e9s de la unidad y el trabajo compartido podremos dar un salto de calidad como regi\u00f3n. Los municipios no deben verse como islas aisladas, sino como parte de un mismo sistema que, si se articula, puede generar grandes beneficios para su gente.<\/div>\n<\/div>\n<div class=\"x14z9mp xat24cr x1lziwak x1vvkbs xtlvy1s x126k92a\" style=\"text-align: justify;\">\n<div dir=\"auto\">Lo que necesitamos es visi\u00f3n, decisi\u00f3n y compromiso. La visi\u00f3n para entender que el futuro no se construye pensando solo en el presente inmediato, sino en las generaciones que vienen.<\/div>\n<\/div>\n<div class=\"x14z9mp xat24cr x1lziwak x1vvkbs xtlvy1s x126k92a\" style=\"text-align: justify;\">\n<div dir=\"auto\">La decisi\u00f3n para enfrentar problemas estructurales que muchas veces se posponen por comodidad pol\u00edtica. Y el compromiso de no fallarle a la gente que todos los d\u00edas conf\u00eda en sus autoridades.<\/div>\n<\/div>\n<div class=\"x14z9mp xat24cr x1lziwak x1vvkbs xtlvy1s x126k92a\" style=\"text-align: justify;\">\n<div dir=\"auto\">Estoy convencido de que el oriente de Tlaxcala puede ser ejemplo de desarrollo regional, de productividad en el campo y de comunidades seguras y pr\u00f3speras.<\/div>\n<\/div>\n<div class=\"x14z9mp xat24cr x1lziwak x1vvkbs xtlvy1s x126k92a\">\n<div dir=\"auto\" style=\"text-align: justify;\">Para lograrlo, debemos caminar juntos, porque solo as\u00ed nuestra voz se escuchar\u00e1 con m\u00e1s fuerza y nuestras necesidades tendr\u00e1n la atenci\u00f3n que merecen.<\/div>\n<\/div>\n<div dir=\"auto\"><\/div>\n<div dir=\"auto\"><img loading=\"lazy\" decoding=\"async\" class=\"alignnone wp-image-28405 size-full\" src=\"https:\/\/labestiapolitica.com.mx\/wp-content\/uploads\/2024\/06\/U-NOVA-y-se-diferente.png\" alt=\"\" width=\"1000\" height=\"600\" srcset=\"https:\/\/labestiapolitica.com.mx\/wp-content\/uploads\/2024\/06\/U-NOVA-y-se-diferente.png 1000w, https:\/\/labestiapolitica.com.mx\/wp-content\/uploads\/2024\/06\/U-NOVA-y-se-diferente-300x180.png 300w, https:\/\/labestiapolitica.com.mx\/wp-content\/uploads\/2024\/06\/U-NOVA-y-se-diferente-768x461.png 768w\" sizes=\"auto, (max-width: 1000px) 100vw, 1000px\" \/><\/div>\n","protected":false},"excerpt":{"rendered":"<p>Por Luis Alberto Huerta Hern\u00e1ndez Presidente Municipal de Atltzayanca En el oriente de Tlaxcala compartimos una historia com\u00fan que nos hermana como pueblos. Desde Huamantla hasta Cuapiaxtla, pasando por El Carmen Tequexquitla y Atltzayanca, la gente sabe que el esfuerzo diario no se mide en discursos, sino en la voluntad de trabajar, sembrar, producir y [&hellip;]<\/p>\n","protected":false},"author":5,"featured_media":50193,"comment_status":"open","ping_status":"open","sticky":false,"template":"","format":"standard","meta":{"footnotes":""},"categories":[6],"tags":[],"class_list":["post-50192","post","type-post","status-publish","format-standard","has-post-thumbnail","hentry","category-opinion"],"amp_enabled":true,"_links":{"self":[{"href":"https:\/\/labestiapolitica.com.mx\/index.php?rest_route=\/wp\/v2\/posts\/50192","targetHints":{"allow":["GET"]}}],"collection":[{"href":"https:\/\/labestiapolitica.com.mx\/index.php?rest_route=\/wp\/v2\/posts"}],"about":[{"href":"https:\/\/labestiapolitica.com.mx\/index.php?rest_route=\/wp\/v2\/types\/post"}],"author":[{"embeddable":true,"href":"https:\/\/labestiapolitica.com.mx\/index.php?rest_route=\/wp\/v2\/users\/5"}],"replies":[{"embeddable":true,"href":"https:\/\/labestiapolitica.com.mx\/index.php?rest_route=%2Fwp%2Fv2%2Fcomments&post=50192"}],"version-history":[{"count":1,"href":"https:\/\/labestiapolitica.com.mx\/index.php?rest_route=\/wp\/v2\/posts\/50192\/revisions"}],"predecessor-version":[{"id":50194,"href":"https:\/\/labestiapolitica.com.mx\/index.php?rest_route=\/wp\/v2\/posts\/50192\/revisions\/50194"}],"wp:featuredmedia":[{"embeddable":true,"href":"https:\/\/labestiapolitica.com.mx\/index.php?rest_route=\/wp\/v2\/media\/50193"}],"wp:attachment":[{"href":"https:\/\/labestiapolitica.com.mx\/index.php?rest_route=%2Fwp%2Fv2%2Fmedia&parent=50192"}],"wp:term":[{"taxonomy":"category","embeddable":true,"href":"https:\/\/labestiapolitica.com.mx\/index.php?rest_route=%2Fwp%2Fv2%2Fcategories&post=50192"},{"taxonomy":"post_tag","embeddable":true,"href":"https:\/\/labestiapolitica.com.mx\/index.php?rest_route=%2Fwp%2Fv2%2Ftags&post=50192"}],"curies":[{"name":"wp","href":"https:\/\/api.w.org\/{rel}","templated":true}]}}