{"id":50205,"date":"2025-09-24T23:55:26","date_gmt":"2025-09-25T05:55:26","guid":{"rendered":"https:\/\/labestiapolitica.com.mx\/?p=50205"},"modified":"2025-09-24T23:55:26","modified_gmt":"2025-09-25T05:55:26","slug":"gobierno-municipal-de-tlaxcala-estado-y-conagua-suman-esfuerzos-para-cuidar-el-agua-a-traves-del-arte","status":"publish","type":"post","link":"https:\/\/labestiapolitica.com.mx\/?p=50205","title":{"rendered":"Gobierno Municipal de Tlaxcala, Estado y Conagua suman esfuerzos para cuidar el agua a trav\u00e9s del arte."},"content":{"rendered":"<p style=\"text-align: justify;\">El presidente municipal de Tlaxcala, Alfonso S\u00e1nchez Garc\u00eda, puso en marcha el taller \u201cMurales del Agua\u201d, un proyecto coordinado con el gobierno estatal y la Comisi\u00f3n Nacional del Agua (Conagua) que busca generar conciencia social sobre la importancia de cuidar este recurso natural y que involucra a artistas locales, quienes plasmar\u00e1n en ocho murales las ideas y sentimientos de la ciudadan\u00eda respecto al cuidado del l\u00edquido vital.<\/p>\n<p style=\"text-align: justify;\">Estas obras se ubicar\u00e1n en puntos estrat\u00e9gicos de la capital y ser\u00e1n un recordatorio permanente de la responsabilidad compartida con el medio ambiente entre ciudadanos y autoridades.<\/p>\n<p style=\"text-align: justify;\">Durante la inauguraci\u00f3n, realizada en la Casa de la Cultura de Tlaxcala \u201cMiguel Guridi y Alcocer\u201d, el alcalde estuvo acompa\u00f1ado por Pedro Misael Albornoz G\u00f3ngora, director local de la Conagua, y Giovanny Melgar Hern\u00e1ndez, coordinador de Seguimiento de la misma instituci\u00f3n, con quienes reiter\u00f3 el inter\u00e9s de su administraci\u00f3n por la recuperaci\u00f3n de la cuenca del Alto Atoyac.<\/p>\n<p style=\"text-align: justify;\">En este punto, destac\u00f3 las jornadas de limpieza en el r\u00edo Zahuapan, el mejoramiento de la laguna de Acuitlapilco y su reciente reforestaci\u00f3n realizada en colaboraci\u00f3n con organizaciones civiles y autoridades estatales y federales.<\/p>\n<p style=\"text-align: justify;\">Adem\u00e1s, refiri\u00f3 que recientemente se llev\u00f3 a cabo la firma de un convenio con la Comisi\u00f3n Estatal del Agua y Saneamiento y la Coordinaci\u00f3n General de Planeaci\u00f3n e Inversi\u00f3n, que permitir\u00e1 elaborar un mapa del sistema de agua potable y alcantarillado para identificar descargas irregulares y dise\u00f1ar estrategias de saneamiento m\u00e1s efectivas en beneficio de la capital.<\/p>\n<p style=\"text-align: justify;\">Por su parte, Pedro Misael Albornoz G\u00f3ngora, director local de la Conagua, subray\u00f3 que el plan integral de restauraci\u00f3n de la cuenca del Alto Atoyac, impulsada por Claudia Sheinbaum, no se limita a obras de drenaje o plantas de tratamiento, sino que busca generar conciencia social mediante la educaci\u00f3n y la<\/p>\n<p style=\"text-align: justify;\">cultura, en este caso con la participaci\u00f3n de la empresa Comex, que en esta ocasi\u00f3n estuvo representada por Fernanda Goldblatt.<\/p>\n<p style=\"text-align: justify;\">A su vez, Giovanny Melgar S\u00e1nchez, coordinador de seguimiento de la Conagua, enfatiz\u00f3 que los murales pueden convertirse en s\u00edmbolos vivos de compromiso social y tur\u00edstico, al tiempo que llam\u00f3 a redoblar esfuerzos comunitarios para mantener limpios los r\u00edos y afluentes, de modo que el arte y la participaci\u00f3n ciudadana caminen de la mano en favor del agua.<\/p>\n<p style=\"text-align: justify;\">Cabe destacar que en este proyecto participar\u00e1n los artistas Valeria \u00c1lvarez Espejel, H\u00e9ctor Andr\u00e9s Valencia Huesca, Jos\u00e9 Juan Sosa Vargas, Lizeth Garc\u00eda Islas y Carmen Margarita Alvarado Mu\u00f1oz, quienes recopilar\u00e1n el sentir de los participantes en dicho taller para luego proyectar su obra art\u00edstica en murales.<\/p>\n<p>&nbsp;<\/p>\n<p><img loading=\"lazy\" decoding=\"async\" class=\"alignnone wp-image-28405 size-full\" src=\"https:\/\/labestiapolitica.com.mx\/wp-content\/uploads\/2024\/06\/U-NOVA-y-se-diferente.png\" alt=\"\" width=\"1000\" height=\"600\" srcset=\"https:\/\/labestiapolitica.com.mx\/wp-content\/uploads\/2024\/06\/U-NOVA-y-se-diferente.png 1000w, https:\/\/labestiapolitica.com.mx\/wp-content\/uploads\/2024\/06\/U-NOVA-y-se-diferente-300x180.png 300w, https:\/\/labestiapolitica.com.mx\/wp-content\/uploads\/2024\/06\/U-NOVA-y-se-diferente-768x461.png 768w\" sizes=\"auto, (max-width: 1000px) 100vw, 1000px\" \/><\/p>\n","protected":false},"excerpt":{"rendered":"<p>El presidente municipal de Tlaxcala, Alfonso S\u00e1nchez Garc\u00eda, puso en marcha el taller \u201cMurales del Agua\u201d, un proyecto coordinado con el gobierno estatal y la Comisi\u00f3n Nacional del Agua (Conagua) que busca generar conciencia social sobre la importancia de cuidar este recurso natural y que involucra a artistas locales, quienes plasmar\u00e1n en ocho murales las [&hellip;]<\/p>\n","protected":false},"author":5,"featured_media":50206,"comment_status":"open","ping_status":"open","sticky":false,"template":"","format":"standard","meta":{"footnotes":""},"categories":[7,216,214],"tags":[],"class_list":["post-50205","post","type-post","status-publish","format-standard","has-post-thumbnail","hentry","category-ciudadanos","category-municipios","category-tlaxcala-capital"],"amp_enabled":true,"_links":{"self":[{"href":"https:\/\/labestiapolitica.com.mx\/index.php?rest_route=\/wp\/v2\/posts\/50205","targetHints":{"allow":["GET"]}}],"collection":[{"href":"https:\/\/labestiapolitica.com.mx\/index.php?rest_route=\/wp\/v2\/posts"}],"about":[{"href":"https:\/\/labestiapolitica.com.mx\/index.php?rest_route=\/wp\/v2\/types\/post"}],"author":[{"embeddable":true,"href":"https:\/\/labestiapolitica.com.mx\/index.php?rest_route=\/wp\/v2\/users\/5"}],"replies":[{"embeddable":true,"href":"https:\/\/labestiapolitica.com.mx\/index.php?rest_route=%2Fwp%2Fv2%2Fcomments&post=50205"}],"version-history":[{"count":1,"href":"https:\/\/labestiapolitica.com.mx\/index.php?rest_route=\/wp\/v2\/posts\/50205\/revisions"}],"predecessor-version":[{"id":50207,"href":"https:\/\/labestiapolitica.com.mx\/index.php?rest_route=\/wp\/v2\/posts\/50205\/revisions\/50207"}],"wp:featuredmedia":[{"embeddable":true,"href":"https:\/\/labestiapolitica.com.mx\/index.php?rest_route=\/wp\/v2\/media\/50206"}],"wp:attachment":[{"href":"https:\/\/labestiapolitica.com.mx\/index.php?rest_route=%2Fwp%2Fv2%2Fmedia&parent=50205"}],"wp:term":[{"taxonomy":"category","embeddable":true,"href":"https:\/\/labestiapolitica.com.mx\/index.php?rest_route=%2Fwp%2Fv2%2Fcategories&post=50205"},{"taxonomy":"post_tag","embeddable":true,"href":"https:\/\/labestiapolitica.com.mx\/index.php?rest_route=%2Fwp%2Fv2%2Ftags&post=50205"}],"curies":[{"name":"wp","href":"https:\/\/api.w.org\/{rel}","templated":true}]}}