{"id":50208,"date":"2025-09-24T23:58:14","date_gmt":"2025-09-25T05:58:14","guid":{"rendered":"https:\/\/labestiapolitica.com.mx\/?p=50208"},"modified":"2025-09-24T23:58:14","modified_gmt":"2025-09-25T05:58:14","slug":"huamantla-invita-a-la-jornada-de-adopcion-de-perros-y-gatos-en-el-parque-juarez","status":"publish","type":"post","link":"https:\/\/labestiapolitica.com.mx\/?p=50208","title":{"rendered":"Huamantla invita a la jornada de adopci\u00f3n de perros y gatos en el Parque Ju\u00e1rez."},"content":{"rendered":"<p style=\"text-align: justify;\">Con el prop\u00f3sito de brindar una segunda oportunidad a perros y gatos que buscan un hogar, este s\u00e1bado 27 de septiembre se llevar\u00e1 a cabo una jornada de adopci\u00f3n en el Parque Ju\u00e1rez de Huamantla, en un horario de 9:00 a 13:00 horas.<\/p>\n<p style=\"text-align: justify;\">En este espacio, las familias tendr\u00e1n la oportunidad de adoptar de manera responsable a un compa\u00f1ero de vida, fomentando la tenencia responsable de mascotas y el cuidado de los animales.<\/p>\n<p style=\"text-align: justify;\">Los requisitos para participar en la adopci\u00f3n son presentar copia de la credencial de elector (INE) y comprobante de domicilio.<\/p>\n<p style=\"text-align: justify;\">Con estas acciones, se busca no solo transformar la vida de cada peludito que encuentra un hogar, sino tambi\u00e9n la de las familias huamantlecas que deciden abrirles su coraz\u00f3n.<\/p>\n<p style=\"text-align: justify;\">Por amor a Huamantla, cambiamos su vida y la tuya con un nuevo hogar.<\/p>\n<p style=\"text-align: justify;\">#AdoptaUnAmigo \ud83d\udc9a<\/p>\n<p>&nbsp;<\/p>\n<p><img loading=\"lazy\" decoding=\"async\" class=\"alignnone wp-image-28405 size-full\" src=\"https:\/\/labestiapolitica.com.mx\/wp-content\/uploads\/2024\/06\/U-NOVA-y-se-diferente.png\" alt=\"\" width=\"1000\" height=\"600\" srcset=\"https:\/\/labestiapolitica.com.mx\/wp-content\/uploads\/2024\/06\/U-NOVA-y-se-diferente.png 1000w, https:\/\/labestiapolitica.com.mx\/wp-content\/uploads\/2024\/06\/U-NOVA-y-se-diferente-300x180.png 300w, https:\/\/labestiapolitica.com.mx\/wp-content\/uploads\/2024\/06\/U-NOVA-y-se-diferente-768x461.png 768w\" sizes=\"auto, (max-width: 1000px) 100vw, 1000px\" \/><\/p>\n","protected":false},"excerpt":{"rendered":"<p>Con el prop\u00f3sito de brindar una segunda oportunidad a perros y gatos que buscan un hogar, este s\u00e1bado 27 de septiembre se llevar\u00e1 a cabo una jornada de adopci\u00f3n en el Parque Ju\u00e1rez de Huamantla, en un horario de 9:00 a 13:00 horas. En este espacio, las familias tendr\u00e1n la oportunidad de adoptar de manera [&hellip;]<\/p>\n","protected":false},"author":5,"featured_media":50209,"comment_status":"open","ping_status":"open","sticky":false,"template":"","format":"standard","meta":{"footnotes":""},"categories":[7,220,216],"tags":[],"class_list":["post-50208","post","type-post","status-publish","format-standard","has-post-thumbnail","hentry","category-ciudadanos","category-huamantla","category-municipios"],"amp_enabled":true,"_links":{"self":[{"href":"https:\/\/labestiapolitica.com.mx\/index.php?rest_route=\/wp\/v2\/posts\/50208","targetHints":{"allow":["GET"]}}],"collection":[{"href":"https:\/\/labestiapolitica.com.mx\/index.php?rest_route=\/wp\/v2\/posts"}],"about":[{"href":"https:\/\/labestiapolitica.com.mx\/index.php?rest_route=\/wp\/v2\/types\/post"}],"author":[{"embeddable":true,"href":"https:\/\/labestiapolitica.com.mx\/index.php?rest_route=\/wp\/v2\/users\/5"}],"replies":[{"embeddable":true,"href":"https:\/\/labestiapolitica.com.mx\/index.php?rest_route=%2Fwp%2Fv2%2Fcomments&post=50208"}],"version-history":[{"count":1,"href":"https:\/\/labestiapolitica.com.mx\/index.php?rest_route=\/wp\/v2\/posts\/50208\/revisions"}],"predecessor-version":[{"id":50210,"href":"https:\/\/labestiapolitica.com.mx\/index.php?rest_route=\/wp\/v2\/posts\/50208\/revisions\/50210"}],"wp:featuredmedia":[{"embeddable":true,"href":"https:\/\/labestiapolitica.com.mx\/index.php?rest_route=\/wp\/v2\/media\/50209"}],"wp:attachment":[{"href":"https:\/\/labestiapolitica.com.mx\/index.php?rest_route=%2Fwp%2Fv2%2Fmedia&parent=50208"}],"wp:term":[{"taxonomy":"category","embeddable":true,"href":"https:\/\/labestiapolitica.com.mx\/index.php?rest_route=%2Fwp%2Fv2%2Fcategories&post=50208"},{"taxonomy":"post_tag","embeddable":true,"href":"https:\/\/labestiapolitica.com.mx\/index.php?rest_route=%2Fwp%2Fv2%2Ftags&post=50208"}],"curies":[{"name":"wp","href":"https:\/\/api.w.org\/{rel}","templated":true}]}}