{"id":50236,"date":"2025-09-25T16:32:50","date_gmt":"2025-09-25T22:32:50","guid":{"rendered":"https:\/\/labestiapolitica.com.mx\/?p=50236"},"modified":"2025-09-25T16:32:50","modified_gmt":"2025-09-25T22:32:50","slug":"organiza-la-uatx-el-xxxvii-congreso-nacional-de-quimica-analitica","status":"publish","type":"post","link":"https:\/\/labestiapolitica.com.mx\/?p=50236","title":{"rendered":"Organiza la UATx el XXXVII Congreso Nacional de Qu\u00edmica Anal\u00edtica."},"content":{"rendered":"<p style=\"font-weight: 400; text-align: justify;\">A fin de\u00a0consolidar un espacio e intercambio y colaboraci\u00f3n cient\u00edfica entorno a los desaf\u00edos contempor\u00e1neos que enfrenta la qu\u00edmica anal\u00edtica dio inicio el XXXVII Congreso Nacional y el XXVII Simposio Estudiantil bajo el lema \u201cQu\u00edmica anal\u00edtica: precisi\u00f3n y sostenibilidad en la ciencia del ma\u00f1ana\u201d, bajo la organizaci\u00f3n de la Facultad de Ciencias B\u00e1sicas, Ingenier\u00eda y Tecnolog\u00eda, de la Universidad Aut\u00f3noma de Tlaxcala (UATx), realizado en el Teatro Universitario.<\/p>\n<p style=\"font-weight: 400; text-align: justify;\">En representaci\u00f3n del Doctor Seraf\u00edn Ortiz Ortiz, Rector de la UATx, el Dr. Arturo El\u00edas Dom\u00ednguez, Coordinador de la Divisi\u00f3n de Ciencias B\u00e1sicas, Ingenier\u00eda y Tecnolog\u00eda, refiri\u00f3 que en el marco del Modelo Humanista Integrador basado en Capacidades (MHIC), la Aut\u00f3noma de Tlaxcala reafirma su compromiso con la formaci\u00f3n de profesionistas que, desde la qu\u00edmica anal\u00edtica, contribuyen al desarrollo cient\u00edfico y tecnol\u00f3gico de nuestra era.<\/p>\n<p style=\"font-weight: 400; text-align: justify;\">Se\u00f1al\u00f3 que la qu\u00edmica anal\u00edtica, con su rigurosidad y precisi\u00f3n, permite conocer la composici\u00f3n de materiales energ\u00e9ticos y ambientales con niveles de detalle sin precedentes, generando confianza en los datos que sustentan los avances industriales. Hoy, esta disciplina no solo busca exactitud, sino que se orienta hacia m\u00e9todos verdes y sostenibles, equilibrando precisi\u00f3n y responsabilidad ambiental para enfrentar los desaf\u00edos del ma\u00f1ana.<\/p>\n<p style=\"font-weight: 400; text-align: justify;\">Al dirigir un mensaje la Doctora Eugenia Gabriela Carrillo Cedillo, Presidenta del Comit\u00e9 Directivo de la Asociaci\u00f3n Mexicana de Qu\u00edmica, sostuvo que este Congreso re\u00fane a especialistas consolidados y j\u00f3venes investigadores en un di\u00e1logo que impulsa la innovaci\u00f3n; mientras que el Simposio Estudiantil se destaca como plataforma para que las nuevas generaciones compartan sus avances y se integren activamente a la comunidad cient\u00edfica.<\/p>\n<p style=\"font-weight: 400; text-align: justify;\">En su momento el Doctor Ever Ju\u00e1rez Guerra, Director de la FCBIyT-UATx, coment\u00f3 que este evento constituye un espacio privilegiado para el intercambio de conocimientos, experiencias y reflexiones en torno a una disciplina que, m\u00e1s all\u00e1 del laboratorio, impacta directamente en la calidad de vida, el medio ambiente, la salud p\u00fablica y el desarrollo tecnol\u00f3gico.<\/p>\n<p style=\"font-weight: 400; text-align: justify;\">Este importante encuentro re\u00fane a m\u00e1s de 200 participantes provenientes de 22 instituciones de educaci\u00f3n superior, centros de investigaci\u00f3n y organismos especializados de todo el pa\u00eds. Entre las que se encuentran: Universidad Nacional Aut\u00f3noma de M\u00e9xico, Instituto Polit\u00e9cnico Nacional, Universidad Aut\u00f3noma Metropolitana, Universidades Aut\u00f3nomas de Nuevo Le\u00f3n, Baja California, San Luis Potos\u00ed, Campeche, Hidalgo, Yucat\u00e1n, Guanajuato y Puebla.<\/p>\n<p>&nbsp;<\/p>\n<p><img loading=\"lazy\" decoding=\"async\" class=\"alignnone wp-image-28405 size-full\" src=\"https:\/\/labestiapolitica.com.mx\/wp-content\/uploads\/2024\/06\/U-NOVA-y-se-diferente.png\" alt=\"\" width=\"1000\" height=\"600\" srcset=\"https:\/\/labestiapolitica.com.mx\/wp-content\/uploads\/2024\/06\/U-NOVA-y-se-diferente.png 1000w, https:\/\/labestiapolitica.com.mx\/wp-content\/uploads\/2024\/06\/U-NOVA-y-se-diferente-300x180.png 300w, https:\/\/labestiapolitica.com.mx\/wp-content\/uploads\/2024\/06\/U-NOVA-y-se-diferente-768x461.png 768w\" sizes=\"auto, (max-width: 1000px) 100vw, 1000px\" \/><\/p>\n","protected":false},"excerpt":{"rendered":"<p>A fin de\u00a0consolidar un espacio e intercambio y colaboraci\u00f3n cient\u00edfica entorno a los desaf\u00edos contempor\u00e1neos que enfrenta la qu\u00edmica anal\u00edtica dio inicio el XXXVII Congreso Nacional y el XXVII Simposio Estudiantil bajo el lema \u201cQu\u00edmica anal\u00edtica: precisi\u00f3n y sostenibilidad en la ciencia del ma\u00f1ana\u201d, bajo la organizaci\u00f3n de la Facultad de Ciencias B\u00e1sicas, Ingenier\u00eda y [&hellip;]<\/p>\n","protected":false},"author":5,"featured_media":50237,"comment_status":"open","ping_status":"open","sticky":false,"template":"","format":"standard","meta":{"footnotes":""},"categories":[7,213,241],"tags":[],"class_list":["post-50236","post","type-post","status-publish","format-standard","has-post-thumbnail","hentry","category-ciudadanos","category-educacion","category-uatx"],"amp_enabled":true,"_links":{"self":[{"href":"https:\/\/labestiapolitica.com.mx\/index.php?rest_route=\/wp\/v2\/posts\/50236","targetHints":{"allow":["GET"]}}],"collection":[{"href":"https:\/\/labestiapolitica.com.mx\/index.php?rest_route=\/wp\/v2\/posts"}],"about":[{"href":"https:\/\/labestiapolitica.com.mx\/index.php?rest_route=\/wp\/v2\/types\/post"}],"author":[{"embeddable":true,"href":"https:\/\/labestiapolitica.com.mx\/index.php?rest_route=\/wp\/v2\/users\/5"}],"replies":[{"embeddable":true,"href":"https:\/\/labestiapolitica.com.mx\/index.php?rest_route=%2Fwp%2Fv2%2Fcomments&post=50236"}],"version-history":[{"count":1,"href":"https:\/\/labestiapolitica.com.mx\/index.php?rest_route=\/wp\/v2\/posts\/50236\/revisions"}],"predecessor-version":[{"id":50238,"href":"https:\/\/labestiapolitica.com.mx\/index.php?rest_route=\/wp\/v2\/posts\/50236\/revisions\/50238"}],"wp:featuredmedia":[{"embeddable":true,"href":"https:\/\/labestiapolitica.com.mx\/index.php?rest_route=\/wp\/v2\/media\/50237"}],"wp:attachment":[{"href":"https:\/\/labestiapolitica.com.mx\/index.php?rest_route=%2Fwp%2Fv2%2Fmedia&parent=50236"}],"wp:term":[{"taxonomy":"category","embeddable":true,"href":"https:\/\/labestiapolitica.com.mx\/index.php?rest_route=%2Fwp%2Fv2%2Fcategories&post=50236"},{"taxonomy":"post_tag","embeddable":true,"href":"https:\/\/labestiapolitica.com.mx\/index.php?rest_route=%2Fwp%2Fv2%2Ftags&post=50236"}],"curies":[{"name":"wp","href":"https:\/\/api.w.org\/{rel}","templated":true}]}}