{"id":50242,"date":"2025-09-25T16:46:20","date_gmt":"2025-09-25T22:46:20","guid":{"rendered":"https:\/\/labestiapolitica.com.mx\/?p=50242"},"modified":"2025-09-25T16:49:18","modified_gmt":"2025-09-25T22:49:18","slug":"jovenes-dialogan-en-la-uatx-sobre-problematicas-y-retos-que-marcan-su-presente-y-su-porvenir","status":"publish","type":"post","link":"https:\/\/labestiapolitica.com.mx\/?p=50242","title":{"rendered":"J\u00f3venes dialogan en la UATx sobre problem\u00e1ticas y retos que marcan su presente y su porvenir."},"content":{"rendered":"<ul>\n<li style=\"font-weight: 400; text-align: justify;\">Arranc\u00f3 el 9\u00ba Seminario Internacional sobre Estudios de Juventud en Am\u00e9rica Latina<\/li>\n<\/ul>\n<p style=\"font-weight: 400; text-align: justify;\">Hablar hoy de la juventud es hablar de la energ\u00eda que mueve el presente y la creatividad que definir\u00e1 el futuro, asever\u00f3 el Maestro\u00a0 Dante Morales Cruz, Director de la Facultad de Derecho, Ciencias Pol\u00edticas y Criminolog\u00eda de la Universidad Aut\u00f3noma de Tlaxcala (UATx),\u00a0 al inaugurar el\u00a0\ud835\udfd7\u00b0\u00a0\ud835\udc12\ud835\udc1e\ud835\udc26\ud835\udc22\ud835\udc27\ud835\udc1a\ud835\udc2b\ud835\udc22\ud835\udc28\u00a0\ud835\udc08\ud835\udc27\ud835\udc2d\ud835\udc1e\ud835\udc2b\ud835\udc27\ud835\udc1a\ud835\udc1c\ud835\udc22\ud835\udc28\ud835\udc27\ud835\udc1a\ud835\udc25\u00a0\ud835\udc2c\ud835\udc28\ud835\udc1b\ud835\udc2b\ud835\udc1e\u00a0\ud835\udc04\ud835\udc2c\ud835\udc2d\ud835\udc2e\ud835\udc1d\ud835\udc22\ud835\udc28\ud835\udc2c\u00a0\ud835\udc1d\ud835\udc1e\u00a0\ud835\udc09\ud835\udc2e\ud835\udc2f\ud835\udc1e\ud835\udc27\ud835\udc2d\ud835\udc2e\ud835\udc1d\u00a0\ud835\udc1e\ud835\udc27\u00a0\ud835\udc00\ud835\udc26\ud835\udc1e\u0301\ud835\udc2b\ud835\udc22\ud835\udc1c\ud835\udc1a\u00a0\ud835\udc0b\ud835\udc1a\ud835\udc2d\ud835\udc22\ud835\udc27\ud835\udc1a, titulado\u00a0\ud835\udc08\ud835\udc27\ud835\udc2d\ud835\udc1e\ud835\udc2b\ud835\udc20\ud835\udc1e\ud835\udc27\ud835\udc1e\ud835\udc2b\ud835\udc1a\ud835\udc1c\ud835\udc22\ud835\udc28\ud835\udc27\ud835\udc1e\ud835\udc2c,\u00a0\ud835\udc22\ud835\udc27\ud835\udc1c\ud835\udc1e\ud835\udc2b\ud835\udc2d\ud835\udc22\ud835\udc1d\ud835\udc2e\ud835\udc26\ud835\udc1b\ud835\udc2b\ud835\udc1e\u00a0\ud835\udc32\u00a0\ud835\udc1d\ud835\udc22\ud835\udc2c\ud835\udc2b\ud835\udc2e\ud835\udc29\ud835\udc1c\ud835\udc22\ud835\udc28\u0301\ud835\udc27, en el Auditorio Interactivo \u201cManuel de Lardiz\u00e1bal y Uribe\u201d.<\/p>\n<p style=\"font-weight: 400; text-align: justify;\">Bajo la organizaci\u00f3n del Centro de Investigaciones Interdisciplinarias sobre Desarrollo Regional (CIISDER-UATx), este seminario es un colegiado que propicia la discusi\u00f3n y la generaci\u00f3n de conocimiento en los estudios de juventud, donde los acad\u00e9micos y acad\u00e9micas dialogan, intercambian opiniones y generan perspectivas que contribuyen a la comprensi\u00f3n de los diversos contextos donde convergen las juventudes como actores sociales, dando como resultado aportaciones al conocimiento desde la academia con respecto a las juventudes.<\/p>\n<p style=\"font-weight: 400; text-align: justify;\">Se cuenta con la participaci\u00f3n de especialistas de ocho instituciones educativas de Colombia, Espa\u00f1a y M\u00e9xico, el CIISDER-UATx, las facultades de Derecho, Ciencias Pol\u00edticas y Criminolog\u00eda, de Ciencias de la Educaci\u00f3n y de Trabajo Social, Sociolog\u00eda y Psicolog\u00eda; los centros de investigaci\u00f3n\u00a0 en Educaci\u00f3n y en Jur\u00eddico-Pol\u00edticas de la UATx, y la Universidad Polit\u00e9cnica de Tlaxcala.<\/p>\n<p style=\"font-weight: 400; text-align: justify;\">Entre los ponentes magistrales se encuentran Carles Feixa Pampols de la Universitat Pompeu Fabra de Espa\u00f1a, con\u00a0 conferencia \u201cEl juvenicidio letal al juvenicidio moral\u201d; Jos\u00e9 Manuel Valenzuela Arce de El Colegio de la Frontera Norte, con la ponencia \u201cLos nadies: Bionecropol\u00edtica y juvenicidio en Am\u00e9rica Latina;\u00a0 Ivonne Meza Huacuja del Instituto de Investigaciones \u201cDr. Jos\u00e9 Mar\u00eda Luis Mora\u201d, con la disertaci\u00f3n \u201cCivilizar los sentimientos: La adolescencia en la confecci\u00f3n de la ciudadan\u00eda moderna psrevolucionaria.<\/p>\n<p style=\"font-weight: 400; text-align: justify;\">Adem\u00e1s, tendr\u00e1 lugar el Panel de j\u00f3venes investigadoras e investigadores, la presentaci\u00f3n de cinco libros acad\u00e9micos, fortaleciendo el intercambio de experiencias y visiones en torno a las problem\u00e1ticas y perspectivas de las juventudes en Am\u00e9rica Latina. El foro se realizar\u00e1 del 24 al 26 de septiembre.<\/p>\n<p style=\"font-weight: 400; text-align: justify;\">Entre los grupos de trabajo se discutir\u00e1n tem\u00e1ticas como J\u00f3venes y tecnolog\u00edas digitales, J\u00f3venes, cultura f\u00edsica y deporte; J\u00f3venes y encuentros intergeneracionales, J\u00f3venes y educaci\u00f3n inclusiva; J\u00f3venes, significaciones y consumos culturales; y J\u00f3venes en escenarios de riesgo y vulnerabilidad, entre otras.<\/p>\n<p>&nbsp;<\/p>\n<p><img loading=\"lazy\" decoding=\"async\" class=\"alignnone wp-image-28405 size-full\" src=\"https:\/\/labestiapolitica.com.mx\/wp-content\/uploads\/2024\/06\/U-NOVA-y-se-diferente.png\" alt=\"\" width=\"1000\" height=\"600\" srcset=\"https:\/\/labestiapolitica.com.mx\/wp-content\/uploads\/2024\/06\/U-NOVA-y-se-diferente.png 1000w, https:\/\/labestiapolitica.com.mx\/wp-content\/uploads\/2024\/06\/U-NOVA-y-se-diferente-300x180.png 300w, https:\/\/labestiapolitica.com.mx\/wp-content\/uploads\/2024\/06\/U-NOVA-y-se-diferente-768x461.png 768w\" sizes=\"auto, (max-width: 1000px) 100vw, 1000px\" \/><\/p>\n","protected":false},"excerpt":{"rendered":"<p>Arranc\u00f3 el 9\u00ba Seminario Internacional sobre Estudios de Juventud en Am\u00e9rica Latina Hablar hoy de la juventud es hablar de la energ\u00eda que mueve el presente y la creatividad que definir\u00e1 el futuro, asever\u00f3 el Maestro\u00a0 Dante Morales Cruz, Director de la Facultad de Derecho, Ciencias Pol\u00edticas y Criminolog\u00eda de la Universidad Aut\u00f3noma de Tlaxcala [&hellip;]<\/p>\n","protected":false},"author":5,"featured_media":50247,"comment_status":"open","ping_status":"open","sticky":false,"template":"","format":"standard","meta":{"footnotes":""},"categories":[7,213,241],"tags":[],"class_list":["post-50242","post","type-post","status-publish","format-standard","has-post-thumbnail","hentry","category-ciudadanos","category-educacion","category-uatx"],"amp_enabled":true,"_links":{"self":[{"href":"https:\/\/labestiapolitica.com.mx\/index.php?rest_route=\/wp\/v2\/posts\/50242","targetHints":{"allow":["GET"]}}],"collection":[{"href":"https:\/\/labestiapolitica.com.mx\/index.php?rest_route=\/wp\/v2\/posts"}],"about":[{"href":"https:\/\/labestiapolitica.com.mx\/index.php?rest_route=\/wp\/v2\/types\/post"}],"author":[{"embeddable":true,"href":"https:\/\/labestiapolitica.com.mx\/index.php?rest_route=\/wp\/v2\/users\/5"}],"replies":[{"embeddable":true,"href":"https:\/\/labestiapolitica.com.mx\/index.php?rest_route=%2Fwp%2Fv2%2Fcomments&post=50242"}],"version-history":[{"count":1,"href":"https:\/\/labestiapolitica.com.mx\/index.php?rest_route=\/wp\/v2\/posts\/50242\/revisions"}],"predecessor-version":[{"id":50244,"href":"https:\/\/labestiapolitica.com.mx\/index.php?rest_route=\/wp\/v2\/posts\/50242\/revisions\/50244"}],"wp:featuredmedia":[{"embeddable":true,"href":"https:\/\/labestiapolitica.com.mx\/index.php?rest_route=\/wp\/v2\/media\/50247"}],"wp:attachment":[{"href":"https:\/\/labestiapolitica.com.mx\/index.php?rest_route=%2Fwp%2Fv2%2Fmedia&parent=50242"}],"wp:term":[{"taxonomy":"category","embeddable":true,"href":"https:\/\/labestiapolitica.com.mx\/index.php?rest_route=%2Fwp%2Fv2%2Fcategories&post=50242"},{"taxonomy":"post_tag","embeddable":true,"href":"https:\/\/labestiapolitica.com.mx\/index.php?rest_route=%2Fwp%2Fv2%2Ftags&post=50242"}],"curies":[{"name":"wp","href":"https:\/\/api.w.org\/{rel}","templated":true}]}}