{"id":50245,"date":"2025-09-25T17:01:03","date_gmt":"2025-09-25T23:01:03","guid":{"rendered":"https:\/\/labestiapolitica.com.mx\/?p=50245"},"modified":"2025-09-25T17:01:03","modified_gmt":"2025-09-25T23:01:03","slug":"aprueba-lxv-legislatura-solicitudes-de-enajenacion-vehicular-de-los-ayuntamientos-de-tlaxcala-y-san-jeronimo-zacualpan","status":"publish","type":"post","link":"https:\/\/labestiapolitica.com.mx\/?p=50245","title":{"rendered":"Aprueba LXV Legislatura solicitudes de enajenaci\u00f3n vehicular de los Ayuntamientos de Tlaxcala y San Jer\u00f3nimo Zacualpan."},"content":{"rendered":"<p style=\"font-weight: 400; text-align: justify;\">El Pleno del Congreso del Estado aprob\u00f3 la autorizaci\u00f3n para la desincorporaci\u00f3n y el ejercicio de actos de dominio respecto de diversas unidades vehiculares que integran el patrimonio de los municipios de Tlaxcala y San Jer\u00f3nimo Zacualpan, mediante los Dict\u00e1menes con Proyecto de Acuerdo correspondientes, presentados por la Comisi\u00f3n de Puntos Constitucionales, Gobernaci\u00f3n y Justicia y Asuntos Pol\u00edticos que preside el diputado Jaciel Gonz\u00e1lez Herrera; en los mismos se describen la respectiva autorizaci\u00f3n de cincuenta y un unidades al Ayuntamiento de Tlaxcala y de nueve unidades al Ayuntamiento de San Jer\u00f3nimo Zacualpan, resultado de acreditar diversos elementos exigidos por la Ley.<\/p>\n<p style=\"font-weight: 400; text-align: justify;\">Para el caso del Ayuntamiento de Tlaxcala, la solicitud fue presentada por el Presidente y la S\u00edndico municipal, manifestaron que las cincuenta y un unidades ya no resultan funcionales para la administraci\u00f3n, de esta forma, en cumplimiento a la Ley Municipal del Estado, el Cabildo aval\u00f3 la desincorporaci\u00f3n de estas unidades con el prop\u00f3sito de destinar los recursos obtenidos a la adquisici\u00f3n de veh\u00edculos que fortalezcan los servicios municipales.<\/p>\n<p style=\"font-weight: 400; text-align: justify;\">Respecto al Ayuntamiento de San Jer\u00f3nimo Zacualpan, la petici\u00f3n fue firmada por la presidenta municipal y el s\u00edndico, quienes solicitaron la autorizaci\u00f3n para desincorporar y enajenar nueve veh\u00edculos oficiales. En respaldo a su planteamiento, acreditando que las unidades ya no resultan \u00fatiles para las tareas municipales.<\/p>\n<p style=\"font-weight: 400; text-align: justify;\">La Comisi\u00f3n de Puntos Constitucionales, Gobernaci\u00f3n y Justicia y Asuntos Pol\u00edticos, previo an\u00e1lisis y valoraci\u00f3n de las documentales presentadas, as\u00ed como de la inspecci\u00f3n de cada unidad, dando cumplimiento a lo establecido en la Ley del Patrimonio P\u00fablico del Estado de Tlaxcala, consider\u00f3 procedentes ambas solicitudes al tratarse de bienes que presentan avanzado deterioro y que han<br \/>\ncumplido su vida \u00fatil implicando altos costos de reparaci\u00f3n, \u00a0por lo que han dejado de ser \u00fatiles para la prestaci\u00f3n de servicios p\u00fablicos.<\/p>\n<p style=\"font-weight: 400; text-align: justify;\">Finalmente, los Proyectos de Acuerdo fueron aprobados por unanimidad, por lo que se instruy\u00f3 notificar a las autoridades solicitantes y a la persona titular del \u00d3rgano de Fiscalizaci\u00f3n Superior del Estado, a efecto de que se d\u00e9 cumplimiento a lo mandatado por el Congreso del Estado.<\/p>\n<p>&nbsp;<\/p>\n<p><img loading=\"lazy\" decoding=\"async\" class=\"alignnone wp-image-28405 size-full\" src=\"https:\/\/labestiapolitica.com.mx\/wp-content\/uploads\/2024\/06\/U-NOVA-y-se-diferente.png\" alt=\"\" width=\"1000\" height=\"600\" srcset=\"https:\/\/labestiapolitica.com.mx\/wp-content\/uploads\/2024\/06\/U-NOVA-y-se-diferente.png 1000w, https:\/\/labestiapolitica.com.mx\/wp-content\/uploads\/2024\/06\/U-NOVA-y-se-diferente-300x180.png 300w, https:\/\/labestiapolitica.com.mx\/wp-content\/uploads\/2024\/06\/U-NOVA-y-se-diferente-768x461.png 768w\" sizes=\"auto, (max-width: 1000px) 100vw, 1000px\" \/><\/p>\n","protected":false},"excerpt":{"rendered":"<p>El Pleno del Congreso del Estado aprob\u00f3 la autorizaci\u00f3n para la desincorporaci\u00f3n y el ejercicio de actos de dominio respecto de diversas unidades vehiculares que integran el patrimonio de los municipios de Tlaxcala y San Jer\u00f3nimo Zacualpan, mediante los Dict\u00e1menes con Proyecto de Acuerdo correspondientes, presentados por la Comisi\u00f3n de Puntos Constitucionales, Gobernaci\u00f3n y Justicia [&hellip;]<\/p>\n","protected":false},"author":5,"featured_media":50249,"comment_status":"open","ping_status":"open","sticky":false,"template":"","format":"standard","meta":{"footnotes":""},"categories":[7,224],"tags":[],"class_list":["post-50245","post","type-post","status-publish","format-standard","has-post-thumbnail","hentry","category-ciudadanos","category-congreso-del-estado-de-tlaxcala"],"amp_enabled":true,"_links":{"self":[{"href":"https:\/\/labestiapolitica.com.mx\/index.php?rest_route=\/wp\/v2\/posts\/50245","targetHints":{"allow":["GET"]}}],"collection":[{"href":"https:\/\/labestiapolitica.com.mx\/index.php?rest_route=\/wp\/v2\/posts"}],"about":[{"href":"https:\/\/labestiapolitica.com.mx\/index.php?rest_route=\/wp\/v2\/types\/post"}],"author":[{"embeddable":true,"href":"https:\/\/labestiapolitica.com.mx\/index.php?rest_route=\/wp\/v2\/users\/5"}],"replies":[{"embeddable":true,"href":"https:\/\/labestiapolitica.com.mx\/index.php?rest_route=%2Fwp%2Fv2%2Fcomments&post=50245"}],"version-history":[{"count":1,"href":"https:\/\/labestiapolitica.com.mx\/index.php?rest_route=\/wp\/v2\/posts\/50245\/revisions"}],"predecessor-version":[{"id":50250,"href":"https:\/\/labestiapolitica.com.mx\/index.php?rest_route=\/wp\/v2\/posts\/50245\/revisions\/50250"}],"wp:featuredmedia":[{"embeddable":true,"href":"https:\/\/labestiapolitica.com.mx\/index.php?rest_route=\/wp\/v2\/media\/50249"}],"wp:attachment":[{"href":"https:\/\/labestiapolitica.com.mx\/index.php?rest_route=%2Fwp%2Fv2%2Fmedia&parent=50245"}],"wp:term":[{"taxonomy":"category","embeddable":true,"href":"https:\/\/labestiapolitica.com.mx\/index.php?rest_route=%2Fwp%2Fv2%2Fcategories&post=50245"},{"taxonomy":"post_tag","embeddable":true,"href":"https:\/\/labestiapolitica.com.mx\/index.php?rest_route=%2Fwp%2Fv2%2Ftags&post=50245"}],"curies":[{"name":"wp","href":"https:\/\/api.w.org\/{rel}","templated":true}]}}