{"id":50251,"date":"2025-09-25T17:04:57","date_gmt":"2025-09-25T23:04:57","guid":{"rendered":"https:\/\/labestiapolitica.com.mx\/?p=50251"},"modified":"2025-09-25T17:04:57","modified_gmt":"2025-09-25T23:04:57","slug":"abona-la-uatx-a-la-transformacion-curricular-con-su-congreso-internacional-de-educacion","status":"publish","type":"post","link":"https:\/\/labestiapolitica.com.mx\/?p=50251","title":{"rendered":"Abona la UATx a la transformaci\u00f3n curricular con su Congreso Internacional de Educaci\u00f3n."},"content":{"rendered":"<ul>\n<li style=\"font-weight: 400; text-align: justify;\">Ofrece 360 ponencias en 33 mesas de trabajo y cinco conferencias magistrales<\/li>\n<\/ul>\n<p style=\"font-weight: 400; text-align: justify;\">El Centro de Investigaci\u00f3n Educativa de la Universidad Aut\u00f3noma de Tlaxcala (CIE-UATx), comprometido con el fortalecimiento del pensamiento pedag\u00f3gico y la transformaci\u00f3n curricular, inaugur\u00f3 el\u00a0\ud835\udc02\ud835\udc28\ud835\udc27\ud835\udc20\ud835\udc2b\ud835\udc1e\ud835\udc2c\ud835\udc28\u00a0\ud835\udc08\ud835\udc27\ud835\udc2d\ud835\udc1e\ud835\udc2b\ud835\udc27\ud835\udc1a\ud835\udc1c\ud835\udc22\ud835\udc28\ud835\udc27\ud835\udc1a\ud835\udc25\u00a0\ud835\udc1d\ud835\udc1e\u00a0\ud835\udc04\ud835\udc1d\ud835\udc2e\ud835\udc1c\ud835\udc1a\ud835\udc1c\ud835\udc22\ud835\udc28\u0301\ud835\udc27\u00a0\ud835\udc02\ud835\udc2e\ud835\udc2b\ud835\udc2b\u00ed\ud835\udc1c\ud835\udc2e\ud835\udc25\ud835\udc2e\ud835\udc26\u00a0\ud835\udfd0\ud835\udfce\ud835\udfd0\ud835\udfd3, uno de los espacios acad\u00e9micos de mayor tradici\u00f3n y prestigio de la Instituci\u00f3n, que impulsa el an\u00e1lisis cr\u00edtico y colaborativo dirigido a docentes, investigadores y profesionales de la educaci\u00f3n, con la participaci\u00f3n de ponentes de Colombia, Espa\u00f1a, Chile y M\u00e9xico.<\/p>\n<p style=\"font-weight: 400; text-align: justify;\">Durante la apertura en el Centro Cultural Universitario (CCU), el Maestro Alejandro Palma Su\u00e1rez, Secretario Acad\u00e9mico de la UATx, destac\u00f3 que esta edici\u00f3n abordar\u00e1 temas de gran relevancia, como la reforma curricular en el marco de las pol\u00edticas globales, lo que invita a repensar el papel de la educaci\u00f3n en la construcci\u00f3n de sociedades m\u00e1s justas, equitativas y sostenibles.<\/p>\n<p style=\"font-weight: 400; text-align: justify;\">Agreg\u00f3 que en Tlaxcala se concibe el curr\u00edculo como una herramienta viva y din\u00e1mica, en di\u00e1logo constante con nuestras ra\u00edces y aspiraciones, las innovaciones presentadas en este espacio reflejan el dinamismo pedag\u00f3gico que impulsa nuevas formas de ense\u00f1ar y aprender, integrando tecnolog\u00edas y metodolog\u00edas activas, que evidencian que la educaci\u00f3n est\u00e1 en permanente transformaci\u00f3n.<\/p>\n<p style=\"font-weight: 400; text-align: justify;\">En representaci\u00f3n del Doctor Homero Meneses Hern\u00e1ndez, Secretario de Educaci\u00f3n P\u00fablica en Tlaxcala, el Doctor Raciel S\u00e1nchez Rinc\u00f3n subray\u00f3 que el curr\u00edculo constituye un eje fundamental para garantizar el acceso al conocimiento, fomentar el pensamiento cr\u00edtico, y promover la participaci\u00f3n activa de la sociedad en su transformaci\u00f3n.<\/p>\n<p style=\"font-weight: 400; text-align: justify;\">El Doctor S\u00e1nchez Rinc\u00f3n hizo un llamado a la colaboraci\u00f3n institucional, convocando a naciones, instituciones y especialistas a compartir experiencias, investigaciones y propuestas, promoviendo un di\u00e1logo interdisciplinario y multicultural orientado a fortalecer identidades locales y afrontar los desaf\u00edos globales de la educaci\u00f3n.<\/p>\n<p style=\"font-weight: 400; text-align: justify;\">Por su parte, el Doctor \u00c1ngel D\u00edaz-Barriga Casales, Coordinador del CIE-UATx e Investigador em\u00e9rito, inform\u00f3 que esta convocatoria reuni\u00f3 a un importante n\u00famero de acad\u00e9micos con la presentaci\u00f3n de 360 ponencias en 33 mesas de trabajo y cinco conferencias magistrales, consolidando as\u00ed un espacio plural de reflexi\u00f3n y generaci\u00f3n de propuestas educativas.<\/p>\n<p style=\"font-weight: 400; text-align: justify;\">El Congreso, en el que tambi\u00e9n participa de forma activa la Facultad de Ciencias de la Educaci\u00f3n, inici\u00f3 con la conferencia \u201cHistoria del curr\u00edculum: origen, desarrollo y principales perspectivas actuales\u201d, a cargo del Doctor Mariano Gonz\u00e1lez Delgado, proveniente de la Universidad de la Laguna, Espa\u00f1a.<\/p>\n<p style=\"font-weight: 400; text-align: justify;\">Para mayores informes compartimos el programa completo de actividades del Congreso Internacional de Educaci\u00f3n Curr\u00edculum 2025, a celebrarse del 25 al 27 de septiembre en el\u00a0<em>campus<\/em>\u00a0Rector\u00eda de la UATx\u00a0<\/p>\n<p>&nbsp;<\/p>\n<p><img loading=\"lazy\" decoding=\"async\" class=\"alignnone wp-image-28405 size-full\" src=\"https:\/\/labestiapolitica.com.mx\/wp-content\/uploads\/2024\/06\/U-NOVA-y-se-diferente.png\" alt=\"\" width=\"1000\" height=\"600\" srcset=\"https:\/\/labestiapolitica.com.mx\/wp-content\/uploads\/2024\/06\/U-NOVA-y-se-diferente.png 1000w, https:\/\/labestiapolitica.com.mx\/wp-content\/uploads\/2024\/06\/U-NOVA-y-se-diferente-300x180.png 300w, https:\/\/labestiapolitica.com.mx\/wp-content\/uploads\/2024\/06\/U-NOVA-y-se-diferente-768x461.png 768w\" sizes=\"auto, (max-width: 1000px) 100vw, 1000px\" \/><\/p>\n","protected":false},"excerpt":{"rendered":"<p>Ofrece 360 ponencias en 33 mesas de trabajo y cinco conferencias magistrales El Centro de Investigaci\u00f3n Educativa de la Universidad Aut\u00f3noma de Tlaxcala (CIE-UATx), comprometido con el fortalecimiento del pensamiento pedag\u00f3gico y la transformaci\u00f3n curricular, inaugur\u00f3 el\u00a0\ud835\udc02\ud835\udc28\ud835\udc27\ud835\udc20\ud835\udc2b\ud835\udc1e\ud835\udc2c\ud835\udc28\u00a0\ud835\udc08\ud835\udc27\ud835\udc2d\ud835\udc1e\ud835\udc2b\ud835\udc27\ud835\udc1a\ud835\udc1c\ud835\udc22\ud835\udc28\ud835\udc27\ud835\udc1a\ud835\udc25\u00a0\ud835\udc1d\ud835\udc1e\u00a0\ud835\udc04\ud835\udc1d\ud835\udc2e\ud835\udc1c\ud835\udc1a\ud835\udc1c\ud835\udc22\ud835\udc28\u0301\ud835\udc27\u00a0\ud835\udc02\ud835\udc2e\ud835\udc2b\ud835\udc2b\u00ed\ud835\udc1c\ud835\udc2e\ud835\udc25\ud835\udc2e\ud835\udc26\u00a0\ud835\udfd0\ud835\udfce\ud835\udfd0\ud835\udfd3, uno de los espacios acad\u00e9micos de mayor tradici\u00f3n y prestigio de la Instituci\u00f3n, que impulsa el an\u00e1lisis cr\u00edtico [&hellip;]<\/p>\n","protected":false},"author":5,"featured_media":50252,"comment_status":"open","ping_status":"open","sticky":false,"template":"","format":"standard","meta":{"footnotes":""},"categories":[7,213,241],"tags":[],"class_list":["post-50251","post","type-post","status-publish","format-standard","has-post-thumbnail","hentry","category-ciudadanos","category-educacion","category-uatx"],"amp_enabled":true,"_links":{"self":[{"href":"https:\/\/labestiapolitica.com.mx\/index.php?rest_route=\/wp\/v2\/posts\/50251","targetHints":{"allow":["GET"]}}],"collection":[{"href":"https:\/\/labestiapolitica.com.mx\/index.php?rest_route=\/wp\/v2\/posts"}],"about":[{"href":"https:\/\/labestiapolitica.com.mx\/index.php?rest_route=\/wp\/v2\/types\/post"}],"author":[{"embeddable":true,"href":"https:\/\/labestiapolitica.com.mx\/index.php?rest_route=\/wp\/v2\/users\/5"}],"replies":[{"embeddable":true,"href":"https:\/\/labestiapolitica.com.mx\/index.php?rest_route=%2Fwp%2Fv2%2Fcomments&post=50251"}],"version-history":[{"count":1,"href":"https:\/\/labestiapolitica.com.mx\/index.php?rest_route=\/wp\/v2\/posts\/50251\/revisions"}],"predecessor-version":[{"id":50253,"href":"https:\/\/labestiapolitica.com.mx\/index.php?rest_route=\/wp\/v2\/posts\/50251\/revisions\/50253"}],"wp:featuredmedia":[{"embeddable":true,"href":"https:\/\/labestiapolitica.com.mx\/index.php?rest_route=\/wp\/v2\/media\/50252"}],"wp:attachment":[{"href":"https:\/\/labestiapolitica.com.mx\/index.php?rest_route=%2Fwp%2Fv2%2Fmedia&parent=50251"}],"wp:term":[{"taxonomy":"category","embeddable":true,"href":"https:\/\/labestiapolitica.com.mx\/index.php?rest_route=%2Fwp%2Fv2%2Fcategories&post=50251"},{"taxonomy":"post_tag","embeddable":true,"href":"https:\/\/labestiapolitica.com.mx\/index.php?rest_route=%2Fwp%2Fv2%2Ftags&post=50251"}],"curies":[{"name":"wp","href":"https:\/\/api.w.org\/{rel}","templated":true}]}}