{"id":50256,"date":"2025-09-25T17:56:25","date_gmt":"2025-09-25T23:56:25","guid":{"rendered":"https:\/\/labestiapolitica.com.mx\/?p=50256"},"modified":"2025-09-25T17:56:25","modified_gmt":"2025-09-25T23:56:25","slug":"llega-jornada-de-reforestacion-al-cecyte","status":"publish","type":"post","link":"https:\/\/labestiapolitica.com.mx\/?p=50256","title":{"rendered":"Llega jornada de reforestaci\u00f3n al Cecyte.."},"content":{"rendered":"<div class=\"xdj266r x14z9mp xat24cr x1lziwak x1vvkbs x126k92a\"><\/div>\n<div class=\"x14z9mp xat24cr x1lziwak x1vvkbs xtlvy1s x126k92a\">\n<div dir=\"auto\">La Directora de la Unidad de Protecci\u00f3n al Medio Ambiente: Q.F.B.: \ud835\uddd4\ud835\uddf9\ud835\uddf2\ud835\uddf7\ud835\uddee\ud835\uddfb\ud835\uddf1\ud835\uddff\ud835\uddee \ud835\udde5\ud835\uddfc\ud835\uddf1\ud835\uddff\u00ed\ud835\uddf4\ud835\ude02\ud835\uddf2\ud835\ude07 \ud835\udde6\ud835\uddee\ud835\uddfb\ud835\ude01\ud835\uddee\ud835\uddf0\ud835\uddff\ud835\ude02\ud835\ude07, contin\u00faa impulsando acciones en favor del medio ambiente.<\/div>\n<\/div>\n<div class=\"x14z9mp xat24cr x1lziwak x1vvkbs xtlvy1s x126k92a\">\n<div dir=\"auto\">Est\u00e1 vez, junto a la brigada de su \u00e1rea y en coordinaci\u00f3n con directivos, docentes y alumnos del CECyTE, \ud835\ude00\ud835\uddf2 \ud835\uddfd\ud835\uddf9\ud835\uddee\ud835\uddfb\ud835\ude01\ud835\uddee\ud835\uddff\ud835\uddfc\ud835\uddfb \ud835\uddf0\ud835\uddf2\ud835\uddff\ud835\uddf0\ud835\uddee \ud835\uddf1\ud835\uddf2 \ud835\udff1\ud835\udfec \ud835\uddf0\ud835\uddf2\ud835\uddf1\ud835\uddff\ud835\uddfc\ud835\ude00 \ud835\uddef\ud835\uddf9\ud835\uddee\ud835\uddfb\ud835\uddf0\ud835\uddfc\ud835\ude00, en diversos puntos de la instituci\u00f3n educativa; nuestro objetivo es involucrar a la comunidad educativa en la recuperaci\u00f3n de entornos, crear un sentido de responsabilidad hacia el medio ambiente, mejorar la calidad del aire y contribuir a mitigar el cambio clim\u00e1tico en nuestro entorno.<\/div>\n<\/div>\n<div dir=\"auto\"><\/div>\n<div dir=\"auto\"><img loading=\"lazy\" decoding=\"async\" class=\"alignnone size-full wp-image-28405\" src=\"https:\/\/labestiapolitica.com.mx\/wp-content\/uploads\/2024\/06\/U-NOVA-y-se-diferente.png\" alt=\"\" width=\"1000\" height=\"600\" srcset=\"https:\/\/labestiapolitica.com.mx\/wp-content\/uploads\/2024\/06\/U-NOVA-y-se-diferente.png 1000w, https:\/\/labestiapolitica.com.mx\/wp-content\/uploads\/2024\/06\/U-NOVA-y-se-diferente-300x180.png 300w, https:\/\/labestiapolitica.com.mx\/wp-content\/uploads\/2024\/06\/U-NOVA-y-se-diferente-768x461.png 768w\" sizes=\"auto, (max-width: 1000px) 100vw, 1000px\" \/><\/div>\n","protected":false},"excerpt":{"rendered":"<p>La Directora de la Unidad de Protecci\u00f3n al Medio Ambiente: Q.F.B.: \ud835\uddd4\ud835\uddf9\ud835\uddf2\ud835\uddf7\ud835\uddee\ud835\uddfb\ud835\uddf1\ud835\uddff\ud835\uddee \ud835\udde5\ud835\uddfc\ud835\uddf1\ud835\uddff\u00ed\ud835\uddf4\ud835\ude02\ud835\uddf2\ud835\ude07 \ud835\udde6\ud835\uddee\ud835\uddfb\ud835\ude01\ud835\uddee\ud835\uddf0\ud835\uddff\ud835\ude02\ud835\ude07, contin\u00faa impulsando acciones en favor del medio ambiente. Est\u00e1 vez, junto a la brigada de su \u00e1rea y en coordinaci\u00f3n con directivos, docentes y alumnos del CECyTE, \ud835\ude00\ud835\uddf2 \ud835\uddfd\ud835\uddf9\ud835\uddee\ud835\uddfb\ud835\ude01\ud835\uddee\ud835\uddff\ud835\uddfc\ud835\uddfb \ud835\uddf0\ud835\uddf2\ud835\uddff\ud835\uddf0\ud835\uddee \ud835\uddf1\ud835\uddf2 \ud835\udff1\ud835\udfec \ud835\uddf0\ud835\uddf2\ud835\uddf1\ud835\uddff\ud835\uddfc\ud835\ude00 \ud835\uddef\ud835\uddf9\ud835\uddee\ud835\uddfb\ud835\uddf0\ud835\uddfc\ud835\ude00, en diversos puntos de la instituci\u00f3n educativa; [&hellip;]<\/p>\n","protected":false},"author":3,"featured_media":50263,"comment_status":"open","ping_status":"open","sticky":false,"template":"","format":"standard","meta":{"footnotes":""},"categories":[7,216,225],"tags":[],"class_list":["post-50256","post","type-post","status-publish","format-standard","has-post-thumbnail","hentry","category-ciudadanos","category-municipios","category-totolac"],"amp_enabled":true,"_links":{"self":[{"href":"https:\/\/labestiapolitica.com.mx\/index.php?rest_route=\/wp\/v2\/posts\/50256","targetHints":{"allow":["GET"]}}],"collection":[{"href":"https:\/\/labestiapolitica.com.mx\/index.php?rest_route=\/wp\/v2\/posts"}],"about":[{"href":"https:\/\/labestiapolitica.com.mx\/index.php?rest_route=\/wp\/v2\/types\/post"}],"author":[{"embeddable":true,"href":"https:\/\/labestiapolitica.com.mx\/index.php?rest_route=\/wp\/v2\/users\/3"}],"replies":[{"embeddable":true,"href":"https:\/\/labestiapolitica.com.mx\/index.php?rest_route=%2Fwp%2Fv2%2Fcomments&post=50256"}],"version-history":[{"count":1,"href":"https:\/\/labestiapolitica.com.mx\/index.php?rest_route=\/wp\/v2\/posts\/50256\/revisions"}],"predecessor-version":[{"id":50264,"href":"https:\/\/labestiapolitica.com.mx\/index.php?rest_route=\/wp\/v2\/posts\/50256\/revisions\/50264"}],"wp:featuredmedia":[{"embeddable":true,"href":"https:\/\/labestiapolitica.com.mx\/index.php?rest_route=\/wp\/v2\/media\/50263"}],"wp:attachment":[{"href":"https:\/\/labestiapolitica.com.mx\/index.php?rest_route=%2Fwp%2Fv2%2Fmedia&parent=50256"}],"wp:term":[{"taxonomy":"category","embeddable":true,"href":"https:\/\/labestiapolitica.com.mx\/index.php?rest_route=%2Fwp%2Fv2%2Fcategories&post=50256"},{"taxonomy":"post_tag","embeddable":true,"href":"https:\/\/labestiapolitica.com.mx\/index.php?rest_route=%2Fwp%2Fv2%2Ftags&post=50256"}],"curies":[{"name":"wp","href":"https:\/\/api.w.org\/{rel}","templated":true}]}}