{"id":50265,"date":"2025-09-25T18:02:26","date_gmt":"2025-09-26T00:02:26","guid":{"rendered":"https:\/\/labestiapolitica.com.mx\/?p=50265"},"modified":"2025-09-25T18:02:30","modified_gmt":"2025-09-26T00:02:30","slug":"50265","status":"publish","type":"post","link":"https:\/\/labestiapolitica.com.mx\/?p=50265","title":{"rendered":"Secretar\u00eda de la Mujer capacita a polic\u00edas municipales."},"content":{"rendered":"<p>La Directora de la Instancia de la Mujer Totolac: Lic. \ud835\uddec\ud835\uddee\ud835\uddf7\ud835\uddee\ud835\uddf6\ud835\uddff\ud835\uddee \ud835\uddda\ud835\uddee\ud835\uddff\ud835\uddf0\u00ed\ud835\uddee \ud835\udded\ud835\uddf2\ud835\uddfa\ud835\uddfd\ud835\uddfc\ud835\uddee\ud835\uddf9\ud835\ude01\ud835\uddf2\ud835\uddf0\ud835\uddee, sigue trabajando para garantizar la seguridad de la ciudadan\u00eda, atendiendo con firmeza la encomienda que le confiri\u00f3 el Presidente Municipal Benjam\u00edn Atonal Conde.<\/p>\n<p>En este sentido, la titular, promovi\u00f3 una importante capacitaci\u00f3n dirigida a las y \ud835\uddf9\ud835\uddfc\ud835\ude00 \ud835\ude02\ud835\uddfb\ud835\uddf6\ud835\uddf3\ud835\uddfc\ud835\uddff\ud835\uddfa\ud835\uddee\ud835\uddf1\ud835\uddfc\ud835\ude00 \ud835\uddf1\ud835\uddf2 \ud835\udde6\ud835\uddf2\ud835\uddf4\ud835\ude02\ud835\uddff\ud835\uddf6\ud835\uddf1\ud835\uddee\ud835\uddf1 \ud835\udde3\u00fa\ud835\uddef\ud835\uddf9\ud835\uddf6\ud835\uddf0\ud835\uddee, quienes recibieron informaci\u00f3n de dos temas relevantes: \u00ab\ud835\udddc\ud835\uddfa\ud835\uddfd\ud835\uddee\ud835\uddf0\ud835\ude01\ud835\uddfc \ud835\uddfd\ud835\ude00\ud835\uddf6\ud835\uddf0\ud835\uddfc\ud835\uddf9\u00f3\ud835\uddf4\ud835\uddf6\ud835\uddf0\ud835\uddfc \ud835\uddf1\ud835\uddf2 \ud835\uddf9\ud835\uddee \ud835\ude03\ud835\uddf6\ud835\uddfc\ud835\uddf9\ud835\uddf2\ud835\uddfb\ud835\uddf0\ud835\uddf6\ud835\uddee \ud835\uddf1\ud835\uddf2 \ud835\uddf4\u00e9\ud835\uddfb\ud835\uddf2\ud835\uddff\ud835\uddfc \ud835\uddf2\ud835\uddfb \ud835\uddf9\ud835\uddee\ud835\ude00 \ud835\ude03\u00ed\ud835\uddf0\ud835\ude01\ud835\uddf6\ud835\uddfa\ud835\uddee\ud835\ude00 \ud835\ude06 \ud835\uddf9\ud835\uddee \ud835\uddf6\ud835\uddfa\ud835\uddfd\ud835\uddfc\ud835\uddff\ud835\ude01\ud835\uddee\ud835\uddfb\ud835\uddf0\ud835\uddf6\ud835\uddee \ud835\uddf1\ud835\uddf2 \ud835\uddf9\ud835\uddee \ud835\uddfd\ud835\uddff\ud835\uddf6\ud835\uddfa\ud835\uddf2\ud835\uddff\ud835\uddee \ud835\uddff\ud835\uddf2\ud835\ude00\ud835\uddfd\ud835\ude02\ud835\uddf2\ud835\ude00\ud835\ude01\ud835\uddee \ud835\uddfd\ud835\uddfc\ud835\uddf9\ud835\uddf6\ud835\uddf0\ud835\uddf6\ud835\uddee\ud835\uddf9\u00bb y \u00ab\ud835\udde2\ud835\uddef\ud835\uddf9\ud835\uddf6\ud835\uddf4\ud835\uddee\ud835\uddf0\ud835\uddf6\ud835\uddfc\ud835\uddfb\ud835\uddf2\ud835\ude00 \ud835\uddfd\ud835\uddfc\ud835\uddf9\ud835\uddf6\ud835\uddf0\ud835\uddf6\ud835\uddee\ud835\uddf9\ud835\uddf2\ud835\ude00 \ud835\uddf2\ud835\uddfb \ud835\uddf9\ud835\uddee \ud835\uddee\ud835\ude01\ud835\uddf2\ud835\uddfb\ud835\uddf0\ud835\uddf6\u00f3\ud835\uddfb \ud835\uddf1\ud835\uddf2 \ud835\uddf0\ud835\uddee\ud835\ude00\ud835\uddfc\ud835\ude00 \ud835\uddf1\ud835\uddf2 \ud835\ude03\ud835\uddf6\ud835\uddfc\ud835\uddf9\ud835\uddf2\ud835\uddfb\ud835\uddf0\ud835\uddf6\ud835\uddee \ud835\uddf1\ud835\uddf2 \ud835\uddf4\u00e9\ud835\uddfb\ud835\uddf2\ud835\uddff\ud835\uddfc \ud835\ude00\ud835\uddf2\ud835\uddf4\u00fa\ud835\uddfb \ud835\uddf9\ud835\uddee \ud835\udde1\ud835\udde2\ud835\udde0-\ud835\udfec\ud835\udff0\ud835\udff2 \ud835\ude06 \ud835\uddf2\ud835\uddf9 \ud835\uddfa\ud835\uddee\ud835\uddff\ud835\uddf0\ud835\uddfc \ud835\uddf7\ud835\ude02\ud835\uddff\u00ed\ud835\uddf1\ud835\uddf6\ud835\uddf0\ud835\uddfc \ud835\uddfa\ud835\uddf2\ud835\ude05\ud835\uddf6\ud835\uddf0\ud835\uddee\ud835\uddfb\ud835\uddfc\u00bb, las responsables de impartir la charla fueron, Psic.: Adriana Nu\u00f1ez Balderrabano y Lic.: Margaret Juliette Ortega Montoya, adscritas a la Secretar\u00eda de la Mujer.<\/p>\n<p>Est\u00e1s acciones buscan \ud835\uddfa\ud835\uddee\ud835\ude06\ud835\uddfc\ud835\uddff \ud835\uddff\ud835\uddf2\ud835\ude00\ud835\uddfd\ud835\uddf2\ud835\ude01\ud835\uddfc \ud835\uddee \ud835\uddf9\ud835\uddfc\ud835\ude00 \ud835\uddf1\ud835\uddf2\ud835\uddff\ud835\uddf2\ud835\uddf0\ud835\uddf5\ud835\uddfc\ud835\ude00 \ud835\uddf5\ud835\ude02\ud835\uddfa\ud835\uddee\ud835\uddfb\ud835\uddfc\ud835\ude00, un aumento de la confianza ciudadana y un desempe\u00f1o profesional y eficiente de las y los efectivos, tu bienestar es nuestro objetivo.<\/p>\n<p>&nbsp;<\/p>\n<p><img loading=\"lazy\" decoding=\"async\" class=\"alignnone size-full wp-image-28405\" src=\"https:\/\/labestiapolitica.com.mx\/wp-content\/uploads\/2024\/06\/U-NOVA-y-se-diferente.png\" alt=\"\" width=\"1000\" height=\"600\" srcset=\"https:\/\/labestiapolitica.com.mx\/wp-content\/uploads\/2024\/06\/U-NOVA-y-se-diferente.png 1000w, https:\/\/labestiapolitica.com.mx\/wp-content\/uploads\/2024\/06\/U-NOVA-y-se-diferente-300x180.png 300w, https:\/\/labestiapolitica.com.mx\/wp-content\/uploads\/2024\/06\/U-NOVA-y-se-diferente-768x461.png 768w\" sizes=\"auto, (max-width: 1000px) 100vw, 1000px\" \/><\/p>\n","protected":false},"excerpt":{"rendered":"<p>La Directora de la Instancia de la Mujer Totolac: Lic. \ud835\uddec\ud835\uddee\ud835\uddf7\ud835\uddee\ud835\uddf6\ud835\uddff\ud835\uddee \ud835\uddda\ud835\uddee\ud835\uddff\ud835\uddf0\u00ed\ud835\uddee \ud835\udded\ud835\uddf2\ud835\uddfa\ud835\uddfd\ud835\uddfc\ud835\uddee\ud835\uddf9\ud835\ude01\ud835\uddf2\ud835\uddf0\ud835\uddee, sigue trabajando para garantizar la seguridad de la ciudadan\u00eda, atendiendo con firmeza la encomienda que le confiri\u00f3 el Presidente Municipal Benjam\u00edn Atonal Conde. En este sentido, la titular, promovi\u00f3 una importante capacitaci\u00f3n dirigida a las y \ud835\uddf9\ud835\uddfc\ud835\ude00 \ud835\ude02\ud835\uddfb\ud835\uddf6\ud835\uddf3\ud835\uddfc\ud835\uddff\ud835\uddfa\ud835\uddee\ud835\uddf1\ud835\uddfc\ud835\ude00 \ud835\uddf1\ud835\uddf2 \ud835\udde6\ud835\uddf2\ud835\uddf4\ud835\ude02\ud835\uddff\ud835\uddf6\ud835\uddf1\ud835\uddee\ud835\uddf1 \ud835\udde3\u00fa\ud835\uddef\ud835\uddf9\ud835\uddf6\ud835\uddf0\ud835\uddee, quienes [&hellip;]<\/p>\n","protected":false},"author":3,"featured_media":50267,"comment_status":"open","ping_status":"open","sticky":false,"template":"","format":"standard","meta":{"footnotes":""},"categories":[7,216,225],"tags":[],"class_list":["post-50265","post","type-post","status-publish","format-standard","has-post-thumbnail","hentry","category-ciudadanos","category-municipios","category-totolac"],"amp_enabled":true,"_links":{"self":[{"href":"https:\/\/labestiapolitica.com.mx\/index.php?rest_route=\/wp\/v2\/posts\/50265","targetHints":{"allow":["GET"]}}],"collection":[{"href":"https:\/\/labestiapolitica.com.mx\/index.php?rest_route=\/wp\/v2\/posts"}],"about":[{"href":"https:\/\/labestiapolitica.com.mx\/index.php?rest_route=\/wp\/v2\/types\/post"}],"author":[{"embeddable":true,"href":"https:\/\/labestiapolitica.com.mx\/index.php?rest_route=\/wp\/v2\/users\/3"}],"replies":[{"embeddable":true,"href":"https:\/\/labestiapolitica.com.mx\/index.php?rest_route=%2Fwp%2Fv2%2Fcomments&post=50265"}],"version-history":[{"count":2,"href":"https:\/\/labestiapolitica.com.mx\/index.php?rest_route=\/wp\/v2\/posts\/50265\/revisions"}],"predecessor-version":[{"id":50269,"href":"https:\/\/labestiapolitica.com.mx\/index.php?rest_route=\/wp\/v2\/posts\/50265\/revisions\/50269"}],"wp:featuredmedia":[{"embeddable":true,"href":"https:\/\/labestiapolitica.com.mx\/index.php?rest_route=\/wp\/v2\/media\/50267"}],"wp:attachment":[{"href":"https:\/\/labestiapolitica.com.mx\/index.php?rest_route=%2Fwp%2Fv2%2Fmedia&parent=50265"}],"wp:term":[{"taxonomy":"category","embeddable":true,"href":"https:\/\/labestiapolitica.com.mx\/index.php?rest_route=%2Fwp%2Fv2%2Fcategories&post=50265"},{"taxonomy":"post_tag","embeddable":true,"href":"https:\/\/labestiapolitica.com.mx\/index.php?rest_route=%2Fwp%2Fv2%2Ftags&post=50265"}],"curies":[{"name":"wp","href":"https:\/\/api.w.org\/{rel}","templated":true}]}}