{"id":50270,"date":"2025-09-25T18:34:38","date_gmt":"2025-09-26T00:34:38","guid":{"rendered":"https:\/\/labestiapolitica.com.mx\/?p=50270"},"modified":"2025-09-25T18:34:38","modified_gmt":"2025-09-26T00:34:38","slug":"segunda-jornada-del-torneo-de-voleibol-en-tocatlan","status":"publish","type":"post","link":"https:\/\/labestiapolitica.com.mx\/?p=50270","title":{"rendered":"Segunda Jornada del Torneo de Voleibol en Tocatl\u00e1n."},"content":{"rendered":"<p style=\"text-align: justify;\" data-start=\"169\" data-end=\"329\">Este fin de semana contin\u00faa la emoci\u00f3n del <strong data-start=\"212\" data-end=\"246\">Torneo de Voleibol en Tocatl\u00e1n<\/strong>, con partidos que prometen grandes momentos para los participantes y la afici\u00f3n.<\/p>\n<p style=\"text-align: justify;\" data-start=\"331\" data-end=\"609\">El Gobierno Municipal agradece la <strong data-start=\"365\" data-end=\"406\">coordinaci\u00f3n del Director de Deportes<\/strong> y el <strong data-start=\"412\" data-end=\"471\">respaldo del presidente municipal Sergio Avenda\u00f1o P\u00e9rez<\/strong>, quienes, con su compromiso, impulsan actividades que fortalecen el deporte y generan beneficios para la juventud de nuestra comunidad.<\/p>\n<p style=\"text-align: justify;\" data-start=\"611\" data-end=\"804\">La invitaci\u00f3n est\u00e1 abierta para que toda la ciudadan\u00eda acompa\u00f1e y apoye a los equipos participantes.<br data-start=\"711\" data-end=\"714\" \/>Adem\u00e1s, si a\u00fan deseas integrarte, la convocatoria sigue abierta y todos son bienvenidos.<\/p>\n<p style=\"text-align: justify;\" data-start=\"806\" data-end=\"861\">Para m\u00e1s informaci\u00f3n comun\u00edcate al: <strong data-start=\"842\" data-end=\"859\">241 593 28 13<\/strong><\/p>\n<p style=\"text-align: justify;\" data-start=\"863\" data-end=\"942\"><strong data-start=\"863\" data-end=\"940\">Vive la pasi\u00f3n del voleibol y s\u00e9 parte de este torneo que une a Tocatl\u00e1n.<\/strong><\/p>\n<p data-start=\"863\" data-end=\"942\">\n<p data-start=\"863\" data-end=\"942\"><img loading=\"lazy\" decoding=\"async\" class=\"alignnone size-full wp-image-28405\" src=\"https:\/\/labestiapolitica.com.mx\/wp-content\/uploads\/2024\/06\/U-NOVA-y-se-diferente.png\" alt=\"\" width=\"1000\" height=\"600\" srcset=\"https:\/\/labestiapolitica.com.mx\/wp-content\/uploads\/2024\/06\/U-NOVA-y-se-diferente.png 1000w, https:\/\/labestiapolitica.com.mx\/wp-content\/uploads\/2024\/06\/U-NOVA-y-se-diferente-300x180.png 300w, https:\/\/labestiapolitica.com.mx\/wp-content\/uploads\/2024\/06\/U-NOVA-y-se-diferente-768x461.png 768w\" sizes=\"auto, (max-width: 1000px) 100vw, 1000px\" \/><\/p>\n","protected":false},"excerpt":{"rendered":"<p>Este fin de semana contin\u00faa la emoci\u00f3n del Torneo de Voleibol en Tocatl\u00e1n, con partidos que prometen grandes momentos para los participantes y la afici\u00f3n. El Gobierno Municipal agradece la coordinaci\u00f3n del Director de Deportes y el respaldo del presidente municipal Sergio Avenda\u00f1o P\u00e9rez, quienes, con su compromiso, impulsan actividades que fortalecen el deporte y [&hellip;]<\/p>\n","protected":false},"author":3,"featured_media":50271,"comment_status":"open","ping_status":"open","sticky":false,"template":"","format":"standard","meta":{"footnotes":""},"categories":[7,216,221],"tags":[],"class_list":["post-50270","post","type-post","status-publish","format-standard","has-post-thumbnail","hentry","category-ciudadanos","category-municipios","category-tocatlan"],"amp_enabled":true,"_links":{"self":[{"href":"https:\/\/labestiapolitica.com.mx\/index.php?rest_route=\/wp\/v2\/posts\/50270","targetHints":{"allow":["GET"]}}],"collection":[{"href":"https:\/\/labestiapolitica.com.mx\/index.php?rest_route=\/wp\/v2\/posts"}],"about":[{"href":"https:\/\/labestiapolitica.com.mx\/index.php?rest_route=\/wp\/v2\/types\/post"}],"author":[{"embeddable":true,"href":"https:\/\/labestiapolitica.com.mx\/index.php?rest_route=\/wp\/v2\/users\/3"}],"replies":[{"embeddable":true,"href":"https:\/\/labestiapolitica.com.mx\/index.php?rest_route=%2Fwp%2Fv2%2Fcomments&post=50270"}],"version-history":[{"count":1,"href":"https:\/\/labestiapolitica.com.mx\/index.php?rest_route=\/wp\/v2\/posts\/50270\/revisions"}],"predecessor-version":[{"id":50272,"href":"https:\/\/labestiapolitica.com.mx\/index.php?rest_route=\/wp\/v2\/posts\/50270\/revisions\/50272"}],"wp:featuredmedia":[{"embeddable":true,"href":"https:\/\/labestiapolitica.com.mx\/index.php?rest_route=\/wp\/v2\/media\/50271"}],"wp:attachment":[{"href":"https:\/\/labestiapolitica.com.mx\/index.php?rest_route=%2Fwp%2Fv2%2Fmedia&parent=50270"}],"wp:term":[{"taxonomy":"category","embeddable":true,"href":"https:\/\/labestiapolitica.com.mx\/index.php?rest_route=%2Fwp%2Fv2%2Fcategories&post=50270"},{"taxonomy":"post_tag","embeddable":true,"href":"https:\/\/labestiapolitica.com.mx\/index.php?rest_route=%2Fwp%2Fv2%2Ftags&post=50270"}],"curies":[{"name":"wp","href":"https:\/\/api.w.org\/{rel}","templated":true}]}}