{"id":50273,"date":"2025-09-25T18:37:21","date_gmt":"2025-09-26T00:37:21","guid":{"rendered":"https:\/\/labestiapolitica.com.mx\/?p=50273"},"modified":"2025-09-25T18:37:21","modified_gmt":"2025-09-26T00:37:21","slug":"inicia-nueva-obra-en-tocatlan","status":"publish","type":"post","link":"https:\/\/labestiapolitica.com.mx\/?p=50273","title":{"rendered":"Inicia nueva obra en Tocatl\u00e1n."},"content":{"rendered":"<p data-start=\"173\" data-end=\"375\">El presidente municipal <strong data-start=\"197\" data-end=\"222\">Sergio Avenda\u00f1o P\u00e9rez<\/strong>, acompa\u00f1ado del diputado <strong data-start=\"248\" data-end=\"275\">David Mart\u00ednez del Razo<\/strong>, dio inicio a la <strong data-start=\"293\" data-end=\"372\">construcci\u00f3n de guarniciones y pavimento de adoqu\u00edn en la Privada Los Pinos<\/strong>.<\/p>\n<p data-start=\"377\" data-end=\"486\"><strong data-start=\"380\" data-end=\"394\">Ubicaci\u00f3n:<\/strong> Privada Los Pinos<br data-start=\"412\" data-end=\"415\" \/><strong data-start=\"418\" data-end=\"446\">Ciudadanos beneficiados:<\/strong> 40<br data-start=\"449\" data-end=\"452\" \/><strong data-start=\"455\" data-end=\"482\">Viviendas beneficiadas:<\/strong> 8<\/p>\n<p data-start=\"488\" data-end=\"514\"><strong data-start=\"488\" data-end=\"512\">Trabajos a realizar:<\/strong><\/p>\n<ul data-start=\"515\" data-end=\"775\">\n<li data-start=\"515\" data-end=\"557\">\n<p data-start=\"517\" data-end=\"557\">908.89 m\u00b2 de levantamiento topogr\u00e1fico<\/p>\n<\/li>\n<li data-start=\"558\" data-end=\"605\">\n<p data-start=\"560\" data-end=\"605\">390.48 m lineales de guarnici\u00f3n de concreto<\/p>\n<\/li>\n<li data-start=\"606\" data-end=\"638\">\n<p data-start=\"608\" data-end=\"638\">181.78 m\u00b3 de base hidr\u00e1ulica<\/p>\n<\/li>\n<li data-start=\"639\" data-end=\"676\">\n<p data-start=\"641\" data-end=\"676\">908.89 m\u00b2 de pavimento de adoqu\u00edn<\/p>\n<\/li>\n<li data-start=\"677\" data-end=\"723\">\n<p data-start=\"679\" data-end=\"723\">60.62 m lineales de cinturones de concreto<\/p>\n<\/li>\n<li data-start=\"724\" data-end=\"775\">\n<p data-start=\"726\" data-end=\"775\">390.48 m lineales de pintura sobre guarniciones<\/p>\n<\/li>\n<\/ul>\n<p data-start=\"777\" data-end=\"947\">Con estas acciones, el Gobierno Municipal de Tocatl\u00e1n contin\u00faa avanzando en la mejora de la infraestructura, generando bienestar y mejores vialidades para las familias.<\/p>\n<p data-start=\"949\" data-end=\"999\"><strong data-start=\"949\" data-end=\"997\">Tocatl\u00e1n en movimiento, construyendo futuro.<\/strong><\/p>\n<p data-start=\"949\" data-end=\"999\">\n<p data-start=\"949\" data-end=\"999\"><img loading=\"lazy\" decoding=\"async\" class=\"alignnone size-full wp-image-28405\" src=\"https:\/\/labestiapolitica.com.mx\/wp-content\/uploads\/2024\/06\/U-NOVA-y-se-diferente.png\" alt=\"\" width=\"1000\" height=\"600\" srcset=\"https:\/\/labestiapolitica.com.mx\/wp-content\/uploads\/2024\/06\/U-NOVA-y-se-diferente.png 1000w, https:\/\/labestiapolitica.com.mx\/wp-content\/uploads\/2024\/06\/U-NOVA-y-se-diferente-300x180.png 300w, https:\/\/labestiapolitica.com.mx\/wp-content\/uploads\/2024\/06\/U-NOVA-y-se-diferente-768x461.png 768w\" sizes=\"auto, (max-width: 1000px) 100vw, 1000px\" \/><\/p>\n","protected":false},"excerpt":{"rendered":"<p>El presidente municipal Sergio Avenda\u00f1o P\u00e9rez, acompa\u00f1ado del diputado David Mart\u00ednez del Razo, dio inicio a la construcci\u00f3n de guarniciones y pavimento de adoqu\u00edn en la Privada Los Pinos. Ubicaci\u00f3n: Privada Los PinosCiudadanos beneficiados: 40Viviendas beneficiadas: 8 Trabajos a realizar: 908.89 m\u00b2 de levantamiento topogr\u00e1fico 390.48 m lineales de guarnici\u00f3n de concreto 181.78 m\u00b3 de [&hellip;]<\/p>\n","protected":false},"author":3,"featured_media":50274,"comment_status":"open","ping_status":"open","sticky":false,"template":"","format":"standard","meta":{"footnotes":""},"categories":[7,216,221],"tags":[],"class_list":["post-50273","post","type-post","status-publish","format-standard","has-post-thumbnail","hentry","category-ciudadanos","category-municipios","category-tocatlan"],"amp_enabled":true,"_links":{"self":[{"href":"https:\/\/labestiapolitica.com.mx\/index.php?rest_route=\/wp\/v2\/posts\/50273","targetHints":{"allow":["GET"]}}],"collection":[{"href":"https:\/\/labestiapolitica.com.mx\/index.php?rest_route=\/wp\/v2\/posts"}],"about":[{"href":"https:\/\/labestiapolitica.com.mx\/index.php?rest_route=\/wp\/v2\/types\/post"}],"author":[{"embeddable":true,"href":"https:\/\/labestiapolitica.com.mx\/index.php?rest_route=\/wp\/v2\/users\/3"}],"replies":[{"embeddable":true,"href":"https:\/\/labestiapolitica.com.mx\/index.php?rest_route=%2Fwp%2Fv2%2Fcomments&post=50273"}],"version-history":[{"count":1,"href":"https:\/\/labestiapolitica.com.mx\/index.php?rest_route=\/wp\/v2\/posts\/50273\/revisions"}],"predecessor-version":[{"id":50275,"href":"https:\/\/labestiapolitica.com.mx\/index.php?rest_route=\/wp\/v2\/posts\/50273\/revisions\/50275"}],"wp:featuredmedia":[{"embeddable":true,"href":"https:\/\/labestiapolitica.com.mx\/index.php?rest_route=\/wp\/v2\/media\/50274"}],"wp:attachment":[{"href":"https:\/\/labestiapolitica.com.mx\/index.php?rest_route=%2Fwp%2Fv2%2Fmedia&parent=50273"}],"wp:term":[{"taxonomy":"category","embeddable":true,"href":"https:\/\/labestiapolitica.com.mx\/index.php?rest_route=%2Fwp%2Fv2%2Fcategories&post=50273"},{"taxonomy":"post_tag","embeddable":true,"href":"https:\/\/labestiapolitica.com.mx\/index.php?rest_route=%2Fwp%2Fv2%2Ftags&post=50273"}],"curies":[{"name":"wp","href":"https:\/\/api.w.org\/{rel}","templated":true}]}}