{"id":50276,"date":"2025-09-25T19:44:14","date_gmt":"2025-09-26T01:44:14","guid":{"rendered":"https:\/\/labestiapolitica.com.mx\/?p=50276"},"modified":"2025-09-25T19:44:14","modified_gmt":"2025-09-26T01:44:14","slug":"apizaco-impulsa-la-tenencia-responsable-de-animales-en-santa-maria-texcalac","status":"publish","type":"post","link":"https:\/\/labestiapolitica.com.mx\/?p=50276","title":{"rendered":"Apizaco impulsa la tenencia responsable de animales en Santa Mar\u00eda Texcalac."},"content":{"rendered":"<p style=\"text-align: justify;\">\u2022 De la mano de la diputada local Madai P\u00e9rez Carrillo, el Gobierno Municipal de Apizaco refuerza su compromiso con el bienestar animal y la productividad rural.<\/p>\n<p style=\"text-align: justify;\">Con el objetivo de fortalecer el bienestar animal y respaldar a las familias productoras, el presidente municipal de Apizaco, Javier Rivera Bonilla, encabez\u00f3 las acciones de la Semana de Tenencia Responsable de Animales en la comunidad de Santa Mar\u00eda Texcalac, donde reiter\u00f3 que el cuidado de los animales de trabajo es un deber \u00e9tico, social y productivo.<\/p>\n<p style=\"text-align: justify;\">En su mensaje, el edil destac\u00f3 que este programa ofrece consultas m\u00e9dicas, desparasitaci\u00f3n, vacunaci\u00f3n y aplicaci\u00f3n de vitaminas de manera gratuita, acciones que fortalecen la salud equina y, al mismo tiempo, la seguridad y productividad de quienes dependen de ellos. \u201cLa tenencia responsable de animales habla de nuestro respeto por la vida y de la importancia que damos al bienestar com\u00fan\u201d, subray\u00f3.<\/p>\n<p style=\"text-align: justify;\">Rivera Bonilla reconoci\u00f3 de manera especial el trabajo de la diputada local Madai P\u00e9rez Carrillo, a quien calific\u00f3 como impulsora y gestora de este programa, por su compromiso con el bienestar animal y por acercar acciones que benefician tanto a los productores como a las comunidades rurales.<\/p>\n<p style=\"text-align: justify;\">Adem\u00e1s de los servicios veterinarios, durante la jornada se brind\u00f3 asesor\u00eda t\u00e9cnica y orientaci\u00f3n a productores, con el objetivo de mejorar las condiciones de manejo, alimentaci\u00f3n y prevenci\u00f3n de enfermedades, favoreciendo as\u00ed el rendimiento de las actividades agr\u00edcolas y de transporte que dependen de los \u00e9quidos.<\/p>\n<p style=\"text-align: justify;\">En el evento estuvieron presentes el presidente de comunidad de Santa Mar\u00eda Texcalac, Abel Hern\u00e1ndez Carrasco; la profesora de la Facultad de Medicina Veterinaria y Zootecnia de la Universidad Nacional Aut\u00f3noma de M\u00e9xico (UNAM), Elena Garc\u00eda Seco; el presidente nacional de la Asociaci\u00f3n de M\u00e9dicos Veterinarios Zootecnistas Especialistas en Producci\u00f3n Animal, Jos\u00e9 Contreras Bola\u00f1os; el comisariado ejidal Elpidio Mu\u00f1oz L\u00f3pez; y el coordinador del sector agropecuario municipal, Samuel Anuar M\u00e9ndez Gonz\u00e1lez.<\/p>\n<p style=\"text-align: justify;\">Con este esfuerzo conjunto, el Gobierno Municipal de Apizaco refrenda su compromiso de trabajar en unidad con productores, especialistas y ciudadan\u00eda, avanzando en la construcci\u00f3n de un municipio m\u00e1s responsable, solidario y humano, por un mejor futuro.<\/p>\n<p>&nbsp;<\/p>\n<p><img loading=\"lazy\" decoding=\"async\" class=\"alignnone size-full wp-image-28405\" src=\"https:\/\/labestiapolitica.com.mx\/wp-content\/uploads\/2024\/06\/U-NOVA-y-se-diferente.png\" alt=\"\" width=\"1000\" height=\"600\" srcset=\"https:\/\/labestiapolitica.com.mx\/wp-content\/uploads\/2024\/06\/U-NOVA-y-se-diferente.png 1000w, https:\/\/labestiapolitica.com.mx\/wp-content\/uploads\/2024\/06\/U-NOVA-y-se-diferente-300x180.png 300w, https:\/\/labestiapolitica.com.mx\/wp-content\/uploads\/2024\/06\/U-NOVA-y-se-diferente-768x461.png 768w\" sizes=\"auto, (max-width: 1000px) 100vw, 1000px\" \/><\/p>\n","protected":false},"excerpt":{"rendered":"<p>\u2022 De la mano de la diputada local Madai P\u00e9rez Carrillo, el Gobierno Municipal de Apizaco refuerza su compromiso con el bienestar animal y la productividad rural. Con el objetivo de fortalecer el bienestar animal y respaldar a las familias productoras, el presidente municipal de Apizaco, Javier Rivera Bonilla, encabez\u00f3 las acciones de la Semana [&hellip;]<\/p>\n","protected":false},"author":3,"featured_media":50277,"comment_status":"open","ping_status":"open","sticky":false,"template":"","format":"standard","meta":{"footnotes":""},"categories":[226,7,216],"tags":[],"class_list":["post-50276","post","type-post","status-publish","format-standard","has-post-thumbnail","hentry","category-apizaco","category-ciudadanos","category-municipios"],"amp_enabled":true,"_links":{"self":[{"href":"https:\/\/labestiapolitica.com.mx\/index.php?rest_route=\/wp\/v2\/posts\/50276","targetHints":{"allow":["GET"]}}],"collection":[{"href":"https:\/\/labestiapolitica.com.mx\/index.php?rest_route=\/wp\/v2\/posts"}],"about":[{"href":"https:\/\/labestiapolitica.com.mx\/index.php?rest_route=\/wp\/v2\/types\/post"}],"author":[{"embeddable":true,"href":"https:\/\/labestiapolitica.com.mx\/index.php?rest_route=\/wp\/v2\/users\/3"}],"replies":[{"embeddable":true,"href":"https:\/\/labestiapolitica.com.mx\/index.php?rest_route=%2Fwp%2Fv2%2Fcomments&post=50276"}],"version-history":[{"count":1,"href":"https:\/\/labestiapolitica.com.mx\/index.php?rest_route=\/wp\/v2\/posts\/50276\/revisions"}],"predecessor-version":[{"id":50278,"href":"https:\/\/labestiapolitica.com.mx\/index.php?rest_route=\/wp\/v2\/posts\/50276\/revisions\/50278"}],"wp:featuredmedia":[{"embeddable":true,"href":"https:\/\/labestiapolitica.com.mx\/index.php?rest_route=\/wp\/v2\/media\/50277"}],"wp:attachment":[{"href":"https:\/\/labestiapolitica.com.mx\/index.php?rest_route=%2Fwp%2Fv2%2Fmedia&parent=50276"}],"wp:term":[{"taxonomy":"category","embeddable":true,"href":"https:\/\/labestiapolitica.com.mx\/index.php?rest_route=%2Fwp%2Fv2%2Fcategories&post=50276"},{"taxonomy":"post_tag","embeddable":true,"href":"https:\/\/labestiapolitica.com.mx\/index.php?rest_route=%2Fwp%2Fv2%2Ftags&post=50276"}],"curies":[{"name":"wp","href":"https:\/\/api.w.org\/{rel}","templated":true}]}}