{"id":50279,"date":"2025-09-25T19:54:37","date_gmt":"2025-09-26T01:54:37","guid":{"rendered":"https:\/\/labestiapolitica.com.mx\/?p=50279"},"modified":"2025-09-25T19:54:37","modified_gmt":"2025-09-26T01:54:37","slug":"javier-rivera-refuerza-el-compromiso-ambiental-de-apizaco-con-murales-del-agua","status":"publish","type":"post","link":"https:\/\/labestiapolitica.com.mx\/?p=50279","title":{"rendered":"Javier Rivera refuerza el compromiso ambiental de Apizaco con \u201cMurales del Agua\u201d."},"content":{"rendered":"<ul>\n<li style=\"text-align: justify;\">El edil destac\u00f3 que el arte, la cultura y la acci\u00f3n gubernamental se unen en el taller de sensibilizaci\u00f3n para la creaci\u00f3n de estos espacios de conciencia.<\/li>\n<\/ul>\n<p style=\"text-align: justify;\">En el arranque del taller de sensibilizaci\u00f3n para la consolidaci\u00f3n de \u201cMurales del Agua\u201d, el presidente municipal de Apizaco, Javier Rivera Bonilla, reafirm\u00f3 su respaldo a la presidenta de M\u00e9xico, Claudia Sheinbaum Pardo, y a la gobernadora del estado, Lorena Cu\u00e9llar Cisneros, como un aliado firme en el compromiso por el saneamiento de los r\u00edos que atraviesan Tlaxcala.<\/p>\n<p style=\"text-align: justify;\">El edil destac\u00f3 que esta iniciativa, impulsada por el Gobierno de M\u00e9xico en coordinaci\u00f3n con Conagua y PPG Comex, une el arte, la cultura y la responsabilidad ambiental para recordar que los r\u00edos son vida y que su rescate es una tarea que no admite espera.<\/p>\n<p style=\"text-align: justify;\">\u201cEn Apizaco asumimos esta causa con total decisi\u00f3n. Nuestro municipio es y seguir\u00e1 siendo un verdadero aliado en el saneamiento de los r\u00edos, porque cuidar el agua es cuidar la salud y el futuro de nuestras familias\u201d, expres\u00f3 Rivera Bonilla.<\/p>\n<p style=\"text-align: justify;\">Asimismo, record\u00f3 que desde el inicio de su administraci\u00f3n se han entregado resultados concretos; como ejemplo, se\u00f1al\u00f3 que hace unas semanas present\u00f3 personalmente a la presidenta de M\u00e9xico y a la gobernadora del estado un informe detallado de las acciones realizadas para la limpieza del r\u00edo Atenco, que atraviesa Apizaco.<\/p>\n<p style=\"text-align: justify;\">Javier Rivera Bonilla resalt\u00f3 que el arte es una de las herramientas m\u00e1s poderosas para despertar conciencia y sembrar esperanza. \u201cQue estos murales sean un recordatorio permanente de que la belleza de nuestros paisajes depende del esfuerzo de todas y todos\u201d, afirm\u00f3.<\/p>\n<p style=\"text-align: justify;\">En el evento estuvieron presentes Marco Antonio S\u00e1nchez Pulido, director de Agua Potable de la Comisi\u00f3n Estatal de Agua y Saneamiento; Jos\u00e9 H\u00e9ctor Osorio Chumacero, subdirector local de Conagua; Ignacio Mu\u00f1oz Guevara, director de CAPAMA; Edgar Arturo Mart\u00ednez Berm\u00fadez, director de Planeaci\u00f3n y Evaluaci\u00f3n del municipio; el secretario del ayuntamiento, Juan Pablo Morales Rico; as\u00ed como muralistas y miembros de la administraci\u00f3n municipal.<\/p>\n<p style=\"text-align: justify;\">Con este esfuerzo conjunto, el Gobierno Municipal de Apizaco refrenda su compromiso de sumar voluntades para lograr que el saneamiento de los r\u00edos sea una historia de \u00e9xito que pueda heredarse con orgullo, por un mejor futuro para todas y todos.<\/p>\n<p>&nbsp;<\/p>\n<p><img loading=\"lazy\" decoding=\"async\" class=\"alignnone size-full wp-image-28405\" src=\"https:\/\/labestiapolitica.com.mx\/wp-content\/uploads\/2024\/06\/U-NOVA-y-se-diferente.png\" alt=\"\" width=\"1000\" height=\"600\" srcset=\"https:\/\/labestiapolitica.com.mx\/wp-content\/uploads\/2024\/06\/U-NOVA-y-se-diferente.png 1000w, https:\/\/labestiapolitica.com.mx\/wp-content\/uploads\/2024\/06\/U-NOVA-y-se-diferente-300x180.png 300w, https:\/\/labestiapolitica.com.mx\/wp-content\/uploads\/2024\/06\/U-NOVA-y-se-diferente-768x461.png 768w\" sizes=\"auto, (max-width: 1000px) 100vw, 1000px\" \/><\/p>\n","protected":false},"excerpt":{"rendered":"<p>El edil destac\u00f3 que el arte, la cultura y la acci\u00f3n gubernamental se unen en el taller de sensibilizaci\u00f3n para la creaci\u00f3n de estos espacios de conciencia. En el arranque del taller de sensibilizaci\u00f3n para la consolidaci\u00f3n de \u201cMurales del Agua\u201d, el presidente municipal de Apizaco, Javier Rivera Bonilla, reafirm\u00f3 su respaldo a la presidenta [&hellip;]<\/p>\n","protected":false},"author":3,"featured_media":50280,"comment_status":"open","ping_status":"open","sticky":false,"template":"","format":"standard","meta":{"footnotes":""},"categories":[226,7,216],"tags":[],"class_list":["post-50279","post","type-post","status-publish","format-standard","has-post-thumbnail","hentry","category-apizaco","category-ciudadanos","category-municipios"],"amp_enabled":true,"_links":{"self":[{"href":"https:\/\/labestiapolitica.com.mx\/index.php?rest_route=\/wp\/v2\/posts\/50279","targetHints":{"allow":["GET"]}}],"collection":[{"href":"https:\/\/labestiapolitica.com.mx\/index.php?rest_route=\/wp\/v2\/posts"}],"about":[{"href":"https:\/\/labestiapolitica.com.mx\/index.php?rest_route=\/wp\/v2\/types\/post"}],"author":[{"embeddable":true,"href":"https:\/\/labestiapolitica.com.mx\/index.php?rest_route=\/wp\/v2\/users\/3"}],"replies":[{"embeddable":true,"href":"https:\/\/labestiapolitica.com.mx\/index.php?rest_route=%2Fwp%2Fv2%2Fcomments&post=50279"}],"version-history":[{"count":1,"href":"https:\/\/labestiapolitica.com.mx\/index.php?rest_route=\/wp\/v2\/posts\/50279\/revisions"}],"predecessor-version":[{"id":50281,"href":"https:\/\/labestiapolitica.com.mx\/index.php?rest_route=\/wp\/v2\/posts\/50279\/revisions\/50281"}],"wp:featuredmedia":[{"embeddable":true,"href":"https:\/\/labestiapolitica.com.mx\/index.php?rest_route=\/wp\/v2\/media\/50280"}],"wp:attachment":[{"href":"https:\/\/labestiapolitica.com.mx\/index.php?rest_route=%2Fwp%2Fv2%2Fmedia&parent=50279"}],"wp:term":[{"taxonomy":"category","embeddable":true,"href":"https:\/\/labestiapolitica.com.mx\/index.php?rest_route=%2Fwp%2Fv2%2Fcategories&post=50279"},{"taxonomy":"post_tag","embeddable":true,"href":"https:\/\/labestiapolitica.com.mx\/index.php?rest_route=%2Fwp%2Fv2%2Ftags&post=50279"}],"curies":[{"name":"wp","href":"https:\/\/api.w.org\/{rel}","templated":true}]}}