{"id":50282,"date":"2025-09-25T19:57:22","date_gmt":"2025-09-26T01:57:22","guid":{"rendered":"https:\/\/labestiapolitica.com.mx\/?p=50282"},"modified":"2025-09-25T19:57:22","modified_gmt":"2025-09-26T01:57:22","slug":"apizaco-e-inegi-fortalecen-colaboracion-para-orientar-politicas-publicas","status":"publish","type":"post","link":"https:\/\/labestiapolitica.com.mx\/?p=50282","title":{"rendered":"Apizaco e INEGI fortalecen colaboraci\u00f3n para orientar pol\u00edticas p\u00fablicas."},"content":{"rendered":"<ul>\n<li style=\"text-align: justify;\">Con datos claros y precisos, el Ayuntamiento busca respaldar decisiones y pol\u00edticas p\u00fablicas en temas clave como seguridad, agua, medio ambiente y servicios b\u00e1sicos.<\/li>\n<\/ul>\n<p style=\"text-align: justify;\">El presidente municipal de Apizaco, Javier Rivera Bonilla, encabez\u00f3 la firma de los cuestionarios del Censo Nacional de Gobiernos Municipales y Demarcaciones Territoriales del Instituto Nacional de Estad\u00edstica y Geograf\u00eda (INEGI), una herramienta estrat\u00e9gica que permite evaluar el desempe\u00f1o del municipio y definir las \u00e1reas en las que se deben impulsar mejoras.<\/p>\n<p style=\"text-align: justify;\">Durante el evento, el alcalde destac\u00f3 que la informaci\u00f3n levantada del 16 de junio al 8 de agosto permitir\u00e1 fortalecer la gesti\u00f3n p\u00fablica, optimizar la toma de decisiones y, sobre todo, dise\u00f1ar pol\u00edticas p\u00fablicas m\u00e1s efectivas y cercanas a la realidad de la poblaci\u00f3n en temas prioritarios como seguridad, agua, medio ambiente y servicios b\u00e1sicos.<\/p>\n<p style=\"text-align: justify;\">\u201cContar con datos claros y confiables nos permite construir gobiernos m\u00e1s transparentes, eficientes y cercanos a la gente. En Apizaco seguiremos colaborando con el INEGI para que estos esfuerzos se traduzcan en pol\u00edticas p\u00fablicas de impacto positivo en la vida de todas y todos\u201d, afirm\u00f3 el edil.<\/p>\n<p style=\"text-align: justify;\">Por su parte, el Coordinador Estatal del INEGI, Carlos Manuel Lozano Garc\u00eda, reconoci\u00f3 la disposici\u00f3n de la autoridad municipal que encabeza Javier Rivera Bonilla, para trabajar de manera conjunta y obtener resultados que impacten de forma positiva en la ciudadan\u00eda.<\/p>\n<p style=\"text-align: justify;\">Con este compromiso, el Ayuntamiento de Apizaco refrenda su voluntad de colaborar con instituciones nacionales, garantizando que la informaci\u00f3n p\u00fablica se convierta en la base para el dise\u00f1o de mejores pol\u00edticas y servicios en beneficio de las y los apizaquenses.<\/p>\n<p>&nbsp;<\/p>\n<p><img loading=\"lazy\" decoding=\"async\" class=\"alignnone size-full wp-image-28405\" src=\"https:\/\/labestiapolitica.com.mx\/wp-content\/uploads\/2024\/06\/U-NOVA-y-se-diferente.png\" alt=\"\" width=\"1000\" height=\"600\" srcset=\"https:\/\/labestiapolitica.com.mx\/wp-content\/uploads\/2024\/06\/U-NOVA-y-se-diferente.png 1000w, https:\/\/labestiapolitica.com.mx\/wp-content\/uploads\/2024\/06\/U-NOVA-y-se-diferente-300x180.png 300w, https:\/\/labestiapolitica.com.mx\/wp-content\/uploads\/2024\/06\/U-NOVA-y-se-diferente-768x461.png 768w\" sizes=\"auto, (max-width: 1000px) 100vw, 1000px\" \/><\/p>\n","protected":false},"excerpt":{"rendered":"<p>Con datos claros y precisos, el Ayuntamiento busca respaldar decisiones y pol\u00edticas p\u00fablicas en temas clave como seguridad, agua, medio ambiente y servicios b\u00e1sicos. El presidente municipal de Apizaco, Javier Rivera Bonilla, encabez\u00f3 la firma de los cuestionarios del Censo Nacional de Gobiernos Municipales y Demarcaciones Territoriales del Instituto Nacional de Estad\u00edstica y Geograf\u00eda (INEGI), [&hellip;]<\/p>\n","protected":false},"author":3,"featured_media":50283,"comment_status":"open","ping_status":"open","sticky":false,"template":"","format":"standard","meta":{"footnotes":""},"categories":[226,7,216],"tags":[],"class_list":["post-50282","post","type-post","status-publish","format-standard","has-post-thumbnail","hentry","category-apizaco","category-ciudadanos","category-municipios"],"amp_enabled":true,"_links":{"self":[{"href":"https:\/\/labestiapolitica.com.mx\/index.php?rest_route=\/wp\/v2\/posts\/50282","targetHints":{"allow":["GET"]}}],"collection":[{"href":"https:\/\/labestiapolitica.com.mx\/index.php?rest_route=\/wp\/v2\/posts"}],"about":[{"href":"https:\/\/labestiapolitica.com.mx\/index.php?rest_route=\/wp\/v2\/types\/post"}],"author":[{"embeddable":true,"href":"https:\/\/labestiapolitica.com.mx\/index.php?rest_route=\/wp\/v2\/users\/3"}],"replies":[{"embeddable":true,"href":"https:\/\/labestiapolitica.com.mx\/index.php?rest_route=%2Fwp%2Fv2%2Fcomments&post=50282"}],"version-history":[{"count":1,"href":"https:\/\/labestiapolitica.com.mx\/index.php?rest_route=\/wp\/v2\/posts\/50282\/revisions"}],"predecessor-version":[{"id":50284,"href":"https:\/\/labestiapolitica.com.mx\/index.php?rest_route=\/wp\/v2\/posts\/50282\/revisions\/50284"}],"wp:featuredmedia":[{"embeddable":true,"href":"https:\/\/labestiapolitica.com.mx\/index.php?rest_route=\/wp\/v2\/media\/50283"}],"wp:attachment":[{"href":"https:\/\/labestiapolitica.com.mx\/index.php?rest_route=%2Fwp%2Fv2%2Fmedia&parent=50282"}],"wp:term":[{"taxonomy":"category","embeddable":true,"href":"https:\/\/labestiapolitica.com.mx\/index.php?rest_route=%2Fwp%2Fv2%2Fcategories&post=50282"},{"taxonomy":"post_tag","embeddable":true,"href":"https:\/\/labestiapolitica.com.mx\/index.php?rest_route=%2Fwp%2Fv2%2Ftags&post=50282"}],"curies":[{"name":"wp","href":"https:\/\/api.w.org\/{rel}","templated":true}]}}