{"id":50298,"date":"2025-09-26T11:06:30","date_gmt":"2025-09-26T17:06:30","guid":{"rendered":"https:\/\/labestiapolitica.com.mx\/?p=50298"},"modified":"2025-09-26T11:06:30","modified_gmt":"2025-09-26T17:06:30","slug":"tlaxcala-capital-instala-el-consejo-consultivo-turistico-y-presenta-nuevas-rutas-y-proyectos-para-fortalecer-el-sector","status":"publish","type":"post","link":"https:\/\/labestiapolitica.com.mx\/?p=50298","title":{"rendered":"Tlaxcala Capital instala el Consejo Consultivo Tur\u00edstico y presenta nuevas rutas y proyectos para fortalecer el sector"},"content":{"rendered":"<p style=\"text-align: justify;\" data-start=\"209\" data-end=\"529\">\u201c<strong data-start=\"210\" data-end=\"360\">Aqu\u00ed no tenemos playas, pero nuestra riqueza cultural, gastron\u00f3mica y de tradiciones es suficiente para atraer al turismo nacional e internacional<\/strong>\u201d, afirm\u00f3 el presidente municipal de Tlaxcala, <strong data-start=\"407\" data-end=\"433\">Alfonso S\u00e1nchez Garc\u00eda<\/strong>, al encabezar la <strong data-start=\"451\" data-end=\"526\">Primera Sesi\u00f3n Ordinaria del Consejo Consultivo Tur\u00edstico del Municipio<\/strong>.<\/p>\n<p style=\"text-align: justify;\" data-start=\"531\" data-end=\"816\">La reuni\u00f3n se llev\u00f3 a cabo en la Sala de Cabildo I del Ayuntamiento y cont\u00f3 con la participaci\u00f3n de autoridades municipales, representantes del sector tur\u00edstico y prestadores de servicios, con el objetivo de fortalecer la coordinaci\u00f3n en favor del desarrollo tur\u00edstico de la capital.<\/p>\n<p style=\"text-align: justify;\" data-start=\"818\" data-end=\"1123\">Durante la sesi\u00f3n se present\u00f3 el calendario de actividades culturales, recreativas y deportivas que tendr\u00e1n lugar en la <strong data-start=\"938\" data-end=\"984\">Plaza de Toros Jorge Aguilar \u201cEl Ranchero\u201d<\/strong> en el \u00faltimo trimestre del 2025, incluyendo funciones de lucha libre, conciertos, un serial profesional de tenis y actividades taurinas.<\/p>\n<p style=\"text-align: justify;\" data-start=\"1125\" data-end=\"1436\">Tambi\u00e9n se dieron a conocer las <strong data-start=\"1157\" data-end=\"1194\">rutas tur\u00edsticas intermunicipales<\/strong> que se impulsar\u00e1n junto con Xiloxoxtla, Tepeyanco y Chiautempan: la <em data-start=\"1263\" data-end=\"1298\">\u201cRuta Conventual de los 500 A\u00f1os\u201d<\/em> y la <em data-start=\"1304\" data-end=\"1336\">\u201cRuta del Barroco Tlaxcalteca\u201d<\/em>. A ello se suma un proyecto ecotur\u00edstico para rescatar y proyectar la <strong data-start=\"1407\" data-end=\"1433\">Laguna de Acuitlapilco<\/strong>.<\/p>\n<p style=\"text-align: justify;\" data-start=\"1438\" data-end=\"1740\">Otro de los puntos destacados fue la plataforma digital <strong data-start=\"1494\" data-end=\"1508\">\u201cAndar Mx\u201d<\/strong>, que permitir\u00e1 a visitantes y habitantes acceder a audiogu\u00edas de sitios hist\u00f3ricos mediante se\u00f1alizaci\u00f3n urbana y c\u00f3digos QR, con opci\u00f3n de traducci\u00f3n al ingl\u00e9s, posicionando a la capital como ejemplo de digitalizaci\u00f3n tur\u00edstica.<\/p>\n<p style=\"text-align: justify;\" data-start=\"1742\" data-end=\"2050\">Asimismo, se presentaron avances de la marca tur\u00edstica <strong data-start=\"1797\" data-end=\"1821\">\u201cCiudad que enamora\u201d<\/strong>, pr\u00f3xima a lanzarse para resaltar la cultura, patrimonio y gastronom\u00eda local, as\u00ed como la propuesta de mejorar las fachadas de restaurantes del centro hist\u00f3rico en el marco de las conmemoraciones por los 500 a\u00f1os de la ciudad.<\/p>\n<p style=\"text-align: justify;\" data-start=\"2052\" data-end=\"2309\">En el mismo acto se tom\u00f3 protesta a nuevos integrantes del Consejo, entre ellos <strong data-start=\"2132\" data-end=\"2159\">Marlen Ojeda Ilhuicatzi<\/strong>, Directora General de CANACO; <strong data-start=\"2190\" data-end=\"2214\">Juan Xochihua Garc\u00eda<\/strong>, Director General de Tours X\u00f3chitl; y <strong data-start=\"2253\" data-end=\"2282\">Virgilio Medell\u00edn Viveros<\/strong>, presidente de la AHMET.<\/p>\n<p style=\"text-align: justify;\" data-start=\"2311\" data-end=\"2560\">La sesi\u00f3n cont\u00f3 con la presencia de la regidora de Turismo, <strong data-start=\"2371\" data-end=\"2402\">Saide Citlalli V\u00e1zquez Nava<\/strong>, y directores municipales de Cultura y Turismo, Desarrollo Econ\u00f3mico y \u00e1reas de artesan\u00eda y turismo, adem\u00e1s de representantes del sector tur\u00edstico estatal.<\/p>\n<p style=\"text-align: justify;\" data-start=\"2562\" data-end=\"2720\">Con estas acciones, Tlaxcala Capital refuerza su compromiso de posicionarse como un referente tur\u00edstico que atraiga visitantes nacionales e internacionales.<\/p>\n","protected":false},"excerpt":{"rendered":"<p>\u201cAqu\u00ed no tenemos playas, pero nuestra riqueza cultural, gastron\u00f3mica y de tradiciones es suficiente para atraer al turismo nacional e internacional\u201d, afirm\u00f3 el presidente municipal de Tlaxcala, Alfonso S\u00e1nchez Garc\u00eda, al encabezar la Primera Sesi\u00f3n Ordinaria del Consejo Consultivo Tur\u00edstico del Municipio. La reuni\u00f3n se llev\u00f3 a cabo en la Sala de Cabildo I del [&hellip;]<\/p>\n","protected":false},"author":3,"featured_media":50299,"comment_status":"open","ping_status":"open","sticky":false,"template":"","format":"standard","meta":{"footnotes":""},"categories":[216,214],"tags":[],"class_list":["post-50298","post","type-post","status-publish","format-standard","has-post-thumbnail","hentry","category-municipios","category-tlaxcala-capital"],"amp_enabled":true,"_links":{"self":[{"href":"https:\/\/labestiapolitica.com.mx\/index.php?rest_route=\/wp\/v2\/posts\/50298","targetHints":{"allow":["GET"]}}],"collection":[{"href":"https:\/\/labestiapolitica.com.mx\/index.php?rest_route=\/wp\/v2\/posts"}],"about":[{"href":"https:\/\/labestiapolitica.com.mx\/index.php?rest_route=\/wp\/v2\/types\/post"}],"author":[{"embeddable":true,"href":"https:\/\/labestiapolitica.com.mx\/index.php?rest_route=\/wp\/v2\/users\/3"}],"replies":[{"embeddable":true,"href":"https:\/\/labestiapolitica.com.mx\/index.php?rest_route=%2Fwp%2Fv2%2Fcomments&post=50298"}],"version-history":[{"count":1,"href":"https:\/\/labestiapolitica.com.mx\/index.php?rest_route=\/wp\/v2\/posts\/50298\/revisions"}],"predecessor-version":[{"id":50300,"href":"https:\/\/labestiapolitica.com.mx\/index.php?rest_route=\/wp\/v2\/posts\/50298\/revisions\/50300"}],"wp:featuredmedia":[{"embeddable":true,"href":"https:\/\/labestiapolitica.com.mx\/index.php?rest_route=\/wp\/v2\/media\/50299"}],"wp:attachment":[{"href":"https:\/\/labestiapolitica.com.mx\/index.php?rest_route=%2Fwp%2Fv2%2Fmedia&parent=50298"}],"wp:term":[{"taxonomy":"category","embeddable":true,"href":"https:\/\/labestiapolitica.com.mx\/index.php?rest_route=%2Fwp%2Fv2%2Fcategories&post=50298"},{"taxonomy":"post_tag","embeddable":true,"href":"https:\/\/labestiapolitica.com.mx\/index.php?rest_route=%2Fwp%2Fv2%2Ftags&post=50298"}],"curies":[{"name":"wp","href":"https:\/\/api.w.org\/{rel}","templated":true}]}}