{"id":50301,"date":"2025-09-26T11:11:54","date_gmt":"2025-09-26T17:11:54","guid":{"rendered":"https:\/\/labestiapolitica.com.mx\/?p=50301"},"modified":"2025-09-26T11:11:54","modified_gmt":"2025-09-26T17:11:54","slug":"tlaxcala-capital-anuncia-temporada-especial-de-conciertos-del-coro-de-la-ciudad-por-los-500-anos-de-la-fundacion","status":"publish","type":"post","link":"https:\/\/labestiapolitica.com.mx\/?p=50301","title":{"rendered":"Tlaxcala Capital anuncia temporada especial de conciertos del Coro de la Ciudad por los 500 a\u00f1os de la fundaci\u00f3n"},"content":{"rendered":"<p style=\"text-align: justify;\" data-start=\"203\" data-end=\"536\">En el marco de la conmemoraci\u00f3n por los <strong data-start=\"243\" data-end=\"283\">500 a\u00f1os de la fundaci\u00f3n de Tlaxcala<\/strong>, el gobierno municipal que encabeza <strong data-start=\"320\" data-end=\"346\">Alfonso S\u00e1nchez Garc\u00eda<\/strong>, a trav\u00e9s de la Direcci\u00f3n de Cultura, present\u00f3 la temporada especial de conciertos del <strong data-start=\"434\" data-end=\"455\">Coro de la Ciudad<\/strong>, con presentaciones en distintos recintos de la capital y municipios aleda\u00f1os.<\/p>\n<p style=\"text-align: justify;\" data-start=\"538\" data-end=\"791\">El ciclo dar\u00e1 inicio el <strong data-start=\"562\" data-end=\"600\">29 de septiembre a las 17:00 horas<\/strong> en la iglesia de <strong data-start=\"618\" data-end=\"641\">San Miguel Xaltipan<\/strong>, en Contla de Juan Cuamatzi. El <strong data-start=\"674\" data-end=\"694\">30 de septiembre<\/strong>, a la misma hora, la agrupaci\u00f3n ofrecer\u00e1 su concierto en la iglesia de <strong data-start=\"766\" data-end=\"788\">San Diego, Metepec<\/strong>.<\/p>\n<p style=\"text-align: justify;\" data-start=\"793\" data-end=\"1091\">Posteriormente, el <strong data-start=\"812\" data-end=\"846\">1 de octubre a las 16:00 horas<\/strong>, el p\u00fablico podr\u00e1 disfrutar de su interpretaci\u00f3n en la sala de conciertos <em data-start=\"921\" data-end=\"939\">Estanislao Mej\u00eda<\/em> de Apizaquito, municipio de Apizaco; y el <strong data-start=\"982\" data-end=\"1016\">2 de octubre a las 17:00 horas<\/strong> la temporada continuar\u00e1 en el auditorio de la Delegaci\u00f3n <strong data-start=\"1074\" data-end=\"1088\">El Sabinal<\/strong>.<\/p>\n<p style=\"text-align: justify;\" data-start=\"1093\" data-end=\"1365\">Entre las presentaciones especiales destaca la del <strong data-start=\"1144\" data-end=\"1178\">6 de octubre a las 13:00 horas<\/strong>, donde el Coro de la Ciudad compartir\u00e1 escenario con el ensamble <strong data-start=\"1244\" data-end=\"1259\">Yoloxochitl<\/strong> durante la ceremonia de develaci\u00f3n de la placa conmemorativa de los 500 a\u00f1os en el Teatro Xicoht\u00e9ncatl.<\/p>\n<p style=\"text-align: justify;\" data-start=\"1367\" data-end=\"1525\">La temporada concluir\u00e1 el <strong data-start=\"1393\" data-end=\"1427\">8 de octubre a las 17:00 horas<\/strong> con la participaci\u00f3n del ensamble <strong data-start=\"1462\" data-end=\"1478\">Siinan K\u2019aay<\/strong>, en la iglesia de la Delegaci\u00f3n <strong data-start=\"1511\" data-end=\"1522\">La Joya<\/strong>.<\/p>\n<p style=\"text-align: justify;\" data-start=\"1527\" data-end=\"1752\">Con estas actividades, el Ayuntamiento de Tlaxcala reafirma su compromiso con el acceso a las expresiones art\u00edsticas y con el fortalecimiento de la identidad cultural del municipio en el marco de esta hist\u00f3rica celebraci\u00f3n.<\/p>\n","protected":false},"excerpt":{"rendered":"<p>En el marco de la conmemoraci\u00f3n por los 500 a\u00f1os de la fundaci\u00f3n de Tlaxcala, el gobierno municipal que encabeza Alfonso S\u00e1nchez Garc\u00eda, a trav\u00e9s de la Direcci\u00f3n de Cultura, present\u00f3 la temporada especial de conciertos del Coro de la Ciudad, con presentaciones en distintos recintos de la capital y municipios aleda\u00f1os. El ciclo dar\u00e1 [&hellip;]<\/p>\n","protected":false},"author":3,"featured_media":50302,"comment_status":"open","ping_status":"open","sticky":false,"template":"","format":"standard","meta":{"footnotes":""},"categories":[216,214],"tags":[],"class_list":["post-50301","post","type-post","status-publish","format-standard","has-post-thumbnail","hentry","category-municipios","category-tlaxcala-capital"],"amp_enabled":true,"_links":{"self":[{"href":"https:\/\/labestiapolitica.com.mx\/index.php?rest_route=\/wp\/v2\/posts\/50301","targetHints":{"allow":["GET"]}}],"collection":[{"href":"https:\/\/labestiapolitica.com.mx\/index.php?rest_route=\/wp\/v2\/posts"}],"about":[{"href":"https:\/\/labestiapolitica.com.mx\/index.php?rest_route=\/wp\/v2\/types\/post"}],"author":[{"embeddable":true,"href":"https:\/\/labestiapolitica.com.mx\/index.php?rest_route=\/wp\/v2\/users\/3"}],"replies":[{"embeddable":true,"href":"https:\/\/labestiapolitica.com.mx\/index.php?rest_route=%2Fwp%2Fv2%2Fcomments&post=50301"}],"version-history":[{"count":1,"href":"https:\/\/labestiapolitica.com.mx\/index.php?rest_route=\/wp\/v2\/posts\/50301\/revisions"}],"predecessor-version":[{"id":50303,"href":"https:\/\/labestiapolitica.com.mx\/index.php?rest_route=\/wp\/v2\/posts\/50301\/revisions\/50303"}],"wp:featuredmedia":[{"embeddable":true,"href":"https:\/\/labestiapolitica.com.mx\/index.php?rest_route=\/wp\/v2\/media\/50302"}],"wp:attachment":[{"href":"https:\/\/labestiapolitica.com.mx\/index.php?rest_route=%2Fwp%2Fv2%2Fmedia&parent=50301"}],"wp:term":[{"taxonomy":"category","embeddable":true,"href":"https:\/\/labestiapolitica.com.mx\/index.php?rest_route=%2Fwp%2Fv2%2Fcategories&post=50301"},{"taxonomy":"post_tag","embeddable":true,"href":"https:\/\/labestiapolitica.com.mx\/index.php?rest_route=%2Fwp%2Fv2%2Ftags&post=50301"}],"curies":[{"name":"wp","href":"https:\/\/api.w.org\/{rel}","templated":true}]}}