{"id":50307,"date":"2025-09-26T11:29:04","date_gmt":"2025-09-26T17:29:04","guid":{"rendered":"https:\/\/labestiapolitica.com.mx\/?p=50307"},"modified":"2025-09-26T11:29:04","modified_gmt":"2025-09-26T17:29:04","slug":"ayuntamiento-de-tlaxcala-realiza-arrio-de-bandera-en-conmemoracion-del-215-aniversario-de-la-independencia-de-mexico","status":"publish","type":"post","link":"https:\/\/labestiapolitica.com.mx\/?p=50307","title":{"rendered":"Ayuntamiento de Tlaxcala realiza arr\u00edo de bandera en conmemoraci\u00f3n del 215 aniversario de la Independencia de M\u00e9xico"},"content":{"rendered":"<p style=\"text-align: justify;\" data-start=\"207\" data-end=\"436\">El Ayuntamiento de Tlaxcala llev\u00f3 a cabo la tarde de este jueves el <strong data-start=\"275\" data-end=\"326\">arr\u00edo de bandera en la Plaza de la Constituci\u00f3n<\/strong>, como parte de las actividades c\u00edvicas por el <strong data-start=\"373\" data-end=\"433\">215 aniversario del inicio de la Independencia de M\u00e9xico<\/strong>.<\/p>\n<p style=\"text-align: justify;\" data-start=\"438\" data-end=\"687\">La ceremonia fue presidida por la s\u00edndica municipal, <strong data-start=\"491\" data-end=\"519\">Ivonne Hern\u00e1ndez Blancas<\/strong>, en representaci\u00f3n del alcalde <strong data-start=\"551\" data-end=\"577\">Alfonso S\u00e1nchez Garc\u00eda<\/strong>, y cont\u00f3 con la presencia de autoridades municipales, trabajadores y ciudadan\u00eda que se sum\u00f3 al acto c\u00edvico.<\/p>\n<p style=\"text-align: justify;\" data-start=\"689\" data-end=\"957\">En su mensaje, Hern\u00e1ndez Blancas subray\u00f3 que este mes patrio adquiere mayor relevancia al coincidir con la conmemoraci\u00f3n de los <strong data-start=\"817\" data-end=\"866\">500 a\u00f1os de la fundaci\u00f3n de la ciudad capital<\/strong>, medio milenio que recuerda el papel trascendental de Tlaxcala en la historia de M\u00e9xico.<\/p>\n<p style=\"text-align: justify;\" data-start=\"959\" data-end=\"1275\"><em data-start=\"959\" data-end=\"1242\">\u201cLa patria se honra en lo cotidiano, en el trabajo bien hecho, en la educaci\u00f3n, en el servicio p\u00fablico responsable y en el impulso a la justicia social, principios que reflejan el esp\u00edritu de la cuarta transformaci\u00f3n que vive el pa\u00eds y que desde Tlaxcala se fortalecen con orgullo\u201d<\/em>, expres\u00f3 la s\u00edndica municipal.<\/p>\n<p style=\"text-align: justify;\" data-start=\"1277\" data-end=\"1518\">El evento, organizado por la <strong data-start=\"1306\" data-end=\"1352\">Secretar\u00eda de Educaci\u00f3n P\u00fablica del Estado<\/strong>, reuni\u00f3 a funcionarios municipales encabezados por el secretario del Ayuntamiento, <strong data-start=\"1436\" data-end=\"1469\">V\u00edctor Hugo Guti\u00e9rrez Morales<\/strong>, directores de \u00e1rea y personal administrativo.<\/p>\n<p style=\"text-align: justify;\" data-start=\"1520\" data-end=\"1792\">En representaci\u00f3n del Poder Ejecutivo estatal acudi\u00f3 el director del Deporte, <strong data-start=\"1598\" data-end=\"1626\">Daniel Moncayo Cervantes<\/strong>, quien reafirm\u00f3 junto a las autoridades municipales la importancia de mantener vivas las tradiciones c\u00edvicas que dan identidad y unidad a la comunidad tlaxcalteca.<\/p>\n","protected":false},"excerpt":{"rendered":"<p>El Ayuntamiento de Tlaxcala llev\u00f3 a cabo la tarde de este jueves el arr\u00edo de bandera en la Plaza de la Constituci\u00f3n, como parte de las actividades c\u00edvicas por el 215 aniversario del inicio de la Independencia de M\u00e9xico. La ceremonia fue presidida por la s\u00edndica municipal, Ivonne Hern\u00e1ndez Blancas, en representaci\u00f3n del alcalde Alfonso [&hellip;]<\/p>\n","protected":false},"author":3,"featured_media":50308,"comment_status":"open","ping_status":"open","sticky":false,"template":"","format":"standard","meta":{"footnotes":""},"categories":[216,214],"tags":[],"class_list":["post-50307","post","type-post","status-publish","format-standard","has-post-thumbnail","hentry","category-municipios","category-tlaxcala-capital"],"amp_enabled":true,"_links":{"self":[{"href":"https:\/\/labestiapolitica.com.mx\/index.php?rest_route=\/wp\/v2\/posts\/50307","targetHints":{"allow":["GET"]}}],"collection":[{"href":"https:\/\/labestiapolitica.com.mx\/index.php?rest_route=\/wp\/v2\/posts"}],"about":[{"href":"https:\/\/labestiapolitica.com.mx\/index.php?rest_route=\/wp\/v2\/types\/post"}],"author":[{"embeddable":true,"href":"https:\/\/labestiapolitica.com.mx\/index.php?rest_route=\/wp\/v2\/users\/3"}],"replies":[{"embeddable":true,"href":"https:\/\/labestiapolitica.com.mx\/index.php?rest_route=%2Fwp%2Fv2%2Fcomments&post=50307"}],"version-history":[{"count":1,"href":"https:\/\/labestiapolitica.com.mx\/index.php?rest_route=\/wp\/v2\/posts\/50307\/revisions"}],"predecessor-version":[{"id":50309,"href":"https:\/\/labestiapolitica.com.mx\/index.php?rest_route=\/wp\/v2\/posts\/50307\/revisions\/50309"}],"wp:featuredmedia":[{"embeddable":true,"href":"https:\/\/labestiapolitica.com.mx\/index.php?rest_route=\/wp\/v2\/media\/50308"}],"wp:attachment":[{"href":"https:\/\/labestiapolitica.com.mx\/index.php?rest_route=%2Fwp%2Fv2%2Fmedia&parent=50307"}],"wp:term":[{"taxonomy":"category","embeddable":true,"href":"https:\/\/labestiapolitica.com.mx\/index.php?rest_route=%2Fwp%2Fv2%2Fcategories&post=50307"},{"taxonomy":"post_tag","embeddable":true,"href":"https:\/\/labestiapolitica.com.mx\/index.php?rest_route=%2Fwp%2Fv2%2Ftags&post=50307"}],"curies":[{"name":"wp","href":"https:\/\/api.w.org\/{rel}","templated":true}]}}