{"id":50310,"date":"2025-09-26T11:59:37","date_gmt":"2025-09-26T17:59:37","guid":{"rendered":"https:\/\/labestiapolitica.com.mx\/?p=50310"},"modified":"2025-09-26T11:59:37","modified_gmt":"2025-09-26T17:59:37","slug":"tlaltelulco-conmemora-el-dia-nacional-de-la-prevencion-del-embarazo-en-adolescentes-con-platica-taller-en-telesecundaria","status":"publish","type":"post","link":"https:\/\/labestiapolitica.com.mx\/?p=50310","title":{"rendered":"Tlaltelulco conmemora el D\u00eda Nacional de la Prevenci\u00f3n del Embarazo en Adolescentes con pl\u00e1tica-taller en telesecundaria"},"content":{"rendered":"<p style=\"text-align: justify;\" data-start=\"219\" data-end=\"546\">En el marco de la conmemoraci\u00f3n del <strong data-start=\"255\" data-end=\"357\">D\u00eda Nacional de la Prevenci\u00f3n del Embarazo en Adolescentes y la Erradicaci\u00f3n del Embarazo Infantil<\/strong>, el Gobierno Municipal de <strong data-start=\"384\" data-end=\"412\">La Magdalena Tlaltelulco<\/strong>, encabezado por la presidenta <strong data-start=\"443\" data-end=\"467\">Roc\u00edo Mel\u00e9ndez Pluma<\/strong>, llev\u00f3 a cabo la pl\u00e1tica-taller <em data-start=\"500\" data-end=\"543\">\u201cPrevenci\u00f3n del Embarazo en Adolescentes\u201d<\/em>.<\/p>\n<p style=\"text-align: justify;\" data-start=\"548\" data-end=\"915\">La actividad se realiz\u00f3 en la <strong data-start=\"578\" data-end=\"613\">Telesecundaria 15 de Septiembre<\/strong> y estuvo dirigida por la <strong data-start=\"639\" data-end=\"707\">Red de los Derechos Sexuales y Reproductivos en M\u00e9xico, Tlaxcala<\/strong>, con el prop\u00f3sito de generar conciencia entre las y los j\u00f3venes sobre la importancia de la educaci\u00f3n sexual integral, la toma de decisiones responsables y la prevenci\u00f3n de riesgos en esta etapa de su vida.<\/p>\n<p style=\"text-align: justify;\" data-start=\"917\" data-end=\"1144\">La Direcci\u00f3n de Atenci\u00f3n a la Mujer coordin\u00f3 este encuentro, reafirmando el compromiso del Ayuntamiento de Tlaltelulco con la salud y bienestar de la juventud, as\u00ed como con la promoci\u00f3n de una vida plena y libre de violencia.<\/p>\n","protected":false},"excerpt":{"rendered":"<p>En el marco de la conmemoraci\u00f3n del D\u00eda Nacional de la Prevenci\u00f3n del Embarazo en Adolescentes y la Erradicaci\u00f3n del Embarazo Infantil, el Gobierno Municipal de La Magdalena Tlaltelulco, encabezado por la presidenta Roc\u00edo Mel\u00e9ndez Pluma, llev\u00f3 a cabo la pl\u00e1tica-taller \u201cPrevenci\u00f3n del Embarazo en Adolescentes\u201d. La actividad se realiz\u00f3 en la Telesecundaria 15 de [&hellip;]<\/p>\n","protected":false},"author":3,"featured_media":50311,"comment_status":"open","ping_status":"open","sticky":false,"template":"","format":"standard","meta":{"footnotes":""},"categories":[218,216],"tags":[],"class_list":["post-50310","post","type-post","status-publish","format-standard","has-post-thumbnail","hentry","category-la-magdalena-tlaltelulco","category-municipios"],"amp_enabled":true,"_links":{"self":[{"href":"https:\/\/labestiapolitica.com.mx\/index.php?rest_route=\/wp\/v2\/posts\/50310","targetHints":{"allow":["GET"]}}],"collection":[{"href":"https:\/\/labestiapolitica.com.mx\/index.php?rest_route=\/wp\/v2\/posts"}],"about":[{"href":"https:\/\/labestiapolitica.com.mx\/index.php?rest_route=\/wp\/v2\/types\/post"}],"author":[{"embeddable":true,"href":"https:\/\/labestiapolitica.com.mx\/index.php?rest_route=\/wp\/v2\/users\/3"}],"replies":[{"embeddable":true,"href":"https:\/\/labestiapolitica.com.mx\/index.php?rest_route=%2Fwp%2Fv2%2Fcomments&post=50310"}],"version-history":[{"count":1,"href":"https:\/\/labestiapolitica.com.mx\/index.php?rest_route=\/wp\/v2\/posts\/50310\/revisions"}],"predecessor-version":[{"id":50312,"href":"https:\/\/labestiapolitica.com.mx\/index.php?rest_route=\/wp\/v2\/posts\/50310\/revisions\/50312"}],"wp:featuredmedia":[{"embeddable":true,"href":"https:\/\/labestiapolitica.com.mx\/index.php?rest_route=\/wp\/v2\/media\/50311"}],"wp:attachment":[{"href":"https:\/\/labestiapolitica.com.mx\/index.php?rest_route=%2Fwp%2Fv2%2Fmedia&parent=50310"}],"wp:term":[{"taxonomy":"category","embeddable":true,"href":"https:\/\/labestiapolitica.com.mx\/index.php?rest_route=%2Fwp%2Fv2%2Fcategories&post=50310"},{"taxonomy":"post_tag","embeddable":true,"href":"https:\/\/labestiapolitica.com.mx\/index.php?rest_route=%2Fwp%2Fv2%2Ftags&post=50310"}],"curies":[{"name":"wp","href":"https:\/\/api.w.org\/{rel}","templated":true}]}}