{"id":50363,"date":"2025-09-26T16:07:00","date_gmt":"2025-09-26T22:07:00","guid":{"rendered":"https:\/\/labestiapolitica.com.mx\/?p=50363"},"modified":"2025-09-26T16:07:00","modified_gmt":"2025-09-26T22:07:00","slug":"fcea-uatx-inaugura-laboratorio-de-preparacion-de-alimentos-para-fortalecer-la-formacion-de-estudiantes-de-turismo-internacional","status":"publish","type":"post","link":"https:\/\/labestiapolitica.com.mx\/?p=50363","title":{"rendered":"FCEA-UATx inaugura Laboratorio de Preparaci\u00f3n de Alimentos para fortalecer la formaci\u00f3n de estudiantes de Turismo Internacional."},"content":{"rendered":"<ul>\n<li style=\"font-weight: 400; text-align: justify;\">Espacio creativo, t\u00e9cnico y humano, donde experimentar\u00e1n con ingredientes, sabores, ideas, historias y memorias<\/li>\n<\/ul>\n<p style=\"font-weight: 400; text-align: justify;\">Con la inauguraci\u00f3n del Laboratorio de Preparaci\u00f3n de Alimentos y Servicios Culinarios, ubicado en el Edificio D del\u00a0<em>campus<\/em>\u00a0Amaxac de Guerrero, la Facultad de Ciencias Econ\u00f3mico Administrativas de la Universidad Aut\u00f3noma de Tlaxcala (FCEA-UATx), reafirma su compromiso por formar a profesionales competitivos y comprometidos con su identidad bajo el Modelo Humanista Integrador basado en Capacidades, asegur\u00f3 la Doctora Gloria Ram\u00edrez El\u00edas, Secretar\u00eda de Autorrealizaci\u00f3n, quien asisti\u00f3 con la representaci\u00f3n del Doctor Seraf\u00edn Ortiz Ortiz, Rector de la UATx.<\/p>\n<p style=\"font-weight: 400; text-align: justify;\">Como invitados especiales acudieron los exrectores de la UATx, Contador P\u00fablico H\u00e9ctor V\u00e1zquez Galicia y Doctor V\u00edctor Job Paredes Cuahquentzi, adem\u00e1s, el Licenciado Carlos Luna V\u00e1zquez, Delegado de Bienestar en Tlaxcala, empresarios de la entidad, exdirectores de la FCEA, autoridades municipales, comunidad estudiantil, docente y estructura directiva de la Facultad.<\/p>\n<p style=\"font-weight: 400; text-align: justify;\">En el marco de la conmemoraci\u00f3n del \u201cD\u00eda Internacional del Turismo\u201d,\u00a0la Doctora Gloria Ram\u00edrez subray\u00f3\u00a0 que estos espacios ser\u00e1n centros de aprendizaje, creatividad y de excelencia, los cuales permitir\u00e1n que los educandos de la Licenciatura en Turismo Internacional consoliden la formaci\u00f3n de los futuros profesionales de dicho programa educativo.<\/p>\n<p style=\"font-weight: 400; text-align: justify;\">Por su parte, el Doctor Mario Franz Subieta Zecua, Director de la FCEA, expuso que la puesta en marcha de los laboratorios materializan un sue\u00f1o compartido y un proyecto colectivo que ser\u00e1 s\u00edmbolo de identidad y de uni\u00f3n, reflejando la grandeza de esta comunidad. Precis\u00f3 que gracias al apoyo solidario de diferentes actores comprometidos fortalecen la educaci\u00f3n de los estudiantes, con liderazgo, visi\u00f3n y compromiso.<\/p>\n<p style=\"font-weight: 400; text-align: justify;\">En su momento, la Maestra Silvia Aboytes Perete y educandos de la Licenciatura en Turismo Internacional hicieron una semblanza en franc\u00e9s e ingl\u00e9s con motivo del D\u00eda Internacional del Turismo, que en 2025 tiene como lema \u201cTurismo y transformaci\u00f3n sostenible\u201d y tiene como objetivo fomentar el desarrollo en turismo y concientizar a la comunidad sobre el impacto social, cultural y ambiental en el mundo.<\/p>\n<p style=\"font-weight: 400; text-align: justify;\">A su vez, el Licenciado Pedro Hern\u00e1ndez Castillo, Docente de Turismo Internacional, precis\u00f3 que estos laboratorios nacen por la necesidad de ense\u00f1ar y preparar a la comunidad estudiantil inspirados en el concepto de Anthony Bourdain, quien consideraba que cada plato tiene una ra\u00edz, cada sabor un contexto y cada comida es una forma poderosa de entender al otro. Con tal referencia, este espacio ser\u00e1 creativo, t\u00e9cnico y humano, donde podr\u00e1n experimentar con ingredientes, t\u00e9cnicas, sabores, ideas, historias y memorias.<\/p>\n<p style=\"font-weight: 400; text-align: justify;\">Por otra parte, Netzanit Morales Ipatzi, Consejera Alumna Universitaria, agradeci\u00f3 a las autoridades de la Aut\u00f3noma de Tlaxcala la visi\u00f3n y compromiso para hacer posible contar\u00a0 con instalaciones de calidad que contribuyan en su aprendizaje y en la realizaci\u00f3n de proyectos de la praxis profesional en espacios dise\u00f1ados para su desarrollo acad\u00e9mico, por lo cual, su compromiso es aprovechar las herramientas y pr\u00e1cticas en virtud que este lugar representa una nueva puerta al conocimiento.<\/p>\n<p>&nbsp;<\/p>\n<p><img loading=\"lazy\" decoding=\"async\" class=\"alignnone size-full wp-image-28405\" src=\"https:\/\/labestiapolitica.com.mx\/wp-content\/uploads\/2024\/06\/U-NOVA-y-se-diferente.png\" alt=\"\" width=\"1000\" height=\"600\" srcset=\"https:\/\/labestiapolitica.com.mx\/wp-content\/uploads\/2024\/06\/U-NOVA-y-se-diferente.png 1000w, https:\/\/labestiapolitica.com.mx\/wp-content\/uploads\/2024\/06\/U-NOVA-y-se-diferente-300x180.png 300w, https:\/\/labestiapolitica.com.mx\/wp-content\/uploads\/2024\/06\/U-NOVA-y-se-diferente-768x461.png 768w\" sizes=\"auto, (max-width: 1000px) 100vw, 1000px\" \/><\/p>\n","protected":false},"excerpt":{"rendered":"<p>Espacio creativo, t\u00e9cnico y humano, donde experimentar\u00e1n con ingredientes, sabores, ideas, historias y memorias Con la inauguraci\u00f3n del Laboratorio de Preparaci\u00f3n de Alimentos y Servicios Culinarios, ubicado en el Edificio D del\u00a0campus\u00a0Amaxac de Guerrero, la Facultad de Ciencias Econ\u00f3mico Administrativas de la Universidad Aut\u00f3noma de Tlaxcala (FCEA-UATx), reafirma su compromiso por formar a profesionales competitivos [&hellip;]<\/p>\n","protected":false},"author":3,"featured_media":50365,"comment_status":"open","ping_status":"open","sticky":false,"template":"","format":"standard","meta":{"footnotes":""},"categories":[7,213,241],"tags":[],"class_list":["post-50363","post","type-post","status-publish","format-standard","has-post-thumbnail","hentry","category-ciudadanos","category-educacion","category-uatx"],"amp_enabled":true,"_links":{"self":[{"href":"https:\/\/labestiapolitica.com.mx\/index.php?rest_route=\/wp\/v2\/posts\/50363","targetHints":{"allow":["GET"]}}],"collection":[{"href":"https:\/\/labestiapolitica.com.mx\/index.php?rest_route=\/wp\/v2\/posts"}],"about":[{"href":"https:\/\/labestiapolitica.com.mx\/index.php?rest_route=\/wp\/v2\/types\/post"}],"author":[{"embeddable":true,"href":"https:\/\/labestiapolitica.com.mx\/index.php?rest_route=\/wp\/v2\/users\/3"}],"replies":[{"embeddable":true,"href":"https:\/\/labestiapolitica.com.mx\/index.php?rest_route=%2Fwp%2Fv2%2Fcomments&post=50363"}],"version-history":[{"count":1,"href":"https:\/\/labestiapolitica.com.mx\/index.php?rest_route=\/wp\/v2\/posts\/50363\/revisions"}],"predecessor-version":[{"id":50366,"href":"https:\/\/labestiapolitica.com.mx\/index.php?rest_route=\/wp\/v2\/posts\/50363\/revisions\/50366"}],"wp:featuredmedia":[{"embeddable":true,"href":"https:\/\/labestiapolitica.com.mx\/index.php?rest_route=\/wp\/v2\/media\/50365"}],"wp:attachment":[{"href":"https:\/\/labestiapolitica.com.mx\/index.php?rest_route=%2Fwp%2Fv2%2Fmedia&parent=50363"}],"wp:term":[{"taxonomy":"category","embeddable":true,"href":"https:\/\/labestiapolitica.com.mx\/index.php?rest_route=%2Fwp%2Fv2%2Fcategories&post=50363"},{"taxonomy":"post_tag","embeddable":true,"href":"https:\/\/labestiapolitica.com.mx\/index.php?rest_route=%2Fwp%2Fv2%2Ftags&post=50363"}],"curies":[{"name":"wp","href":"https:\/\/api.w.org\/{rel}","templated":true}]}}