{"id":50370,"date":"2025-09-26T16:32:06","date_gmt":"2025-09-26T22:32:06","guid":{"rendered":"https:\/\/labestiapolitica.com.mx\/?p=50370"},"modified":"2025-09-26T16:32:06","modified_gmt":"2025-09-26T22:32:06","slug":"gobierno-municipal-y-smdif-promueven-espacios-para-adultos-mayores","status":"publish","type":"post","link":"https:\/\/labestiapolitica.com.mx\/?p=50370","title":{"rendered":"Gobierno Municipal y SMDIF promueven espacios para adultos mayores."},"content":{"rendered":"<p style=\"text-align: justify;\">Las pol\u00edticas p\u00fablicas impulsadas por el Presidente Municipal: Benjam\u00edn Atonal Conde, est\u00e1n dise\u00f1adas para atender a todos los sectores de la poblaci\u00f3n, con un \ud835\uddf2\ud835\uddfb\ud835\uddf3\ud835\uddfc\ud835\uddfe\ud835\ude02\ud835\uddf2 \ud835\uddf5\ud835\ude02\ud835\uddfa\ud835\uddee\ud835\uddfb\ud835\uddf6\ud835\ude00\ud835\ude01\ud835\uddee \ud835\ude06 \ud835\ude00\ud835\uddf2\ud835\uddfb\ud835\ude00\ud835\uddf6\ud835\uddef\ud835\uddf9\ud835\uddf2.<\/p>\n<p style=\"text-align: justify;\">En este sentido, la Presidenta Honor\u00edfica del DIF Municipal Totolac: Mtra.: \ud835\uddd4\ud835\uddf1\ud835\uddff\ud835\uddf6\ud835\uddee\ud835\uddfb\ud835\uddee \ud835\uddd4\ud835\ude01\ud835\uddfc\ud835\uddfb\ud835\uddee\ud835\uddf9 \ud835\uddda\ud835\uddfc\ud835\uddfb\ud835\ude07\u00e1\ud835\uddf9\ud835\uddf2\ud835\ude07 y el Director: Mtro.: \ud835\uddd6\ud835\uddf5\ud835\uddff\ud835\uddf6\ud835\ude00\ud835\ude01\ud835\uddf6\ud835\uddee\ud835\uddfb \ud835\uddd5\ud835\uddff\ud835\uddf6\ud835\uddfc\ud835\uddfb\ud835\uddf2\ud835\ude00 \ud835\udde0\ud835\uddf6\ud835\uddfb\ud835\uddfc\ud835\uddff, han logrado organizar una serie de actividades pensadas en la atenci\u00f3n oportuno a las y los adultos mayores, por lo que el d\u00eda de ayer, tuvieron la oportunidad de \ud835\ude03\ud835\uddf6\ud835\ude00\ud835\uddf6\ud835\ude01\ud835\uddee\ud835\uddff \ud835\uddf2\ud835\uddf9 \ud835\udddd\ud835\uddee\ud835\uddff\ud835\uddf1\u00ed\ud835\uddfb \ud835\uddd5\ud835\uddfc\ud835\ude01\u00e1\ud835\uddfb\ud835\uddf6\ud835\uddf0\ud835\uddfc \ud835\ude02\ud835\uddef\ud835\uddf6\ud835\uddf0\ud835\uddee\ud835\uddf1\ud835\uddfc \ud835\uddf2\ud835\uddfb \ud835\udde7\ud835\uddf6\ud835\ude07\ud835\uddee\ud835\ude01\ud835\uddf9\u00e1\ud835\uddfb \ud835\ude06 \ud835\uddf1\ud835\uddf6\ud835\ude00\ud835\uddf3\ud835\uddff\ud835\ude02\ud835\ude01\ud835\uddee\ud835\uddff \ud835\uddf1\ud835\uddf2 \ud835\ude02\ud835\uddfb\ud835\uddee \ud835\uddf3\ud835\ude02\ud835\uddfb\ud835\uddf0\ud835\uddf6\u00f3\ud835\uddfb \ud835\uddf1\ud835\uddf2 \ud835\uddf0\ud835\uddf6\ud835\uddfb\ud835\uddf2 \ud835\uddf0\ud835\uddfc\ud835\uddfa\ud835\uddfd\ud835\uddf9\ud835\uddf2\ud835\ude01\ud835\uddee\ud835\uddfa\ud835\uddf2\ud835\uddfb\ud835\ude01\ud835\uddf2 \ud835\uddf4\ud835\uddff\ud835\uddee\ud835\ude01\ud835\ude02\ud835\uddf6\ud835\ude01\ud835\uddee, en la Sala de Arte del Coracyt Noticias, entre pl\u00e1tica y risas, Atonal Conde convivi\u00f3 con las y los asistentes.<\/p>\n<p style=\"text-align: justify;\">Dichas acciones buscan \ud835\uddfa\ud835\uddf2\ud835\uddf7\ud835\uddfc\ud835\uddff\ud835\uddee\ud835\uddff \ud835\uddf9\ud835\uddee \ud835\uddf2\ud835\ude00\ud835\ude01\ud835\uddf6\ud835\uddfa\ud835\ude02\ud835\uddf9\ud835\uddee\ud835\uddf0\ud835\uddf6\u00f3\ud835\uddfb \ud835\uddf0\ud835\uddfc\ud835\uddf4\ud835\uddfb\ud835\uddf6\ud835\ude01\ud835\uddf6\ud835\ude03\ud835\uddee \ud835\ude06 \ud835\uddf2\ud835\uddfa\ud835\uddfc\ud835\uddf0\ud835\uddf6\ud835\uddfc\ud835\uddfb\ud835\uddee\ud835\uddf9, \ud835\uddfa\ud835\uddf2\ud835\uddf7\ud835\uddfc\ud835\uddff\ud835\uddee\ud835\uddff \ud835\ude00\ud835\ude02 \ud835\uddf2\ud835\ude00\ud835\ude01\ud835\uddee\ud835\uddf1\ud835\uddfc \ud835\uddf1\ud835\uddf2 \u00e1\ud835\uddfb\ud835\uddf6\ud835\uddfa\ud835\uddfc y fomentar la risa, as\u00ed como fortalecer sus v\u00ednculos sociales al compartir una actividad con otros.<\/p>\n<p>&nbsp;<\/p>\n<p><img loading=\"lazy\" decoding=\"async\" class=\"alignnone size-full wp-image-28405\" src=\"https:\/\/labestiapolitica.com.mx\/wp-content\/uploads\/2024\/06\/U-NOVA-y-se-diferente.png\" alt=\"\" width=\"1000\" height=\"600\" srcset=\"https:\/\/labestiapolitica.com.mx\/wp-content\/uploads\/2024\/06\/U-NOVA-y-se-diferente.png 1000w, https:\/\/labestiapolitica.com.mx\/wp-content\/uploads\/2024\/06\/U-NOVA-y-se-diferente-300x180.png 300w, https:\/\/labestiapolitica.com.mx\/wp-content\/uploads\/2024\/06\/U-NOVA-y-se-diferente-768x461.png 768w\" sizes=\"auto, (max-width: 1000px) 100vw, 1000px\" \/><\/p>\n","protected":false},"excerpt":{"rendered":"<p>Las pol\u00edticas p\u00fablicas impulsadas por el Presidente Municipal: Benjam\u00edn Atonal Conde, est\u00e1n dise\u00f1adas para atender a todos los sectores de la poblaci\u00f3n, con un \ud835\uddf2\ud835\uddfb\ud835\uddf3\ud835\uddfc\ud835\uddfe\ud835\ude02\ud835\uddf2 \ud835\uddf5\ud835\ude02\ud835\uddfa\ud835\uddee\ud835\uddfb\ud835\uddf6\ud835\ude00\ud835\ude01\ud835\uddee \ud835\ude06 \ud835\ude00\ud835\uddf2\ud835\uddfb\ud835\ude00\ud835\uddf6\ud835\uddef\ud835\uddf9\ud835\uddf2. En este sentido, la Presidenta Honor\u00edfica del DIF Municipal Totolac: Mtra.: \ud835\uddd4\ud835\uddf1\ud835\uddff\ud835\uddf6\ud835\uddee\ud835\uddfb\ud835\uddee \ud835\uddd4\ud835\ude01\ud835\uddfc\ud835\uddfb\ud835\uddee\ud835\uddf9 \ud835\uddda\ud835\uddfc\ud835\uddfb\ud835\ude07\u00e1\ud835\uddf9\ud835\uddf2\ud835\ude07 y el Director: Mtro.: \ud835\uddd6\ud835\uddf5\ud835\uddff\ud835\uddf6\ud835\ude00\ud835\ude01\ud835\uddf6\ud835\uddee\ud835\uddfb \ud835\uddd5\ud835\uddff\ud835\uddf6\ud835\uddfc\ud835\uddfb\ud835\uddf2\ud835\ude00 \ud835\udde0\ud835\uddf6\ud835\uddfb\ud835\uddfc\ud835\uddff, han logrado organizar una serie de [&hellip;]<\/p>\n","protected":false},"author":3,"featured_media":50371,"comment_status":"open","ping_status":"open","sticky":false,"template":"","format":"standard","meta":{"footnotes":""},"categories":[7,216,225],"tags":[],"class_list":["post-50370","post","type-post","status-publish","format-standard","has-post-thumbnail","hentry","category-ciudadanos","category-municipios","category-totolac"],"amp_enabled":true,"_links":{"self":[{"href":"https:\/\/labestiapolitica.com.mx\/index.php?rest_route=\/wp\/v2\/posts\/50370","targetHints":{"allow":["GET"]}}],"collection":[{"href":"https:\/\/labestiapolitica.com.mx\/index.php?rest_route=\/wp\/v2\/posts"}],"about":[{"href":"https:\/\/labestiapolitica.com.mx\/index.php?rest_route=\/wp\/v2\/types\/post"}],"author":[{"embeddable":true,"href":"https:\/\/labestiapolitica.com.mx\/index.php?rest_route=\/wp\/v2\/users\/3"}],"replies":[{"embeddable":true,"href":"https:\/\/labestiapolitica.com.mx\/index.php?rest_route=%2Fwp%2Fv2%2Fcomments&post=50370"}],"version-history":[{"count":1,"href":"https:\/\/labestiapolitica.com.mx\/index.php?rest_route=\/wp\/v2\/posts\/50370\/revisions"}],"predecessor-version":[{"id":50372,"href":"https:\/\/labestiapolitica.com.mx\/index.php?rest_route=\/wp\/v2\/posts\/50370\/revisions\/50372"}],"wp:featuredmedia":[{"embeddable":true,"href":"https:\/\/labestiapolitica.com.mx\/index.php?rest_route=\/wp\/v2\/media\/50371"}],"wp:attachment":[{"href":"https:\/\/labestiapolitica.com.mx\/index.php?rest_route=%2Fwp%2Fv2%2Fmedia&parent=50370"}],"wp:term":[{"taxonomy":"category","embeddable":true,"href":"https:\/\/labestiapolitica.com.mx\/index.php?rest_route=%2Fwp%2Fv2%2Fcategories&post=50370"},{"taxonomy":"post_tag","embeddable":true,"href":"https:\/\/labestiapolitica.com.mx\/index.php?rest_route=%2Fwp%2Fv2%2Ftags&post=50370"}],"curies":[{"name":"wp","href":"https:\/\/api.w.org\/{rel}","templated":true}]}}