{"id":50486,"date":"2025-09-29T21:02:57","date_gmt":"2025-09-30T03:02:57","guid":{"rendered":"https:\/\/labestiapolitica.com.mx\/?p=50486"},"modified":"2025-09-29T21:02:57","modified_gmt":"2025-09-30T03:02:57","slug":"gobierno-municipal-de-tlaxcala-atiende-vialidades-en-la-loma-xicohtencatl-con-labores-de-bacheo","status":"publish","type":"post","link":"https:\/\/labestiapolitica.com.mx\/?p=50486","title":{"rendered":"Gobierno Municipal de Tlaxcala atiende vialidades en La Loma Xicoht\u00e9ncatl con labores de bacheo."},"content":{"rendered":"<p style=\"text-align: justify;\">Sin detener el ritmo, el Ayuntamiento de Tlaxcala, presidido por Alfonso S\u00e1nchez Garc\u00eda, contin\u00faa el programa permanente de bacheo que se ejecuta en las diferentes comunidades y delegaciones de la capital, y que en esta ocasi\u00f3n lleg\u00f3 a la calle 35 de la Loma Xicoht\u00e9ncatl para beneficio de las familias, transe\u00fantes y conductores.<\/p>\n<p style=\"text-align: justify;\">De esta forma, las brigadas a cargo de la Direcci\u00f3n de Obras P\u00fablicas y Desarrollo Urbano respondieron a la solicitud de los vecinos de la calle 35 y generaron las condiciones para hacer m\u00e1s segura esta vialidad.<\/p>\n<p style=\"text-align: justify;\">Por instrucciones del alcalde, el programa de bacheo continuar\u00e1 activo de forma permanente y llegar\u00e1 a otras zonas de la capital que m\u00e1s lo requieran, con el prop\u00f3sito de dar respuesta oportuna a las necesidades tanto de automovilistas como de transe\u00fantes, a fin de contribuir as\u00ed a la seguridad y a la movilidad en la capital.<\/p>\n<p style=\"text-align: justify;\">Con estas acciones, el Gobierno Municipal consolida avances en el fortalecimiento de los servicios b\u00e1sicos para mejorar la calidad de vida de las y los habitantes de Tlaxcala.<\/p>\n<p>&nbsp;<\/p>\n<p><img loading=\"lazy\" decoding=\"async\" class=\"alignnone size-full wp-image-28405\" src=\"https:\/\/labestiapolitica.com.mx\/wp-content\/uploads\/2024\/06\/U-NOVA-y-se-diferente.png\" alt=\"\" width=\"1000\" height=\"600\" srcset=\"https:\/\/labestiapolitica.com.mx\/wp-content\/uploads\/2024\/06\/U-NOVA-y-se-diferente.png 1000w, https:\/\/labestiapolitica.com.mx\/wp-content\/uploads\/2024\/06\/U-NOVA-y-se-diferente-300x180.png 300w, https:\/\/labestiapolitica.com.mx\/wp-content\/uploads\/2024\/06\/U-NOVA-y-se-diferente-768x461.png 768w\" sizes=\"auto, (max-width: 1000px) 100vw, 1000px\" \/><\/p>\n","protected":false},"excerpt":{"rendered":"<p>Sin detener el ritmo, el Ayuntamiento de Tlaxcala, presidido por Alfonso S\u00e1nchez Garc\u00eda, contin\u00faa el programa permanente de bacheo que se ejecuta en las diferentes comunidades y delegaciones de la capital, y que en esta ocasi\u00f3n lleg\u00f3 a la calle 35 de la Loma Xicoht\u00e9ncatl para beneficio de las familias, transe\u00fantes y conductores. De esta [&hellip;]<\/p>\n","protected":false},"author":3,"featured_media":50487,"comment_status":"open","ping_status":"open","sticky":false,"template":"","format":"standard","meta":{"footnotes":""},"categories":[7,216,214],"tags":[],"class_list":["post-50486","post","type-post","status-publish","format-standard","has-post-thumbnail","hentry","category-ciudadanos","category-municipios","category-tlaxcala-capital"],"amp_enabled":true,"_links":{"self":[{"href":"https:\/\/labestiapolitica.com.mx\/index.php?rest_route=\/wp\/v2\/posts\/50486","targetHints":{"allow":["GET"]}}],"collection":[{"href":"https:\/\/labestiapolitica.com.mx\/index.php?rest_route=\/wp\/v2\/posts"}],"about":[{"href":"https:\/\/labestiapolitica.com.mx\/index.php?rest_route=\/wp\/v2\/types\/post"}],"author":[{"embeddable":true,"href":"https:\/\/labestiapolitica.com.mx\/index.php?rest_route=\/wp\/v2\/users\/3"}],"replies":[{"embeddable":true,"href":"https:\/\/labestiapolitica.com.mx\/index.php?rest_route=%2Fwp%2Fv2%2Fcomments&post=50486"}],"version-history":[{"count":1,"href":"https:\/\/labestiapolitica.com.mx\/index.php?rest_route=\/wp\/v2\/posts\/50486\/revisions"}],"predecessor-version":[{"id":50488,"href":"https:\/\/labestiapolitica.com.mx\/index.php?rest_route=\/wp\/v2\/posts\/50486\/revisions\/50488"}],"wp:featuredmedia":[{"embeddable":true,"href":"https:\/\/labestiapolitica.com.mx\/index.php?rest_route=\/wp\/v2\/media\/50487"}],"wp:attachment":[{"href":"https:\/\/labestiapolitica.com.mx\/index.php?rest_route=%2Fwp%2Fv2%2Fmedia&parent=50486"}],"wp:term":[{"taxonomy":"category","embeddable":true,"href":"https:\/\/labestiapolitica.com.mx\/index.php?rest_route=%2Fwp%2Fv2%2Fcategories&post=50486"},{"taxonomy":"post_tag","embeddable":true,"href":"https:\/\/labestiapolitica.com.mx\/index.php?rest_route=%2Fwp%2Fv2%2Ftags&post=50486"}],"curies":[{"name":"wp","href":"https:\/\/api.w.org\/{rel}","templated":true}]}}