{"id":50492,"date":"2025-09-29T21:07:40","date_gmt":"2025-09-30T03:07:40","guid":{"rendered":"https:\/\/labestiapolitica.com.mx\/?p=50492"},"modified":"2025-09-29T21:07:40","modified_gmt":"2025-09-30T03:07:40","slug":"dio-cedht-acompanamiento-a-estudiantes-del-cobat-10-de-apizaco","status":"publish","type":"post","link":"https:\/\/labestiapolitica.com.mx\/?p=50492","title":{"rendered":"Dio CEDHT acompa\u00f1amiento a estudiantes del Cobat 10 de Apizaco."},"content":{"rendered":"<ul>\n<li style=\"text-align: justify;\"><em>El organismo aut\u00f3nomo facilit\u00f3 el di\u00e1logo entre padres y madres de familia, comunidad estudiantil y autoridades educativas de la instituci\u00f3n<\/em><\/li>\n<\/ul>\n<p style=\"text-align: justify;\">Derivado de los hechos ocurridos recientemente en el Plantel 10 del Colegio de Bachilleres, la Comisi\u00f3n Estatal de Derechos Humanos informa que, personal de este organismo aut\u00f3nomo da seguimiento para realizar las acciones necesarias que beneficien a la comunidad de esa instituci\u00f3n educativa.<\/p>\n<p style=\"text-align: justify;\">Asimismo, el personal dio acompa\u00f1amiento y acudi\u00f3 como observador con el objetivo de salvaguardar los derechos de las y los estudiantes, as\u00ed como garantizar espacios de di\u00e1logo pac\u00edfico entre autoridades educativas, representantes de madres y padres de familia y estudiantes.<\/p>\n<p style=\"text-align: justify;\">Durante la manifestaci\u00f3n realizada este 29 de septiembre, se expresaron preocupaciones leg\u00edtimas relacionadas con la seguridad escolar, la atenci\u00f3n oportuna ante situaciones de riesgo, el respeto a los derechos de las y los estudiantes frente a posibles situaciones de acoso, y la necesidad de establecer protocolos claros y efectivos que protejan la integridad f\u00edsica y emocional de la comunidad estudiantil.<\/p>\n<p style=\"text-align: justify;\">En la mesa de di\u00e1logo participaron autoridades acad\u00e9micas y administrativas del Colegio de Bachilleres, representantes de la Secretar\u00eda de Gobernaci\u00f3n en el \u00e1mbito estatal y municipal, as\u00ed como mandos de la seguridad p\u00fablica municipal, quienes manifestaron su disposici\u00f3n a escuchar y atender las peticiones planteadas por la comunidad.<\/p>\n<p style=\"text-align: justify;\">La Comisi\u00f3n Estatal de Derechos Humanos subraya que el enfoque de derechos humanos y la perspectiva de g\u00e9nero deben guiar todas las acciones institucionales para garantizar que cada estudiante, sin distinci\u00f3n, pueda desarrollarse en un entorno educativo seguro, inclusivo y libre de violencias.<\/p>\n<p style=\"text-align: justify;\">Asimismo, en la reuni\u00f3n se hizo \u00e9nfasis en la importancia de que no existan represalias hacia quienes ejercieron su derecho a la manifestaci\u00f3n y a la libre expresi\u00f3n.<\/p>\n<p style=\"text-align: justify;\">Este Organismo continuar\u00e1 dando puntual seguimiento a los compromisos asumidos por las autoridades educativas, a fin de que las denuncias sean atendidas de manera confidencial y con seriedad, y de que las medidas adoptadas contribuyan a fortalecer una cultura de paz, respeto y protecci\u00f3n integral de los derechos de ni\u00f1as, ni\u00f1os y adolescentes en el \u00e1mbito escolar.<\/p>\n<p style=\"text-align: justify;\">Como parte del seguimiento, la CEDHT proporcionar\u00e1 capacitaci\u00f3n en materia de derechos humanos al personal de la instituci\u00f3n educativa.<\/p>\n<p>&nbsp;<\/p>\n<p><img loading=\"lazy\" decoding=\"async\" class=\"alignnone size-full wp-image-28405\" src=\"https:\/\/labestiapolitica.com.mx\/wp-content\/uploads\/2024\/06\/U-NOVA-y-se-diferente.png\" alt=\"\" width=\"1000\" height=\"600\" srcset=\"https:\/\/labestiapolitica.com.mx\/wp-content\/uploads\/2024\/06\/U-NOVA-y-se-diferente.png 1000w, https:\/\/labestiapolitica.com.mx\/wp-content\/uploads\/2024\/06\/U-NOVA-y-se-diferente-300x180.png 300w, https:\/\/labestiapolitica.com.mx\/wp-content\/uploads\/2024\/06\/U-NOVA-y-se-diferente-768x461.png 768w\" sizes=\"auto, (max-width: 1000px) 100vw, 1000px\" \/><\/p>\n","protected":false},"excerpt":{"rendered":"<p>El organismo aut\u00f3nomo facilit\u00f3 el di\u00e1logo entre padres y madres de familia, comunidad estudiantil y autoridades educativas de la instituci\u00f3n Derivado de los hechos ocurridos recientemente en el Plantel 10 del Colegio de Bachilleres, la Comisi\u00f3n Estatal de Derechos Humanos informa que, personal de este organismo aut\u00f3nomo da seguimiento para realizar las acciones necesarias que [&hellip;]<\/p>\n","protected":false},"author":3,"featured_media":50493,"comment_status":"open","ping_status":"open","sticky":false,"template":"","format":"standard","meta":{"footnotes":""},"categories":[7,232],"tags":[],"class_list":["post-50492","post","type-post","status-publish","format-standard","has-post-thumbnail","hentry","category-ciudadanos","category-derechos-humanos-tlaxcala"],"amp_enabled":true,"_links":{"self":[{"href":"https:\/\/labestiapolitica.com.mx\/index.php?rest_route=\/wp\/v2\/posts\/50492","targetHints":{"allow":["GET"]}}],"collection":[{"href":"https:\/\/labestiapolitica.com.mx\/index.php?rest_route=\/wp\/v2\/posts"}],"about":[{"href":"https:\/\/labestiapolitica.com.mx\/index.php?rest_route=\/wp\/v2\/types\/post"}],"author":[{"embeddable":true,"href":"https:\/\/labestiapolitica.com.mx\/index.php?rest_route=\/wp\/v2\/users\/3"}],"replies":[{"embeddable":true,"href":"https:\/\/labestiapolitica.com.mx\/index.php?rest_route=%2Fwp%2Fv2%2Fcomments&post=50492"}],"version-history":[{"count":1,"href":"https:\/\/labestiapolitica.com.mx\/index.php?rest_route=\/wp\/v2\/posts\/50492\/revisions"}],"predecessor-version":[{"id":50494,"href":"https:\/\/labestiapolitica.com.mx\/index.php?rest_route=\/wp\/v2\/posts\/50492\/revisions\/50494"}],"wp:featuredmedia":[{"embeddable":true,"href":"https:\/\/labestiapolitica.com.mx\/index.php?rest_route=\/wp\/v2\/media\/50493"}],"wp:attachment":[{"href":"https:\/\/labestiapolitica.com.mx\/index.php?rest_route=%2Fwp%2Fv2%2Fmedia&parent=50492"}],"wp:term":[{"taxonomy":"category","embeddable":true,"href":"https:\/\/labestiapolitica.com.mx\/index.php?rest_route=%2Fwp%2Fv2%2Fcategories&post=50492"},{"taxonomy":"post_tag","embeddable":true,"href":"https:\/\/labestiapolitica.com.mx\/index.php?rest_route=%2Fwp%2Fv2%2Ftags&post=50492"}],"curies":[{"name":"wp","href":"https:\/\/api.w.org\/{rel}","templated":true}]}}